{"id":106668,"date":"2020-12-07T18:04:20","date_gmt":"2020-12-07T23:04:20","guid":{"rendered":"https:\/\/linitiative.ca\/International\/an-27-deces-fhb-le-rhdp-et-le-pdci-se-recueillent-a-la-paroisse-saint-jean-dabidjan\/"},"modified":"2020-12-07T18:04:20","modified_gmt":"2020-12-07T23:04:20","slug":"an-27-deces-fhb-le-rhdp-et-le-pdci-se-recueillent-a-la-paroisse-saint-jean-dabidjan","status":"publish","type":"post","link":"https:\/\/linitiative.ca\/International\/an-27-deces-fhb-le-rhdp-et-le-pdci-se-recueillent-a-la-paroisse-saint-jean-dabidjan\/","title":{"rendered":"An 27 d\u00e9c\u00e8s FHB: le Rhdp et le Pdci se recueillent \u00e0 la paroisse Saint-Jean d\u2019Abidjan"},"content":{"rendered":"<div readability=\"32\">\n<p>Publi\u00e9 le 08.12.2020 \u00e0 00h18 par APA News<\/p>\n<\/div>\n<div readability=\"105\">\n<p>Le Rassemblement des Houphou\u00ebtistes pour la d\u00e9mocratie et la paix (Rhdp, pouvoir) et le Parti d\u00e9mocratique de C\u00f4te d\u2019Ivoire (Pdci, ex-alli\u00e9), se sont recueillis lundi, successivement, \u00e0 la paroisse Saint-Jean de Cocody, dans l\u2019Est d\u2019Abidjan, en comm\u00e9moration du 27e anniversaire du d\u00e9c\u00e8s de F\u00e9lix Houphou\u00ebt-Boigny, dont ils se r\u00e9clament de l\u2019id\u00e9ologie politique.Le Rhdp, conduit par son directeur ex\u00e9cutif, Adama Bictogo, a rendu hommage \u00e0 feu F\u00e9lix Houphou\u00ebt-Boigny, lors d\u2019une messe d\u2019actions de gr\u00e2ces, dans la matin\u00e9e, \u00e0 la paroisse Saint-Jean de Cocody, o\u00f9 \u00e9taient pr\u00e9sents des membres du gouvernement et d\u2019institutions.<\/p>\n<p>Pour M. Adama Bictogo, cette messe de comm\u00e9moration \u00ab\u00a0permet \u00e0 tous les Ivoiriens de se souvenir de ce grand homme de paix, le p\u00e8re de la nation\u00a0\u00bb. Le Rhdp, \u00ab\u00a0habit\u00e9 de ses vertus de paix, de dialogue et de tol\u00e9rance\u00a0\u00bb, vient ainsi c\u00e9l\u00e9brer sa m\u00e9moire.\u00a0<\/p>\n<p>Il a fait observer que l\u2019actuel chef de l\u2019Etat, Alassane Ouattara, \u00ab\u00a0fut le seul Premier ministre de feu F\u00e9lix Houphou\u00ebt-Boigny (\u2026) et est le prolongement de l\u2019houpou\u00ebtisme\u00a0\u00bb, insinuant qu\u2019il est l\u2019h\u00e9ritier politique de celui qui fut le premier pr\u00e9sident ivoirien.<\/p>\n<p>L\u2019ancien pr\u00e9sident Henri Konan B\u00e9di\u00e9, chef du Pdci, le parti politique fond\u00e9 par feu F\u00e9lix Houphou\u00ebt-Boigny, a pris part \u00e0 une messe d\u2019actions de gr\u00e2ces en hommage \u00e0 son mentor, \u00e0 la paroisse Saint-Jean de Cocody, dans l\u2019apr\u00e8s-midi avec des cadres et partisans de sa formation.\u00a0<\/p>\n<p>Le Pdci et le Rhdp qui se r\u00e9clament de l\u2019houpou\u00ebtisme, les id\u00e9ologies du premier pr\u00e9sident ivoirien, sont aujourd\u2019hui oppos\u00e9s sur le plan politique. Autrefois, alli\u00e9s ils co-g\u00e9raient les affaires du pays, mais actuellement chacun cherche \u00e0 contr\u00f4ler le pouvoir d\u2019Etat.\u00a0<\/p>\n<p>M. Alassane Ouattara, pr\u00e9sident du Rhdp a \u00e9t\u00e9 r\u00e9\u00e9lu \u00e0 l\u2019issue du scrutin pr\u00e9sidentiel du 31 octobre 2020, des joutes \u00e9lectorales r\u00e9cus\u00e9es par le Pdci et d\u2019autres partis de l\u2019opposition, estimant que sa candidature \u00e9tait ill\u00e9gale et les conditions n\u2019\u00e9taient pas r\u00e9unies pour une \u00e9lection cr\u00e9dible.<\/p>\n<p>L\u2019opposition avait appel\u00e9 \u00e0 la d\u00e9sob\u00e9issance civile et \u00e0 un boycott actif de l\u2019\u00e9lection pr\u00e9sidentielle, ce qui a cr\u00e9\u00e9 des violences et des pertes en vies humaines. Le 11 novembre, MM. B\u00e9di\u00e9 et Ouattara se sont rencontr\u00e9s, ce qui a bris\u00e9 le mur de glace.<\/p>\n<p>Les deux personnalit\u00e9s politiques ont convenu de se parler aux fins de trouver une issue \u00e0 la crise li\u00e9e \u00e0 l\u2019\u00e9lection pr\u00e9sidentielle du 31 octobre 2020. L\u2019opposition exige la lib\u00e9ration de certains de ses leaders, incarc\u00e9r\u00e9s suite \u00e0 la mise en place d\u2019un Comit\u00e9 national de transition, sens\u00e9 se substituer aux institutions en place.\u00a0<\/p>\n<\/div>\n<p>Auteur: APA News<br \/>\n<a href=\"https:\/\/www.journalducameroun.com\/an-27-deces-fhb-le-rhdp-et-le-pdci-se-recueillent-a-la-paroisse-saint-jean-dabidjan\/\">Cliquez ici pour lire l&rsquo;article depuis sa source.<\/a><\/p>\n","protected":false},"excerpt":{"rendered":"<p>Publi\u00e9 le 08.12.2020 \u00e0 00h18 par APA News Le Rassemblement des Houphou\u00ebtistes pour la d\u00e9mocratie et la paix (Rhdp, pouvoir) et le Parti d\u00e9mocratique de C\u00f4te d\u2019Ivoire (Pdci, ex-alli\u00e9), se sont recueillis lundi, successivement, \u00e0 la paroisse Saint-Jean de Cocody, dans l\u2019Est d\u2019Abidjan, en comm\u00e9moration du 27e anniversaire du d\u00e9c\u00e8s de F\u00e9lix Houphou\u00ebt-Boigny, dont ils [&hellip;]<\/p>\n","protected":false},"author":1965,"featured_media":0,"comment_status":"closed","ping_status":"closed","sticky":false,"template":"","format":"standard","meta":{"fifu_image_url":"","fifu_image_alt":"","footnotes":""},"categories":[73,82],"tags":[],"class_list":["post-106668","post","type-post","status-publish","format-standard","hentry","category-actualite","category-cameroun"],"_links":{"self":[{"href":"https:\/\/linitiative.ca\/International\/wp-json\/wp\/v2\/posts\/106668","targetHints":{"allow":["GET"]}}],"collection":[{"href":"https:\/\/linitiative.ca\/International\/wp-json\/wp\/v2\/posts"}],"about":[{"href":"https:\/\/linitiative.ca\/International\/wp-json\/wp\/v2\/types\/post"}],"author":[{"embeddable":true,"href":"https:\/\/linitiative.ca\/International\/wp-json\/wp\/v2\/users\/1965"}],"replies":[{"embeddable":true,"href":"https:\/\/linitiative.ca\/International\/wp-json\/wp\/v2\/comments?post=106668"}],"version-history":[{"count":0,"href":"https:\/\/linitiative.ca\/International\/wp-json\/wp\/v2\/posts\/106668\/revisions"}],"wp:attachment":[{"href":"https:\/\/linitiative.ca\/International\/wp-json\/wp\/v2\/media?parent=106668"}],"wp:term":[{"taxonomy":"category","embeddable":true,"href":"https:\/\/linitiative.ca\/International\/wp-json\/wp\/v2\/categories?post=106668"},{"taxonomy":"post_tag","embeddable":true,"href":"https:\/\/linitiative.ca\/International\/wp-json\/wp\/v2\/tags?post=106668"}],"curies":[{"name":"wp","href":"https:\/\/api.w.org\/{rel}","templated":true}]}}