{"id":106670,"date":"2020-12-07T09:44:15","date_gmt":"2020-12-07T14:44:15","guid":{"rendered":"https:\/\/linitiative.ca\/International\/barrage-hydroelectriques-le-gouvernement-lache-lagdo\/"},"modified":"2020-12-07T09:44:15","modified_gmt":"2020-12-07T14:44:15","slug":"barrage-hydroelectriques-le-gouvernement-lache-lagdo","status":"publish","type":"post","link":"https:\/\/linitiative.ca\/International\/barrage-hydroelectriques-le-gouvernement-lache-lagdo\/","title":{"rendered":"Barrage hydro\u00e9lectriques : le gouvernement l\u00e2che Lagdo"},"content":{"rendered":"<p>Malgr\u00e9 les tr\u00e9sors de diplomatie qu\u2019ils ont mobilis\u00e9s, les auteurs de la correspondance \u00e9crite le 5 novembre 2020 depuis Maroua (chef-lieu de la r\u00e9gion de l\u2019Extr\u00eame-Nord) par les responsables du Collectif Septentrion Veille-Citoyenne au chef de l\u2019Etat, Paul Biya, ne sont pas parvenus \u00e0 dissimuler leur agacement face \u00e0 ce qu\u2019ils nomment \u00abcoupures intempestives du courant\u00bb. Selon les r\u00e9dacteurs de la correspondance, les d\u00e9lestages de courant \u00e9lectrique que connaissent habituellement les r\u00e9gions septentrionales du Cameroun sont sans commune mesure avec ce qui s\u2019y passe en ce moment : \u00ab<em>Le Septentrion, depuis plus de 50 ans, n\u2019a jamais connu des d\u00e9lestages de cette envergure, qui plongent les populations de la r\u00e9gion, d\u00e9j\u00e0 frapp\u00e9es par les effets du Covid-19, dans la pr\u00e9carit\u00e9 \u00e9nerg\u00e9tique, en plus de la pauvret\u00e9 dans laquelle elles vivent<\/em>\u00bb, \u00e9crivent-t-ils. Ils prient en cons\u00e9quence leur destinataire de \u00ab<em>faire en sorte que les d\u00e9lestages cessent dans cette partie du pays, et que le courant \u00e9lectrique soit fourni de mani\u00e8re r\u00e9guli\u00e8re aussi bien en milieu urbain que rural, (et) de veiller \u00e0 ce qu\u2019une solution durable soit trouv\u00e9e pour ramener le barrage de Lagdo \u00e0 un \u00e9tat de fonctionnement normal<\/em>\u00bb, entre autres.<\/p>\n<p><strong>Lire aussi<\/strong> : \u00a0<a href=\"https:\/\/ecomatin.net\/barrage-hydroelectrique-le-cas-lagdo-preoccupe\/\">Barrage de Lagdo\u00a0: le cas de Lagdo pr\u00e9occupe<\/a><\/p>\n<p>\u00abLes r\u00e9gions de l\u2019Adamaoua, du Nord et de l\u2019Extr\u00eame-Nord sont confront\u00e9es depuis quelques semaines \u00e0 des rationnements de l\u2019\u00e9nergie \u00e9lectrique du fait d\u2019un d\u00e9s\u00e9quilibre entre l\u2019offre et la demande\u00bb reconna\u00eet une note officielle faisant le point sur la fourniture en \u00e9lectricit\u00e9 dans le R\u00e9seau Interconnect\u00e9 Nord (RIN) dont EcoMatin a pu obtenir copie. \u00abEn effet, poursuit la note, au terme de la saison des pluies qui s\u2019est achev\u00e9e au mois de septembre 2020 dans la r\u00e9gion du Nord et dans le bassin hydrographique de la B\u00e9nou\u00e9, il a \u00e9t\u00e9 constat\u00e9 un niveau de remplissage anormalement bas du barrage hydro\u00e9lectrique de Lagdo situ\u00e9 dans le bassin de la B\u00e9nou\u00e9 dans la r\u00e9gion du Nord\u00bb.<\/p>\n<p>\u00abCeci est confirm\u00e9 par l\u2019\u00e9valuation de la ressource en eau du barrage au 15 novembre 2020, qui d\u00e9montre que le volume d\u2019eau disponible est de 2 milliards de m3. Alors qu\u2019il y a de cela une ann\u00e9e, en novembre 2019, le barrage disposait de 4 milliards de m3 d\u2019eau. Soit un d\u00e9ficit de 2 milliards de m3\u00bb, pr\u00e9cise la note. Selon cette derni\u00e8re, de mani\u00e8re globale, les villes de Garoua, de Lagdo et les localit\u00e9s environnantes, ont connu des apports en eau en 2020 extr\u00eamement faibles. Le barrage de Lagdo a eu un taux de remplissage de 48% au cours de la saison des pluies 2020, \u00abalors qu\u2019au terme de la saison des pluies 2019, le taux de remplissage \u00e9tait de 105%\u00bb, rappelle le gouvernement dans cette note.<\/p>\n<p><strong>Lire aussi<\/strong> : <a href=\"https:\/\/ecomatin.net\/mutation-petits-pas-pour-eneo-grands-pas-pour-lelectricite-au-cameroun\/\">Mutations\u00a0: petits pas pour Eneo, grands pas pour l\u2019\u00e9lectricit\u00e9 au Cameroun<\/a><\/p>\n<p><strong>D\u00e9mant\u00e8lement<\/strong><\/p>\n<p>Dans l\u2019optique de circonvenir les effets de cette perte de puissance, le ministre de l\u2019Eau et de l\u2019Energie, Gaston Eloundou Essomba a dans l\u2019urgence, instruit le distributeur Eneo de mettre \u00e0 contribution quotidiennement les centrales thermiques de Garoua et de Maroua. \u00abMalgr\u00e9 cette contribution, il subsiste un d\u00e9ficit de 15 \u00e0 20 MW dans les r\u00e9gions septentrionales, occasionnant ainsi des rationnements journaliers d\u2019\u00e9nergie \u00e9lectrique\u00bb, reconna\u00eet le gouvernement, qui a d\u00fb autoriser le d\u00e9mant\u00e8lement d\u2019une partie de la centrale thermique d\u2019Ahala (20 MW) \u00e0 Yaound\u00e9 \u00e0 l\u2019effet de renforcer l\u2019offre de production dans les r\u00e9gions de l\u2019Adamaoua, du Nord et de l\u2019Extr\u00eame-Nord.<\/p>\n<p>\u00abLe processus de transfert de cette capacit\u00e9 de 20 MW de la ville de Yaound\u00e9 a d\u2019ores et d\u00e9j\u00e0 d\u00e9but\u00e9 et permettra dans les prochaines semaines, d\u2019installer 12 MW suppl\u00e9mentaires dans la ville de Garoua et 08 MW dans la ville de Ngaound\u00e9r\u00e9\u00bb, \u00e9crit le gouvernement, qui assure que \u00abcette configuration dotera les r\u00e9gions de l\u2019Adamaoua, du Nord et de l\u2019Extr\u00eame-Nord d\u2019outils de production devant assurer un \u00e9quilibre entre l\u2019offre et la demande en \u00e9lectricit\u00e9\u00bb. Depuis le 24 novembre 2020, selon Eneo, 23 de ses groupes sont en effet en cours de d\u00e9mant\u00e8lement au quartier Ahala \u00e0 Yaound\u00e9 en vue de leur transf\u00e8rement vers la partie septentrionale du pays. Deux jours apr\u00e8s le d\u00e9but de ce d\u00e9mant\u00e8lement, le directeur central de la Production de Eneo Cameroon, Leslie Chebienka \u00e9tait dans le Septentrion pour y galvaniser les \u00e9quipes de l\u2019\u00e9nerg\u00e9ticien camerounais, confront\u00e9es \u00e0 cette situation.<\/p>\n<p><strong>Lire aussi<\/strong> : \u00a0<a href=\"https:\/\/ecomatin.net\/interrogations-sur-la-reduction-des-delestages-declares-par-eneo\/\">Interrogations sur la r\u00e9duction des d\u00e9lestages d\u00e9clar\u00e9s par Eneo<\/a><\/p>\n<p>Au-del\u00e0 de cette crise hydrologique conjoncturelle, la puissance garantie de la centrale de Lagdo est en d\u00e9crochage depuis des d\u00e9cennies, sous l\u2019effet combin\u00e9 de plusieurs facteurs structurels\u00a0: refroidissement de l\u2019eau, ensablement\u2026<\/p>\n<p>En 2018, et \u00e0 la demande du pr\u00e9sident de la R\u00e9publique, Paul Biya (qui avait inaugur\u00e9 la centrale de Lagdo en 1986),\u00a0Electricity Development Corporation (EDC) avait r\u00e9alis\u00e9 une \u00e9tude la r\u00e9habilitation de cet ouvrage, \u00e9tude assortie de propositions et de recommandations en vue d\u2019am\u00e9liorer la puissance garantie de ce barrage. Cette \u00e9tude est rest\u00e9e lettre morte jusqu\u2019\u00e0 ce jour. \u00abEt ce n\u2019est pas faute de moyens\u00bb, se d\u00e9sole une source \u00e0 EDC, qui assure que \u00abla r\u00e9habilitation de ce barrage aurait pu s\u00e9curiser de mani\u00e8re durable l\u2019offre d\u2019\u00e9nergie \u00e9lectrique dans toute la partie septentrionale du pays\u00bb.<\/p>\n<p><strong>Oubli \u00abPremier minist\u00e9riel\u00bb<\/strong><\/p>\n<p>Le probl\u00e8me c\u2019est que curieusement, le projet de r\u00e9habilitation de cet ouvrage (estim\u00e9 \u00e0 100 milliards Fcfa par le minist\u00e8re en charge de l\u2019Energie), qui a connu une \u00e9volution ces derniers mois avec l\u2019entr\u00e9e en lice de trois autres entreprises (General Electric, Sinohydro et CWE, en plus de Voith) pour sa contractualisation, est compl\u00e8tement sorti du discours public du gouvernement. Lors de son passage devant la Commission des finances et du budget de l\u2019Assembl\u00e9e nationale hier 1<sup>er<\/sup>\u00a0d\u00e9cembre 2020 pour y pr\u00e9senter de mani\u00e8re exhaustive et d\u00e9fendre le rapport d\u2019activit\u00e9s 2020 et le plan d\u2019action 2021 du d\u00e9partement minist\u00e9riel qu\u2019il dirige, le ministre de l\u2019Eau et de l\u2019\u00c9nergie, Gaston Eloundou Essomba, n\u2019a pas consacr\u00e9 un seul mot \u00e0 ce projet de r\u00e9habilitation. Ce projet ne figure donc pas au chapitre de ceux auxquels ses \u00e9quipes et lui vont s\u2019atteler au cours de l\u2019ann\u00e9e prochaine.<\/p>\n<p><strong>Lire aussi<\/strong> : <a href=\"https:\/\/ecomatin.net\/production-delectricite-edc-garant-des-quatre-barrages-reservoirs-du-cameroun\/\">Production d\u2019\u00e9lectricit\u00e9\u00a0: EDC\u00a0garant des quatre barrages r\u00e9servoirs du Cameroun<\/a><\/p>\n<p>Le projet de r\u00e9habilitation de ce barrage ne figure pas non plus dans le programme \u00e9conomique, financier, social et culturel du gouvernement pour l\u2019exercice 2021, pr\u00e9sent\u00e9 aux d\u00e9put\u00e9s par le Premier ministre chef du gouvernement, Joseph Dion Ngute, le 25 novembre dernier. De ce volumineux document, que le chef du gouvernement veut le plus exhaustif possible-quitte \u00e0 perdre en clart\u00e9 et en pertinence-et qu\u2019il a pr\u00e9sent\u00e9 en une heure et quinze minutes, pas un mot n\u2019a \u00e9t\u00e9 r\u00e9serv\u00e9 \u00e0 ce barrage. Et c\u2019\u00e9tait d\u00e9j\u00e0 le cas un an plus t\u00f4t, lorsque Joseph Dion Ngute pr\u00e9sentait le programme de son gouvernement pour 2020. \u00abL\u2019oubli\u00bb du Premier ministre au sujet de Lagdo il y a un an est d\u2019autant plus surprenant que celui-ci a bien fait le point sur le processus de r\u00e9habilitation du barrage de Chidiffi, toujours dans la r\u00e9gion du Nord, et de loin plus modeste que celui de Lagdo, et dont, selon lui, le processus de contractualisation \u00e9tait alors en cours de finalisation.<\/p>\n<p>Dans la Strat\u00e9gie nationale de D\u00e9veloppement 2020-2030 (SND30), qui pr\u00e9sente, entre autres, l\u2019ensemble des actions, projets et programmes qu\u2019il entend conduire durant la d\u00e9cennie en cours, le gouvernement se contente d\u2019annoncer, sans pr\u00e9cisions, son intention de \u00abr\u00e9habiliter certaines infrastructures hydro\u00e9lectriques\u00bb. Mieux, dans son \u00abPlan \u00c9nergie\u00bb d\u00e9cennal dot\u00e9 d\u2019une enveloppe globale de 5855 milliards Fcfa, et qui pr\u00e9sente de mani\u00e8re exhaustive l\u2019ensemble des projets que le gouvernement entend mener \u00e0 bien jusqu\u2019en 2030 dans le domaine de l\u2019\u00e9nergie, nulle mention du projet de r\u00e9habilitation du barrage de Lagdo, alors que des projets de taille budg\u00e9taire plus modeste y sont bien mentionn\u00e9s.<\/p>\n<p><strong>Lire aussi<\/strong> : <a href=\"https:\/\/ecomatin.net\/electricite-edc-veut-etendre-les-reseaux-de-moyenne-et-basse-tensions\/\">Electricit\u00e9\u00a0: EDC veut \u00e9tendre les r\u00e9seaux de moyennes et basses tensions<\/a><\/p>\n<p><strong>Interconnexion Grand-Nord-Sud<\/strong><\/p>\n<p>Dans une interview \u00e0 nos confr\u00e8res de Cameroon Business Today, d\u00e9but septembre 2020, le directeur g\u00e9n\u00e9ral de EDC, Th\u00e9odore Nsangou, assurait pourtant que \u00ab<em>la seule source d\u2019approvisionnement op\u00e9rationnelle (du R\u00e9seau interconnect\u00e9 Nord, ndlr) c\u2019est la centrale de Lagdo<\/em>\u00bb, soulignant ainsi la n\u00e9cessit\u00e9 d\u2019y accorder la plus grande attention.<\/p>\n<p>De mani\u00e8re structurelle, et les statistiques officielles le montrent, l\u2019\u00e9quilibre entre l\u2019offre et la demande en \u00e9lectricit\u00e9 dans le RIN reste particuli\u00e8rement fragile. L\u2019offre est assur\u00e9e par une puissance install\u00e9e de 102 MW r\u00e9partie entre l\u2019am\u00e9nagement hydro\u00e9lectrique de Lagdo (72 MW de capacit\u00e9 install\u00e9e)\u00a0; la centrale thermique de Garoua (20 MW de capacit\u00e9 install\u00e9e)\u00a0; la centrale thermique de Maroua (10 MW). La demande en \u00e9lectricit\u00e9 quant \u00e0 elle, est \u00e9valu\u00e9e \u00e0 65 MW.<\/p>\n<p>Face \u00e0 l\u2019urgence qu\u2019impose cette situation, le gouvernement voudrait, selon Th\u00e9odore Nsangou, installer des centrales thermiques \u00e0 Maroua ou \u00e0 Guider. Lorsqu\u2019il pr\u00e9sentait le programme \u00e9conomique, financier, social et culturel du gouvernement pour l\u2019exercice 2020 aux d\u00e9put\u00e9s, le Premier ministre avait en effet annonc\u00e9, le 29 novembre 2019, \u00ab<em>la construction de centrales solaires dans certaines localit\u00e9s situ\u00e9es dans les r\u00e9gions septentrionales, notamment \u00e0 Maroua, Guider, Ngaound\u00e9r\u00e9 et Garoua, pour une capacit\u00e9 totale de 75 M\u00e9gawatts<\/em>\u00bb. Un an plus tard, au moment de r\u00e9p\u00e9ter le m\u00eame exercice pour l\u2019ann\u00e9e 2021 devant les m\u00eames interlocuteurs, Joseph Dion Ngute n\u2019a m\u00eame plus \u00e9voqu\u00e9 ces projets\u2026<\/p>\n<p><strong>Lire aussi<\/strong> : \u00a0<a href=\"https:\/\/ecomatin.net\/service-clients-eneo-met-sur-pied-le-guichet-unique-industriels\/\">Service\u00a0clients : Eneo mets sur pied le guichet unique industriel<\/a><\/p>\n<p>\u00ab<em>Nous pensons, avec d\u2019autres acteurs, que la solution finale pour s\u00e9curiser d\u00e9finitivement la partie septentrionale de notre pays, c\u2019est l\u2019interconnexion entre le Grand-Nord et le Sud, \u00e0 partir de centrales comme celles de Grand Ewin ou Kikot sur la Sanaga par les lignes 400 KW<\/em>\u00bb, soutenait Th\u00e9odore Nsangou dans l\u2019interview \u00e0 nos confr\u00e8res de Cameroon Business Today.<\/p>\n<p>Auteur: Serge BONTSEBE<br \/>\n<a href=\"https:\/\/ecomatin.net\/barrage-hydroelectriques-le-gouvernement-lache-lagdo\/\">Cliquez ici pour lire l&rsquo;article depuis sa source.<\/a><\/p>\n","protected":false},"excerpt":{"rendered":"<p>Malgr\u00e9 les tr\u00e9sors de diplomatie qu\u2019ils ont mobilis\u00e9s, les auteurs de la correspondance \u00e9crite le 5 novembre 2020 depuis Maroua (chef-lieu de la r\u00e9gion de l\u2019Extr\u00eame-Nord) par les responsables du Collectif Septentrion Veille-Citoyenne au chef de l\u2019Etat, Paul Biya, ne sont pas parvenus \u00e0 dissimuler leur agacement face \u00e0 ce qu\u2019ils nomment \u00abcoupures intempestives du [&hellip;]<\/p>\n","protected":false},"author":1969,"featured_media":0,"comment_status":"closed","ping_status":"closed","sticky":false,"template":"","format":"standard","meta":{"fifu_image_url":"","fifu_image_alt":"","footnotes":""},"categories":[82,78],"tags":[],"class_list":["post-106670","post","type-post","status-publish","format-standard","hentry","category-cameroun","category-economie"],"_links":{"self":[{"href":"https:\/\/linitiative.ca\/International\/wp-json\/wp\/v2\/posts\/106670","targetHints":{"allow":["GET"]}}],"collection":[{"href":"https:\/\/linitiative.ca\/International\/wp-json\/wp\/v2\/posts"}],"about":[{"href":"https:\/\/linitiative.ca\/International\/wp-json\/wp\/v2\/types\/post"}],"author":[{"embeddable":true,"href":"https:\/\/linitiative.ca\/International\/wp-json\/wp\/v2\/users\/1969"}],"replies":[{"embeddable":true,"href":"https:\/\/linitiative.ca\/International\/wp-json\/wp\/v2\/comments?post=106670"}],"version-history":[{"count":0,"href":"https:\/\/linitiative.ca\/International\/wp-json\/wp\/v2\/posts\/106670\/revisions"}],"wp:attachment":[{"href":"https:\/\/linitiative.ca\/International\/wp-json\/wp\/v2\/media?parent=106670"}],"wp:term":[{"taxonomy":"category","embeddable":true,"href":"https:\/\/linitiative.ca\/International\/wp-json\/wp\/v2\/categories?post=106670"},{"taxonomy":"post_tag","embeddable":true,"href":"https:\/\/linitiative.ca\/International\/wp-json\/wp\/v2\/tags?post=106670"}],"curies":[{"name":"wp","href":"https:\/\/api.w.org\/{rel}","templated":true}]}}