{"id":106671,"date":"2020-12-07T10:16:42","date_gmt":"2020-12-07T15:16:42","guid":{"rendered":"https:\/\/linitiative.ca\/International\/protection-de-lenvironnement-nestle-sengage-a-reduire-son-impact-carbone-dici-2030\/"},"modified":"2020-12-07T10:16:42","modified_gmt":"2020-12-07T15:16:42","slug":"protection-de-lenvironnement-nestle-sengage-a-reduire-son-impact-carbone-dici-2030","status":"publish","type":"post","link":"https:\/\/linitiative.ca\/International\/protection-de-lenvironnement-nestle-sengage-a-reduire-son-impact-carbone-dici-2030\/","title":{"rendered":"Protection de l\u2019environnement : Nestl\u00e9 s\u2019engage \u00e0 r\u00e9duire son impact carbone d\u2019ici 2030"},"content":{"rendered":"<p>Dans un communiqu\u00e9 rendu public le 03 d\u00e9cembre 2020 la soci\u00e9t\u00e9 agroalimentaire Nestl\u00e9, informe qu\u2019elle s\u2019engage \u00e0 r\u00e9duire de moiti\u00e9 ses \u00e9missions de carbone d\u2019ici 2030. Ceci en tant que signataire de l\u2019engagement des Nations-Unies \u00abBusiness Ambition for 1.5\u00b0C\u00a0\u00bb. L\u2019on envisage alors passer de 92 millions de tonnes de CO2 \u00e9mis en 2018, \u00e0 0% d\u2019\u00e9mission nette d\u2019ici\u00a0\u00a02050. Pour parvenir \u00e0 ses objectifs l\u2019entreprise va mener des actions cibl\u00e9es dans les 800 sites des 187 pays dans lesquels elle est implant\u00e9e, \u00e0 travers un plan d\u2019action qui couvre les secteurs de l\u2019agriculture, de l\u2019\u00e9nergie et de l\u2019agroalimentaire.<\/p>\n<p><strong>Lire aussi<\/strong> : <a href=\"https:\/\/ecomatin.net\/droits-sociaux-20-millions-de-fcfa-divisent-nestle-cameroun-s-a-et-14-ex-employes\/\">Droits sociaux\u00a0: 20 millions de FCFA divisent Nestl\u00e9 Cameroun S.A et 14 ex employ\u00e9s<\/a><\/p>\n<p>Dans le secteur agricole,\u00a0\u00a0le projet entrevoit un soutien aux agriculteurs et aux fournisseurs pour faire avancer l\u2019agriculture r\u00e9g\u00e9n\u00e9ratrice. L\u2019ambition \u00e9tant la mise en terre de centaines de millions d\u2019arbres au cours des dix prochaines ann\u00e9es. Pour se faire, elle entretient d\u00e9j\u00e0 une collaboration avec 500 000 agriculteurs et 150 000 fournisseurs, auxquels elle apporte un appui dans la mise en \u0153uvre des pratiques d\u2019agriculture r\u00e9g\u00e9n\u00e9ratrice. Nestl\u00e9 pr\u00e9voit donc d\u2019acheter d\u2019ici 2030, 14 millions de tonnes d\u2019ingr\u00e9dients issus de cette agriculture afin d\u2019encourager la bonne pratique. De plus pour s\u2019assurer une meilleure qualit\u00e9 de culture, avec des rendements plus \u00e9lev\u00e9s et une nette am\u00e9lioration de la biodiversit\u00e9 et la sant\u00e9 des sols, 20\u00a0\u00a0millions d\u2019arbres seront planter chaque ann\u00e9e pendant dix ans et utiliser d\u2019ici 2022 des mati\u00e8res premi\u00e8res (huile de palme et soja) non issu de la d\u00e9forestation en cr\u00e9ant pour ses partenaires des revenus plus s\u00fbrs et plus \u00e9lev\u00e9s.\u00a0\u00a0<\/p>\n<p>Dans le secteur \u00e9nerg\u00e9tique, Nestl\u00e9 pr\u00e9voit d\u2019achever sa transition vers une utilisation de 100% d\u2019\u00e9lectricit\u00e9 renouvelable au cours des cinq prochaines ann\u00e9es avec le remplacement de son parc automobile d\u2019ici 2022 avec des options plus soucieuses de la nature et \u00e0 faible \u00e9mission. Enfin dans le secteur agroalimentaire, pour ce qui est de son portefeuille de produit elle atteindra d\u2019ici 2022 la neutralit\u00e9 carbone, pour\u00a0\u00a0les gammes d\u2019aliments d\u2019origine v\u00e9g\u00e9tales (Garden Gourmet et Garden of life) et 2025 pour les produits d\u2019origine v\u00e9g\u00e9tale.<\/p>\n<p><strong>Lire aussi<\/strong> : <a href=\"https:\/\/ecomatin.net\/mauricio-alarcon-est-le-nouveau-pdg-de-nestle-afrique-centrale-et-de-louest\/\">Mauricio Alarcon est le nouveau PDG de Nestl\u00e9 Afrique Centrale et de l\u2019Ouest<\/a><\/p>\n<p>L\u2019enveloppe globale d\u2019investissement d\u00e9di\u00e9e\u00a0\u00a0\u00e0 ce projet se chiffre \u00e0 3.2 milliards de CHF (Francs suisse), soit 1 939,84 milliards de Fcfa, pour les cinq ann\u00e9es \u00e0 venir dont 1.2 milliards CHF (727,44 milliards) consacr\u00e9 \u00e0 la stimulation de l\u2019agriculture r\u00e9g\u00e9n\u00e9ratrice dans l\u2019ensemble de sa chaine d\u2019approvisionnement. \u00ab\u00a0<em>Avec pr\u00e8s de deux tirs de nos \u00e9missions provenant de l\u2019agriculture, il est claire que l\u2019agriculture r\u00e9g\u00e9n\u00e9ratrice et la reforestation sont au centre de nos efforts pour atteindre l\u2019objectif z\u00e9ro \u00e9mission nette. Ces efforts r\u00e9duiront les \u00e9missions et am\u00e9lioreront la biodiversit\u00e9 \u00e0 grande \u00e9chelle<\/em>\u00bb, confie Magdi Batato Directeur G\u00e9n\u00e9ral et Chef des op\u00e9rations de Nestl\u00e9.\u00a0\u00a0\u00a0\u00a0<\/p>\n<p><strong>\u00abBusiness Ambition for 1.5\u00b0C\u00bb<\/strong><\/p>\n<p>S\u2019agissant de l\u2019engagement des Nations-Unies \u00abBusiness Ambition for 1.5\u00b0C\u00bb, il a \u00e9t\u00e9 lanc\u00e9 le 13 juin 2019 par une coalition port\u00e9 par le Global Compact des Nations Unies, l\u2019initiative Sciences Based Target (Sbti) et WE Mean Business. Il invite alors les entreprises du secteur priv\u00e9 \u00e0 apporter leur part de contribution \u00e0 la r\u00e9duction des \u00e9missions de gaz \u00e0 effet de serre afin de limiter les impacts du changement climatique.<\/p>\n<p><strong>Lire aussi<\/strong> : <a href=\"https:\/\/ecomatin.net\/nestle-cameroun-veut-recycler-100-tonnes-de-dechets-plastiques-en-2020\/\">D\u00e9chets plastiques\u00a0: Nestl\u00e9 Cameroun s\u2019engage \u00e0 collecter 100 tonnes<\/a><\/p>\n<p>Auteur: Guy Maxime BANYOLAK<br \/>\n<a href=\"https:\/\/ecomatin.net\/protection-de-lenvironnement-nestle-sengage-a-reduire-son-impact-carbone-dici-2030\/\">Cliquez ici pour lire l&rsquo;article depuis sa source.<\/a><\/p>\n","protected":false},"excerpt":{"rendered":"<p>Dans un communiqu\u00e9 rendu public le 03 d\u00e9cembre 2020 la soci\u00e9t\u00e9 agroalimentaire Nestl\u00e9, informe qu\u2019elle s\u2019engage \u00e0 r\u00e9duire de moiti\u00e9 ses \u00e9missions de carbone d\u2019ici 2030. Ceci en tant que signataire de l\u2019engagement des Nations-Unies \u00abBusiness Ambition for 1.5\u00b0C\u00a0\u00bb. L\u2019on envisage alors passer de 92 millions de tonnes de CO2 \u00e9mis en 2018, \u00e0 0% [&hellip;]<\/p>\n","protected":false},"author":1969,"featured_media":0,"comment_status":"closed","ping_status":"closed","sticky":false,"template":"","format":"standard","meta":{"fifu_image_url":"","fifu_image_alt":"","footnotes":""},"categories":[82,78],"tags":[],"class_list":["post-106671","post","type-post","status-publish","format-standard","hentry","category-cameroun","category-economie"],"_links":{"self":[{"href":"https:\/\/linitiative.ca\/International\/wp-json\/wp\/v2\/posts\/106671","targetHints":{"allow":["GET"]}}],"collection":[{"href":"https:\/\/linitiative.ca\/International\/wp-json\/wp\/v2\/posts"}],"about":[{"href":"https:\/\/linitiative.ca\/International\/wp-json\/wp\/v2\/types\/post"}],"author":[{"embeddable":true,"href":"https:\/\/linitiative.ca\/International\/wp-json\/wp\/v2\/users\/1969"}],"replies":[{"embeddable":true,"href":"https:\/\/linitiative.ca\/International\/wp-json\/wp\/v2\/comments?post=106671"}],"version-history":[{"count":0,"href":"https:\/\/linitiative.ca\/International\/wp-json\/wp\/v2\/posts\/106671\/revisions"}],"wp:attachment":[{"href":"https:\/\/linitiative.ca\/International\/wp-json\/wp\/v2\/media?parent=106671"}],"wp:term":[{"taxonomy":"category","embeddable":true,"href":"https:\/\/linitiative.ca\/International\/wp-json\/wp\/v2\/categories?post=106671"},{"taxonomy":"post_tag","embeddable":true,"href":"https:\/\/linitiative.ca\/International\/wp-json\/wp\/v2\/tags?post=106671"}],"curies":[{"name":"wp","href":"https:\/\/api.w.org\/{rel}","templated":true}]}}