{"id":106677,"date":"2020-12-08T10:22:02","date_gmt":"2020-12-08T15:22:02","guid":{"rendered":"https:\/\/linitiative.ca\/International\/edge-business-school-de-nouveaux-cursus-a-travers-luniversite-polytechnique-hauts-de-france\/"},"modified":"2020-12-08T10:22:02","modified_gmt":"2020-12-08T15:22:02","slug":"edge-business-school-de-nouveaux-cursus-a-travers-luniversite-polytechnique-hauts-de-france","status":"publish","type":"post","link":"https:\/\/linitiative.ca\/International\/edge-business-school-de-nouveaux-cursus-a-travers-luniversite-polytechnique-hauts-de-france\/","title":{"rendered":"EDGE Business School : De nouveaux cursus \u00e0 travers l\u2019Universit\u00e9 Polytechnique Hauts-de-France"},"content":{"rendered":"<header readability=\"1.2668393782383\">\n<\/header>\n<div class=\"entry-content clearfix\" readability=\"52\"><img decoding=\"async\" class=\"post_layout_5_img\" src=\"http:\/\/aujourdhui.ma\/wp-content\/uploads\/2020\/11\/EDGE.jpg\" alt=\"EDGE Business School : De nouveaux cursus &#xE0; travers l&#x2019;Universit&#xE9; Polytechnique Hauts-de-France\"\/><\/p>\n<p><span class=\"c5\"><strong>EDGE Business School \u00e9largit ses horizons \u00e0 travers son partenariat avec l\u2019Universit\u00e9 Polytechnique Hauts-de-France.<\/strong><\/span><span id=\"more-362392\"\/><\/p>\n<p>L\u2019alliance a d\u00e9bouch\u00e9 pour l\u2019heure sur trois formations valid\u00e9es par une double diplomation, \u00e0 savoir une licence Pro e-commerce et marketing num\u00e9rique, une licence Pro commerce et distribution et enfin un master e-logistique. L\u2019objectif d\u2019un tel partenariat est d\u00e9j\u00e0 d\u2019obtenir un dipl\u00f4me d\u2019Etat fran\u00e7ais au c\u0153ur de Casablanca, d\u2019avoir 30% de programmes assur\u00e9s par des experts fran\u00e7ais et internationaux.<br \/>Une telle d\u00e9localisation vise \u00e0 avoir un enseignement en ad\u00e9quation avec les exigences du march\u00e9 local \u00e0 travers +60% d\u2019intervenants nationaux qui sont issus du monde professionnel.<br \/>Pour ce qui est de la licence e-commerce et marketing num\u00e9rique EMCN, la formation a pour objectif de former des collaborateurs polyvalents capables de permettre \u00e0 toute entreprise d\u2019int\u00e9grer le canal Internet dans sa strat\u00e9gie de distribution. Les candidats doivent \u00eatre titulaires d\u2019un dipl\u00f4me Bac+2 dans le domaine du commerce, du marketing, de la gestion, des sciences humaines. L\u2019admission se fait sur dossier. La licence se pr\u00e9pare en formation initiale ou continue. L\u2019admission est prononc\u00e9e par une commission de s\u00e9lection qui examine les dossiers des candidats et \u00e9value les acquis.<br \/>Concernant la licence professionnelle en commerce et distribution, l\u2019objectif est de former des managers rayons ou responsables d\u2019univers de vente au sein des rayons sp\u00e9cialis\u00e9s des grandes surfaces ou au sein des espaces de vente. La d\u00e9marche de l\u2019admission est la m\u00eame que pour la licence e-commerce et marketing num\u00e9rique.<br \/>Enfin le cursus en master e-logistique formera des sp\u00e9cialistes de la cha\u00eene logistique qui seront capables de ma\u00eetriser, en plus de comprendre les probl\u00e9matiques de la cha\u00eene logistique. Un tel enseignement permettra de ma\u00eetriser les nouvelles technologies de l\u2019information et de la communication (NTIC). Les enjeux sont clairs compte tenu des nouvelles probl\u00e9matiques de la cha\u00eene logistique, telles que le e-commerce, le cross docking et l\u2019Internet physique.<br \/>La formation est destin\u00e9e \u00e0 des \u00e9tudiants de niveaux licence et master des domaines (Sciences, Technologies et Sant\u00e9, ainsi que Droit, \u00c9conomie et Gestion). L\u2019admission est prononc\u00e9e par une commission de s\u00e9lection qui examine les dossiers des candidats et \u00e9value les acquis.<\/p>\n<\/div>\n<p>Auteur: Dounia Essabban<br \/>\n<a href=\"https:\/\/aujourdhui.ma\/emploi\/formation\/edge-business-school-de-nouveaux-cursus-a-travers-luniversite-polytechnique-hauts-de-france\">Cliquez ici pour lire l&rsquo;article depuis sa source.<\/a><\/p>\n","protected":false},"excerpt":{"rendered":"<p>EDGE Business School \u00e9largit ses horizons \u00e0 travers son partenariat avec l\u2019Universit\u00e9 Polytechnique Hauts-de-France. L\u2019alliance a d\u00e9bouch\u00e9 pour l\u2019heure sur trois formations valid\u00e9es par une double diplomation, \u00e0 savoir une licence Pro e-commerce et marketing num\u00e9rique, une licence Pro commerce et distribution et enfin un master e-logistique. L\u2019objectif d\u2019un tel partenariat est d\u00e9j\u00e0 d\u2019obtenir un [&hellip;]<\/p>\n","protected":false},"author":1759,"featured_media":0,"comment_status":"closed","ping_status":"closed","sticky":false,"template":"","format":"standard","meta":{"fifu_image_url":"http:\/\/aujourdhui.ma\/wp-content\/uploads\/2020\/11\/EDGE.jpg","fifu_image_alt":"EDGE Business School : De nouveaux cursus \u00e0 travers l\u2019Universit\u00e9 Polytechnique Hauts-de-France","footnotes":""},"categories":[73,54],"tags":[],"class_list":["post-106677","post","type-post","status-publish","format-standard","hentry","category-actualite","category-maroc"],"_links":{"self":[{"href":"https:\/\/linitiative.ca\/International\/wp-json\/wp\/v2\/posts\/106677","targetHints":{"allow":["GET"]}}],"collection":[{"href":"https:\/\/linitiative.ca\/International\/wp-json\/wp\/v2\/posts"}],"about":[{"href":"https:\/\/linitiative.ca\/International\/wp-json\/wp\/v2\/types\/post"}],"author":[{"embeddable":true,"href":"https:\/\/linitiative.ca\/International\/wp-json\/wp\/v2\/users\/1759"}],"replies":[{"embeddable":true,"href":"https:\/\/linitiative.ca\/International\/wp-json\/wp\/v2\/comments?post=106677"}],"version-history":[{"count":0,"href":"https:\/\/linitiative.ca\/International\/wp-json\/wp\/v2\/posts\/106677\/revisions"}],"wp:attachment":[{"href":"https:\/\/linitiative.ca\/International\/wp-json\/wp\/v2\/media?parent=106677"}],"wp:term":[{"taxonomy":"category","embeddable":true,"href":"https:\/\/linitiative.ca\/International\/wp-json\/wp\/v2\/categories?post=106677"},{"taxonomy":"post_tag","embeddable":true,"href":"https:\/\/linitiative.ca\/International\/wp-json\/wp\/v2\/tags?post=106677"}],"curies":[{"name":"wp","href":"https:\/\/api.w.org\/{rel}","templated":true}]}}