{"id":106679,"date":"2020-12-08T09:40:16","date_gmt":"2020-12-08T14:40:16","guid":{"rendered":"https:\/\/linitiative.ca\/International\/%ef%bb%bfgalrue-quand-lart-souvre-sur-le-public\/"},"modified":"2020-12-08T09:40:16","modified_gmt":"2020-12-08T14:40:16","slug":"%ef%bb%bfgalrue-quand-lart-souvre-sur-le-public","status":"publish","type":"post","link":"https:\/\/linitiative.ca\/International\/%ef%bb%bfgalrue-quand-lart-souvre-sur-le-public\/","title":{"rendered":"\ufeffGal\u2019Rue : quand l\u2019art s\u2019ouvre sur le public !"},"content":{"rendered":"<p class=\"c2\"><strong>Mohamed Nait Youssef<\/strong><\/p>\n<p>A la m\u00e9dina de Rabat, c\u0153ur battant, \u00e2me de la capitale et patrimoine mondial de l\u2019UNESCO, \u00a0des \u0153uvres artistes peintres issus de diff\u00e9rents styles et \u00e9coles artistiques confondus sont accroch\u00e9es sur les murs du fameux Derb Moulay Abdellah.<\/p>\n<p>Une intuitive louable visant la d\u00e9mocratisation de l\u2019art en ces temps pand\u00e9miques o\u00f9 le bon nombre de galeries et d\u2019espaces culturels sont ferm\u00e9s jusqu\u2019\u00e0\u00a0 nouvel ordre. En effet, ces tableaux sign\u00e9s par une belle brochette de palettes marocaines et expos\u00e9s dans le cadre de l\u2019exposition \u00a0Gal\u2019Rue en espace ouvert organis\u00e9e\u00a0 par la d\u00e9l\u00e9gation r\u00e9gionale du Minist\u00e8re de la Culture en partenariat avec l\u2019institution D\u2019Art Louane, et qui se poursuivra \u00a0jusqu\u2019au 12 d\u00e9cembre courant, donnent \u00a0\u00e0 voir des univers artistiques et plastiques diff\u00e9rents partag\u00e9s entre l\u2019abstrait, la photographie l\u2019art du Graffti ,la calligraphie arabe et islamique, les Performances artistiques et les Installations.<\/p>\n<p>A vrai dire, m\u00eame en p\u00e9riode de l\u2019enfermement et de la pand\u00e9mie,\u00a0 rien n\u2019emp\u00eachent les artistes de cr\u00e9er et de d\u00e9voiler leur vision du monde mais aussi de partager le beau avec le public assoiff\u00e9 \u00e0 l\u2019art.<\/p>\n<p>\u00abLa pand\u00e9mie du Coronavirus ne peut arr\u00eater l\u2019effort intellectuel et l\u2019\u00e9lan cr\u00e9atif. C\u2019est un challenge \u00e0 relever par l\u2019homme en ce 21\u00e8me si\u00e8cle de tous les risques et dangers et plus particuli\u00e8rement, en cette p\u00e9riode difficile de crise et d\u2019urgence sanitaire li\u00e9es aux ravages du Covid 19. D\u2019Art Louane en a \u00e9t\u00e9 bien consciente depuis Mars dernier, point de part du drame.\u00bb, soulignent les initiateurs de cette manifestation artistique.<\/p>\n<p>Et d\u2019ajouter : \u00abd\u00e8s le mois de Septembre dernier, date symbolique de la rentr\u00e9e culturelle au Maroc et \u00e0 travers le monde, elle a pris le temps de r\u00e9fl\u00e9chir et d\u2019\u00e9laborer une panoplie de programmes artistiques et d\u2019Ateliers th\u00e9matiques centr\u00e9s sur les Arts Visuels et Vivants.\u00bb<\/p>\n<p>A Derb Moulay Abdellah de la\u00a0 m\u00e9dina de Rabat, les \u0153uvres artistiques au style contemporain dialoguent avec l\u2019histoire mill\u00e9naire de la capitale. Des tableaux qui ne laissent personne indiff\u00e9rent.<\/p>\n<p>Par ailleurs, entre l\u2019int\u00e9rieur et l\u2019ext\u00e9rieur, l\u2019institution D\u2019Art Louane consolide ses liens avec les mordus des arts et de la culture en organisant une s\u00e9rie d\u2019\u00e9v\u00e9nements artistiques pour le grand bonheur du public.<\/p>\n<p>Pour ce faire, les universitaires-chercheurs et concepteurs de D\u2019Art Louane ont tabl\u00e9 sur l\u2019approche digitale, les divers canaux de m\u00e9diation et de dialogue \u00e0 distance, pour proposer au tr\u00e8s large public de Rabat, en format num\u00e9rique, tous les supports expressifs de l\u2019\u00e8re contemporaine dont les Arts Plastiques repr\u00e9sent\u00e9s par l\u2019op\u00e9ration Gal\u2019Rues, ajoute la m\u00eame source.<\/p>\n<p>Auteur: M&rsquo;hammed rahal<br \/>\n<a href=\"http:\/\/albayane.press.ma\/%EF%BB%BFgalrue-quand-lart-souvre-sur-le-public.html\">Cliquez ici pour lire l&rsquo;article depuis sa source.<\/a><\/p>\n","protected":false},"excerpt":{"rendered":"<p>Mohamed Nait Youssef A la m\u00e9dina de Rabat, c\u0153ur battant, \u00e2me de la capitale et patrimoine mondial de l\u2019UNESCO, \u00a0des \u0153uvres artistes peintres issus de diff\u00e9rents styles et \u00e9coles artistiques confondus sont accroch\u00e9es sur les murs du fameux Derb Moulay Abdellah. Une intuitive louable visant la d\u00e9mocratisation de l\u2019art en ces temps pand\u00e9miques o\u00f9 le [&hellip;]<\/p>\n","protected":false},"author":1760,"featured_media":0,"comment_status":"closed","ping_status":"closed","sticky":false,"template":"","format":"standard","meta":{"fifu_image_url":"","fifu_image_alt":"","footnotes":""},"categories":[73,54],"tags":[],"class_list":["post-106679","post","type-post","status-publish","format-standard","hentry","category-actualite","category-maroc"],"_links":{"self":[{"href":"https:\/\/linitiative.ca\/International\/wp-json\/wp\/v2\/posts\/106679","targetHints":{"allow":["GET"]}}],"collection":[{"href":"https:\/\/linitiative.ca\/International\/wp-json\/wp\/v2\/posts"}],"about":[{"href":"https:\/\/linitiative.ca\/International\/wp-json\/wp\/v2\/types\/post"}],"author":[{"embeddable":true,"href":"https:\/\/linitiative.ca\/International\/wp-json\/wp\/v2\/users\/1760"}],"replies":[{"embeddable":true,"href":"https:\/\/linitiative.ca\/International\/wp-json\/wp\/v2\/comments?post=106679"}],"version-history":[{"count":0,"href":"https:\/\/linitiative.ca\/International\/wp-json\/wp\/v2\/posts\/106679\/revisions"}],"wp:attachment":[{"href":"https:\/\/linitiative.ca\/International\/wp-json\/wp\/v2\/media?parent=106679"}],"wp:term":[{"taxonomy":"category","embeddable":true,"href":"https:\/\/linitiative.ca\/International\/wp-json\/wp\/v2\/categories?post=106679"},{"taxonomy":"post_tag","embeddable":true,"href":"https:\/\/linitiative.ca\/International\/wp-json\/wp\/v2\/tags?post=106679"}],"curies":[{"name":"wp","href":"https:\/\/api.w.org\/{rel}","templated":true}]}}