{"id":106681,"date":"2020-12-08T09:51:10","date_gmt":"2020-12-08T14:51:10","guid":{"rendered":"https:\/\/linitiative.ca\/International\/le-fc-nantes-limoge-le-successeur-de-vahid\/"},"modified":"2020-12-08T09:51:10","modified_gmt":"2020-12-08T14:51:10","slug":"le-fc-nantes-limoge-le-successeur-de-vahid","status":"publish","type":"post","link":"https:\/\/linitiative.ca\/International\/le-fc-nantes-limoge-le-successeur-de-vahid\/","title":{"rendered":"Le FC Nantes limoge le successeur de Vahid"},"content":{"rendered":"<p><strong>Christian Gourcuff, entra\u00eeneur du FC Nantes, a \u00e9t\u00e9 limog\u00e9 apr\u00e8s une s\u00e9rie de contre-performances couronn\u00e9es par une d\u00e9route 4-0 dimanche face \u00e0 Strasbourg.<\/strong><\/p>\n<p>Son adjoint Patrick Collot doit assurer l\u2019int\u00e9rim jusqu\u2019\u00e0 la tr\u00eave hivernale, alors que plusieurs noms pour prendre la suite ont circul\u00e9 dans la presse ces derniers jours.<\/p>\n<p>Si le poste est prestigieux, beaucoup s\u2019y sont d\u00e9j\u00e0 br\u00fbler les doigts: depuis l\u2019arriv\u00e9e de la famille Kita \u00e0 sa t\u00eate en 2007, le club a vu passer 14 entra\u00eeneurs sur le banc, sans compter les int\u00e9rims.<\/p>\n<p>Pour Christian Gourcuff, en revanche, ce pourrait \u00eatre la derni\u00e8re r\u00e9v\u00e9rence d\u2019une figure du football fran\u00e7ais. Sorti de sa retraite en ao\u00fbt 2019 pour remplacer Vahid Halilhodzic trois jours avant la reprise, l\u2019entra\u00eeneur \u00e2g\u00e9 de 65 ans avait annonc\u00e9 que Nantes serait son dernier poste.<\/p>\n<p>Alors que le club f\u00eatera au printemps les 20 ans de son dernier titre de champion de France, le FC Nantes pointe \u00e0 une inqui\u00e9tante 14e place au classement de Ligue 1, \u00e0 seulement trois points de Strasbourg, 17e et virtuel barragiste.<\/p>\n<p>Auteur: M&rsquo;hammed rahal<br \/>\n<a href=\"http:\/\/albayane.press.ma\/le-fc-nantes-limoge-le-successeur-de-vahid.html\">Cliquez ici pour lire l&rsquo;article depuis sa source.<\/a><\/p>\n","protected":false},"excerpt":{"rendered":"<p>Christian Gourcuff, entra\u00eeneur du FC Nantes, a \u00e9t\u00e9 limog\u00e9 apr\u00e8s une s\u00e9rie de contre-performances couronn\u00e9es par une d\u00e9route 4-0 dimanche face \u00e0 Strasbourg. Son adjoint Patrick Collot doit assurer l\u2019int\u00e9rim jusqu\u2019\u00e0 la tr\u00eave hivernale, alors que plusieurs noms pour prendre la suite ont circul\u00e9 dans la presse ces derniers jours. Si le poste est prestigieux, [&hellip;]<\/p>\n","protected":false},"author":1760,"featured_media":0,"comment_status":"closed","ping_status":"closed","sticky":false,"template":"","format":"standard","meta":{"fifu_image_url":"","fifu_image_alt":"","footnotes":""},"categories":[73,54],"tags":[],"class_list":["post-106681","post","type-post","status-publish","format-standard","hentry","category-actualite","category-maroc"],"_links":{"self":[{"href":"https:\/\/linitiative.ca\/International\/wp-json\/wp\/v2\/posts\/106681","targetHints":{"allow":["GET"]}}],"collection":[{"href":"https:\/\/linitiative.ca\/International\/wp-json\/wp\/v2\/posts"}],"about":[{"href":"https:\/\/linitiative.ca\/International\/wp-json\/wp\/v2\/types\/post"}],"author":[{"embeddable":true,"href":"https:\/\/linitiative.ca\/International\/wp-json\/wp\/v2\/users\/1760"}],"replies":[{"embeddable":true,"href":"https:\/\/linitiative.ca\/International\/wp-json\/wp\/v2\/comments?post=106681"}],"version-history":[{"count":0,"href":"https:\/\/linitiative.ca\/International\/wp-json\/wp\/v2\/posts\/106681\/revisions"}],"wp:attachment":[{"href":"https:\/\/linitiative.ca\/International\/wp-json\/wp\/v2\/media?parent=106681"}],"wp:term":[{"taxonomy":"category","embeddable":true,"href":"https:\/\/linitiative.ca\/International\/wp-json\/wp\/v2\/categories?post=106681"},{"taxonomy":"post_tag","embeddable":true,"href":"https:\/\/linitiative.ca\/International\/wp-json\/wp\/v2\/tags?post=106681"}],"curies":[{"name":"wp","href":"https:\/\/api.w.org\/{rel}","templated":true}]}}