{"id":106683,"date":"2020-12-08T09:57:02","date_gmt":"2020-12-08T14:57:02","guid":{"rendered":"https:\/\/linitiative.ca\/International\/zidane-et-le-real-madrid-a-quitte-ou-double\/"},"modified":"2020-12-08T09:57:02","modified_gmt":"2020-12-08T14:57:02","slug":"zidane-et-le-real-madrid-a-quitte-ou-double","status":"publish","type":"post","link":"https:\/\/linitiative.ca\/International\/zidane-et-le-real-madrid-a-quitte-ou-double\/","title":{"rendered":"Zidane et le Real Madrid \u00e0 quitte ou double"},"content":{"rendered":"<p><strong>\u00c7a passe ou \u00e7a casse pour Zin\u00e9dine Zidane: le Real Madrid, qui a franchi la phase de poules de Ligue des champions de mani\u00e8re ininterrompue depuis 1997, re\u00e7oit le premier du groupe B, le Borussia M\u00f6nchengladbach, pour tenter d\u2019arracher son ticket.<\/strong><\/p>\n<p>Jamais meilleur que quand il est au dos au mur, Zidane, sur la sellette apr\u00e8s la d\u00e9route madril\u00e8ne \u00e0 Kiev face au Shakhtar Donetsk (2-0) la semaine derni\u00e8re, s\u2019est offert une respiration apr\u00e8s la victoire des siens \u00e0 S\u00e9ville (1-0) samedi\u2026 mais le Fran\u00e7ais doit imp\u00e9rativement qualifier le Real s\u2019il veut conserver sa place sur le banc merengue.<\/p>\n<p>Pour d\u00e9crocher ce billet pour les 8es, le Real devra l\u2019emporter \u00e0 domicile contre l\u2019\u00e9quipe surprise du groupe. Un nul pourrait lui suffire si le Shakhtar venait \u00e0 s\u2019incliner \u00e0 San Siro contre l\u2019Inter Milan au m\u00eame moment. Et en cas de revers, l\u2019\u00e9limination est assur\u00e9e.<\/p>\n<p>Dans ce dernier cas, Zidane pourrait voir son deuxi\u00e8me mandat madril\u00e8ne \u00e9court\u00e9 par la C1, la comp\u00e9tition qui l\u2019a fait roi lors de son premier passage sur le banc (trois troph\u00e9es de 2016 \u00e0 2018).<\/p>\n<p>\u00ab\u00a0Je n\u2019ai jamais pens\u00e9 que j\u2019\u00e9tais intouchable. Jamais. Ni en tant que joueur, ni en tant qu\u2019entra\u00eeneur, ni en tant que personne\u00a0\u00bb, a d\u00e9dramatis\u00e9 \u00ab\u00a0Zizou\u00a0\u00bb vendredi en conf\u00e9rence de presse.<\/p>\n<p>\u00ab\u00a0J\u2019ai fait plusieurs saisons ici, \u00e7a a toujours \u00e9t\u00e9 difficile. Aujourd\u2019hui, parce que c\u2019est le pr\u00e9sent, on a envie de dire que c\u2019est le (moment) le plus difficile, c\u2019est comme \u00e7a. Je me sens fort pour trouver des solutions avec mes joueurs\u00a0\u00bb, a affirm\u00e9 le technicien n\u00e9 \u00e0 Marseille.<\/p>\n<p>Il a encore en t\u00eate le scenario haletant du match aller en Allemagne: alors que l\u2019illustre Real Madrid \u00e9tait men\u00e9 2-0 jusqu\u2019\u00e0 la 87e par \u00ab\u00a0Gladbach\u00a0\u00bb sur un doubl\u00e9 du jeune international fran\u00e7ais Marcus Thuram (33e, 58e), Karim Benzema (87e) puis Casemiro (90e+3), avaient ramen\u00e9 la \u00ab\u00a0Maison blanche\u00a0\u00bb \u00e0 hauteur pour un nul inesp\u00e9r\u00e9.<\/p>\n<p>\u00ab\u00a0Oui, au regard du prochain match, c\u2019\u00e9tait important pour nous de marquer des points (samedi contre S\u00e9ville), de refaire enfin un bon match\u2026 \u00c7a a \u00e9t\u00e9 un moment un peu compliqu\u00e9 derni\u00e8rement, donc il faut en profiter, \u00eatre satisfaits, et continuer\u00a0\u00bb, a affirm\u00e9 l\u2019ancienne star des Bleus.<\/p>\n<p>Friand de ces matches \u00e0 gros enjeu, Zidane avait d\u00e9j\u00e0 r\u00e9ussi \u00e0 redresser la barre in-extremis la saison pass\u00e9e: le 6 novembre 2019, alors qu\u2019il \u00e9tait d\u00e9j\u00e0 proche de l\u2019\u00e9viction selon la presse espagnole et qu\u2019il devait absolument l\u2019emporter contre Galatasaray en Ligue des champions pour sauver sa place\u2026 ses hommes avaient d\u00e9roul\u00e9 6-0, puis avaient encha\u00een\u00e9 21 matches sans d\u00e9faite toutes comp\u00e9titions confondues.<\/p>\n<p>Le succ\u00e8s \u00e9triqu\u00e9 sur le terrain de S\u00e9ville samedi a apport\u00e9 du baume au coeur de \u00ab\u00a0ZZ\u00a0\u00bb, qui devra peut-\u00eatre composer sans Dani Carvajal, sans doute sans Fede Valverde, et surtout sans son attaquant-star Eden Hazard, encore bless\u00e9, \u00e0 la cuisse droite cette fois.<\/p>\n<p>Mais pour ce match couperet, Zidane pourra compter sur son capitaine et v\u00e9ritable porte-parole sur le terrain, Sergio Ramos. Touch\u00e9 \u00e0 une cuisse lors du m\u00e9morable Espagne \u2013 Allemagne (6-0) du 19 novembre dernier, Ramos a mis deux semaines et demi pour revenir, mais sera finalement sur pied pour diriger son \u00e9quipe.<\/p>\n<p>\u00ab\u00a0Il revient pour la +finale+\u00a0\u00bb, a titr\u00e9 lundi \u00e0 sa Une Marca, le journal le plus vendu d\u2019Espagne, avec une photo de Ramos \u00e0 l\u2019entra\u00eenement.<\/p>\n<p>Alors que les supporters attendent toujours que soit officialis\u00e9e la prolongation de son contrat s\u2019achevant en 2021, Ramos, malgr\u00e9 sa blessure, a \u00e9t\u00e9 pr\u00e9sent ces trois derni\u00e8res semaines aupr\u00e8s de son groupe malade, et de son entra\u00eeneur en danger.<\/p>\n<p>\u00ab\u00a0Les joueurs, ce qu\u2019ils veulent, c\u2019est jouer. Ils m\u2019ont toujours montr\u00e9 leur soutien. On l\u2019oublie parfois, mais ce sont les premiers \u00e0 \u00eatre m\u00e9contents. On va se serrer les coudes et se sortir<\/p>\n<p>de cette mauvaise passe\u00a0\u00bb, a promis Zidane vendredi.<\/p>\n<p>D\u2019une 24e qualification cons\u00e9cutive dans le top 16 europ\u00e9en d\u00e9pendra sans doute l\u2019avenir sur le banc merengue d\u2019un \u00ab\u00a0Zizou\u00a0\u00bb sublim\u00e9 par l\u2019enjeu.<\/p>\n<p>Auteur: M&rsquo;hammed rahal<br \/>\n<a href=\"http:\/\/albayane.press.ma\/zidane-et-le-real-madrid-a-quitte-ou-double.html\">Cliquez ici pour lire l&rsquo;article depuis sa source.<\/a><\/p>\n","protected":false},"excerpt":{"rendered":"<p>\u00c7a passe ou \u00e7a casse pour Zin\u00e9dine Zidane: le Real Madrid, qui a franchi la phase de poules de Ligue des champions de mani\u00e8re ininterrompue depuis 1997, re\u00e7oit le premier du groupe B, le Borussia M\u00f6nchengladbach, pour tenter d\u2019arracher son ticket. Jamais meilleur que quand il est au dos au mur, Zidane, sur la sellette [&hellip;]<\/p>\n","protected":false},"author":1760,"featured_media":0,"comment_status":"closed","ping_status":"closed","sticky":false,"template":"","format":"standard","meta":{"fifu_image_url":"","fifu_image_alt":"","footnotes":""},"categories":[73,54],"tags":[],"class_list":["post-106683","post","type-post","status-publish","format-standard","hentry","category-actualite","category-maroc"],"_links":{"self":[{"href":"https:\/\/linitiative.ca\/International\/wp-json\/wp\/v2\/posts\/106683","targetHints":{"allow":["GET"]}}],"collection":[{"href":"https:\/\/linitiative.ca\/International\/wp-json\/wp\/v2\/posts"}],"about":[{"href":"https:\/\/linitiative.ca\/International\/wp-json\/wp\/v2\/types\/post"}],"author":[{"embeddable":true,"href":"https:\/\/linitiative.ca\/International\/wp-json\/wp\/v2\/users\/1760"}],"replies":[{"embeddable":true,"href":"https:\/\/linitiative.ca\/International\/wp-json\/wp\/v2\/comments?post=106683"}],"version-history":[{"count":0,"href":"https:\/\/linitiative.ca\/International\/wp-json\/wp\/v2\/posts\/106683\/revisions"}],"wp:attachment":[{"href":"https:\/\/linitiative.ca\/International\/wp-json\/wp\/v2\/media?parent=106683"}],"wp:term":[{"taxonomy":"category","embeddable":true,"href":"https:\/\/linitiative.ca\/International\/wp-json\/wp\/v2\/categories?post=106683"},{"taxonomy":"post_tag","embeddable":true,"href":"https:\/\/linitiative.ca\/International\/wp-json\/wp\/v2\/tags?post=106683"}],"curies":[{"name":"wp","href":"https:\/\/api.w.org\/{rel}","templated":true}]}}