{"id":106685,"date":"2020-12-08T07:18:29","date_gmt":"2020-12-08T12:18:29","guid":{"rendered":"https:\/\/linitiative.ca\/International\/arp-adoption-des-budgets-de-31-ministeres-et-institutions\/"},"modified":"2020-12-08T07:18:29","modified_gmt":"2020-12-08T12:18:29","slug":"arp-adoption-des-budgets-de-31-ministeres-et-institutions","status":"publish","type":"post","link":"https:\/\/linitiative.ca\/International\/arp-adoption-des-budgets-de-31-ministeres-et-institutions\/","title":{"rendered":"ARP: adoption des budgets de 31 minist\u00e8res et institutions"},"content":{"rendered":"<div class=\"td-post-content\">\n<h2>des diff\u00e9rents d\u00e9partements minist\u00e9riels et institutions de l\u2019Etat pour l\u2019exercice 2021.<\/h2>\n<p>Les d\u00e9put\u00e9s ont adopt\u00e9 les budgets de 31 minist\u00e8res et institutions, avec plus de 90 voix (vote \u00e9lectronique et pr\u00e9sentiel). Et ce lors de cette s\u00e9ance pl\u00e9ni\u00e8re \u00e0 l\u2019ARP. Ses travaux ont \u00e9t\u00e9 suspendus plus de 3 heures. Et ce \u00e0 la suite \u00e0 des actes de violences ayant cibl\u00e9 des membres du bloc d\u00e9mocratique.<\/p>\n<p>En effet, \u00e0 l\u2019issue de ces travaux, le 2e vice-pr\u00e9sident de l\u2019ARP, Tarek Fetiti a indiqu\u00e9 que le parlement tiendra mardi \u00e0 11h, une s\u00e9ance pl\u00e9ni\u00e8re. Celle-ci reviendra sur les\u00a0<a href=\"http:\/\/www.leconomistemaghrebin.com\/2020\/12\/07\/arp-7-decembre-2020-sang-coule\/\" target=\"_blank\" rel=\"noopener noreferrer\">actes de violence \u00e0 l\u2019encontre des d\u00e9put\u00e9s du bloc d\u00e9mocratique<\/a>.<\/p>\n<p>Et d\u2019ajouter que la commission de conciliation se r\u00e9unira, quant \u00e0 elle, avant la pl\u00e9ni\u00e8re. Et ce\u00a0 pour examiner les articles du projet de loi de finances 2021 (PLF 2021).<\/p>\n<p>Pour rappel, le parlement est appel\u00e9 \u00e0 adopter ledit projet avant le d\u00e9lai constitutionnel fix\u00e9 au 10 d\u00e9cembre courant.<\/p>\n<p><em>Avec TAP<\/em><\/p>\n<\/div>\n<footer>\n<\/footer>\n<div class=\"wp-post-author-wrap wp-post-author-shortcode left\">\n<h3 class=\"awpa-title\"\/>\n<div class=\"wp-post-author\">\n<div class=\"awpa-img awpa-author-block square\"><a href=\"http:\/\/lexpertjournal.net\/fr\/?author=5\"><img loading=\"lazy\" decoding=\"async\" alt=\"\" src=\"http:\/\/0.gravatar.com\/avatar\/97f8e10a1c1125ba104a76514ee07b16?s=150&amp;d=mm&amp;r=g\" srcset=\"http:\/\/0.gravatar.com\/avatar\/97f8e10a1c1125ba104a76514ee07b16?s=300&amp;d=mm&amp;r=g 2x\" class=\"avatar avatar-150 photo\" height=\"150\" width=\"150\"\/><\/a><\/div>\n<\/div>\n<\/div>\n<aside class=\"mashsb-container mashsb-main mashsb-stretched\">\n<\/aside>\n<p>Auteur: L&rsquo;expert<br \/>\n<a href=\"http:\/\/lexpertjournal.net\/fr\/?p=17610\">Cliquez ici pour lire l&rsquo;article depuis sa source.<\/a><\/p>\n","protected":false},"excerpt":{"rendered":"<p>des diff\u00e9rents d\u00e9partements minist\u00e9riels et institutions de l\u2019Etat pour l\u2019exercice 2021. Les d\u00e9put\u00e9s ont adopt\u00e9 les budgets de 31 minist\u00e8res et institutions, avec plus de 90 voix (vote \u00e9lectronique et pr\u00e9sentiel). Et ce lors de cette s\u00e9ance pl\u00e9ni\u00e8re \u00e0 l\u2019ARP. Ses travaux ont \u00e9t\u00e9 suspendus plus de 3 heures. Et ce \u00e0 la suite \u00e0 [&hellip;]<\/p>\n","protected":false},"author":1775,"featured_media":0,"comment_status":"closed","ping_status":"closed","sticky":false,"template":"","format":"standard","meta":{"fifu_image_url":"http:\/\/0.gravatar.com\/avatar\/97f8e10a1c1125ba104a76514ee07b16?s=150&d=mm&r=g","fifu_image_alt":"ARP: adoption des budgets de 31 minist\u00e8res et institutions","footnotes":""},"categories":[78,55],"tags":[],"class_list":["post-106685","post","type-post","status-publish","format-standard","hentry","category-economie","category-tunisie"],"_links":{"self":[{"href":"https:\/\/linitiative.ca\/International\/wp-json\/wp\/v2\/posts\/106685","targetHints":{"allow":["GET"]}}],"collection":[{"href":"https:\/\/linitiative.ca\/International\/wp-json\/wp\/v2\/posts"}],"about":[{"href":"https:\/\/linitiative.ca\/International\/wp-json\/wp\/v2\/types\/post"}],"author":[{"embeddable":true,"href":"https:\/\/linitiative.ca\/International\/wp-json\/wp\/v2\/users\/1775"}],"replies":[{"embeddable":true,"href":"https:\/\/linitiative.ca\/International\/wp-json\/wp\/v2\/comments?post=106685"}],"version-history":[{"count":0,"href":"https:\/\/linitiative.ca\/International\/wp-json\/wp\/v2\/posts\/106685\/revisions"}],"wp:attachment":[{"href":"https:\/\/linitiative.ca\/International\/wp-json\/wp\/v2\/media?parent=106685"}],"wp:term":[{"taxonomy":"category","embeddable":true,"href":"https:\/\/linitiative.ca\/International\/wp-json\/wp\/v2\/categories?post=106685"},{"taxonomy":"post_tag","embeddable":true,"href":"https:\/\/linitiative.ca\/International\/wp-json\/wp\/v2\/tags?post=106685"}],"curies":[{"name":"wp","href":"https:\/\/api.w.org\/{rel}","templated":true}]}}