{"id":106687,"date":"2020-12-08T08:58:18","date_gmt":"2020-12-08T13:58:18","guid":{"rendered":"https:\/\/linitiative.ca\/International\/lallemagne-accorde-a-la-tunisie-un-financement-de-1325-millions-deuros\/"},"modified":"2020-12-08T08:58:18","modified_gmt":"2020-12-08T13:58:18","slug":"lallemagne-accorde-a-la-tunisie-un-financement-de-1325-millions-deuros","status":"publish","type":"post","link":"https:\/\/linitiative.ca\/International\/lallemagne-accorde-a-la-tunisie-un-financement-de-1325-millions-deuros\/","title":{"rendered":"L\u2019Allemagne accorde \u00e0 la Tunisie un financement de 132,5 millions d\u2019euros"},"content":{"rendered":"<div class=\"td-post-content\">\n<h2>Deux accords de financement de 132,5 million d\u2019euros pour la mise en place du Programme de<\/h2>\n<h2>Stockage et de Protection Contre les Inondations et le Programme Efficacit\u00e9 \u00e9nerg\u00e9tique des b\u00e2timents<\/h2>\n<h2>gouvernement tunisien ce mardi 8 d\u00e9cembre 2020. Et ce au si\u00e8ge du minist\u00e8re des Affaires \u00e9trang\u00e8res,<\/h2>\n<h2>de la Migration et des Tunisiens \u00e0 l\u2019\u00e9tranger.<\/h2>\n<p>111 million d\u2019euros sont accord\u00e9s au minist\u00e8re de l\u2019Agriculture, des Ressources hydrauliques et de la P\u00eache. Et ce pour la r\u00e9alisation du Programme de Stockage et de Protection Contre les Inondations (SPCI).<\/p>\n<p>\u00ab\u00a0Ce programme contribue au d\u00e9veloppement des r\u00e9gions rurales par la mobilisation des ressources en eau pour l\u2019eau potable et l\u2019irrigation\u00a0\u00bb, a d\u00e9clar\u00e9 Mme Simone Cremer, Charg\u00e9e de Projet \u00e0 la KfW dans le Secteur Eau.<\/p>\n<p>Pour rappel, le SPCI vise \u00e9galement \u00e0 prot\u00e9ger la population et les infrastructures dans la haute vall\u00e9e de la Medjerda (Fronti\u00e8re Alg\u00e9rienne \u2013 barrage Sidi Salem) contre les inondations. Une aide financi\u00e8re de 5 million d\u2019euros s\u2019y ajoute. Et ce pour le financement des prestations de service dans la cadre de ce programme.<\/p>\n<h2>Une opportunit\u00e9 pour le gouvernement tunisien<\/h2>\n<p>15 million d\u2019Euros accord\u00e9s \u00e0 l\u2019Agence Nationale de Ma\u00eetrise de l\u2019Energie (ANME). Et cepour le Programme Efficacit\u00e9 Energ\u00e9tique des B\u00e2timents Publics tels que l\u2019\u00e9ducation, l\u2019enseignement sup\u00e9rieur, la sant\u00e9 et les \u00e9tablissements sportifs.<\/p>\n<p>En effet, \u00ab\u00a0ce Programme repr\u00e9sente une opportunit\u00e9 pour le gouvernement tunisien. Et ce afin de r\u00e9aliser des \u00e9conomies d\u2019\u00e9nergie, d\u2019atteindre des objectifs de sa politique \u00e9nerg\u00e9tique et renforcer sa strat\u00e9gie\u00a0<a href=\"http:\/\/www.leconomistemaghrebin.com\/2019\/11\/20\/chef-file-tunisien-med-ecosure-projet-29-millions-euros\/\" target=\"_blank\" rel=\"noopener noreferrer\">efficacit\u00e9 \u00e9nerg\u00e9tique<\/a>\u00ab\u00a0. A d\u00e9clar\u00e9 Mme Miriam Quell, Charg\u00e9e de Projet \u00e0 la KfW dans le Secteur Energie.<\/p>\n<p>Notons que le programme permettra d\u2019\u00e9conomiser plus de 20 GWh\/an et une r\u00e9duction des \u00e9missions \u00e0 environ 11.500 t CO2 par an. Et ce apr\u00e8s la r\u00e9alisation des actions pr\u00e9vues. Notons qu\u2019un don de 1,5 million d\u2019euros s\u2019ajoute au montant accord\u00e9. Et ce pour mobiliser une assistance technique dans le cadre du programme.<\/p>\n<p>Notons que la KfW a sign\u00e9 ces contrats pour le compte du Gouvernement F\u00e9d\u00e9ral Allemand. Elle soutient les r\u00e9formes, les infrastructures et les syst\u00e8mes financiers pour une croissance \u00e9conomique socialement \u00e9quitable et respectueuse de l\u2019environnement dans les pays en voie de d\u00e9veloppement.<\/p>\n<\/div>\n<footer>\n<\/footer>\n<div class=\"wp-post-author-wrap wp-post-author-shortcode left\">\n<h3 class=\"awpa-title\"\/>\n<div class=\"wp-post-author\">\n<div class=\"awpa-img awpa-author-block square\"><a href=\"http:\/\/lexpertjournal.net\/fr\/?author=5\"><img loading=\"lazy\" decoding=\"async\" alt=\"\" src=\"http:\/\/0.gravatar.com\/avatar\/97f8e10a1c1125ba104a76514ee07b16?s=150&amp;d=mm&amp;r=g\" srcset=\"http:\/\/0.gravatar.com\/avatar\/97f8e10a1c1125ba104a76514ee07b16?s=300&amp;d=mm&amp;r=g 2x\" class=\"avatar avatar-150 photo\" height=\"150\" width=\"150\"\/><\/a><\/div>\n<\/div>\n<\/div>\n<aside class=\"mashsb-container mashsb-main mashsb-stretched\">\n<\/aside>\n<p>Auteur: L&rsquo;expert<br \/>\n<a href=\"http:\/\/lexpertjournal.net\/fr\/?p=17617\">Cliquez ici pour lire l&rsquo;article depuis sa source.<\/a><\/p>\n","protected":false},"excerpt":{"rendered":"<p>Deux accords de financement de 132,5 million d\u2019euros pour la mise en place du Programme de Stockage et de Protection Contre les Inondations et le Programme Efficacit\u00e9 \u00e9nerg\u00e9tique des b\u00e2timents gouvernement tunisien ce mardi 8 d\u00e9cembre 2020. Et ce au si\u00e8ge du minist\u00e8re des Affaires \u00e9trang\u00e8res, de la Migration et des Tunisiens \u00e0 l\u2019\u00e9tranger. 111 [&hellip;]<\/p>\n","protected":false},"author":1775,"featured_media":0,"comment_status":"closed","ping_status":"closed","sticky":false,"template":"","format":"standard","meta":{"fifu_image_url":"http:\/\/0.gravatar.com\/avatar\/97f8e10a1c1125ba104a76514ee07b16?s=150&d=mm&r=g","fifu_image_alt":"L\u2019Allemagne accorde \u00e0 la Tunisie un financement de 132,5 millions d\u2019euros","footnotes":""},"categories":[78,55],"tags":[],"class_list":["post-106687","post","type-post","status-publish","format-standard","hentry","category-economie","category-tunisie"],"_links":{"self":[{"href":"https:\/\/linitiative.ca\/International\/wp-json\/wp\/v2\/posts\/106687","targetHints":{"allow":["GET"]}}],"collection":[{"href":"https:\/\/linitiative.ca\/International\/wp-json\/wp\/v2\/posts"}],"about":[{"href":"https:\/\/linitiative.ca\/International\/wp-json\/wp\/v2\/types\/post"}],"author":[{"embeddable":true,"href":"https:\/\/linitiative.ca\/International\/wp-json\/wp\/v2\/users\/1775"}],"replies":[{"embeddable":true,"href":"https:\/\/linitiative.ca\/International\/wp-json\/wp\/v2\/comments?post=106687"}],"version-history":[{"count":0,"href":"https:\/\/linitiative.ca\/International\/wp-json\/wp\/v2\/posts\/106687\/revisions"}],"wp:attachment":[{"href":"https:\/\/linitiative.ca\/International\/wp-json\/wp\/v2\/media?parent=106687"}],"wp:term":[{"taxonomy":"category","embeddable":true,"href":"https:\/\/linitiative.ca\/International\/wp-json\/wp\/v2\/categories?post=106687"},{"taxonomy":"post_tag","embeddable":true,"href":"https:\/\/linitiative.ca\/International\/wp-json\/wp\/v2\/tags?post=106687"}],"curies":[{"name":"wp","href":"https:\/\/api.w.org\/{rel}","templated":true}]}}