{"id":106688,"date":"2020-12-08T09:01:03","date_gmt":"2020-12-08T14:01:03","guid":{"rendered":"https:\/\/linitiative.ca\/International\/sommes-dargent-receptionnees-en-2011-au-palais-de-sidi-dhrif-la-bct-precise\/"},"modified":"2020-12-08T09:01:03","modified_gmt":"2020-12-08T14:01:03","slug":"sommes-dargent-receptionnees-en-2011-au-palais-de-sidi-dhrif-la-bct-precise","status":"publish","type":"post","link":"https:\/\/linitiative.ca\/International\/sommes-dargent-receptionnees-en-2011-au-palais-de-sidi-dhrif-la-bct-precise\/","title":{"rendered":"Sommes d\u2019argent r\u00e9ceptionn\u00e9es en 2011 au Palais de Sidi Dhrif : la BCT pr\u00e9cise"},"content":{"rendered":"<h2>En r\u00e9action aux informations qui ont circul\u00e9 par certains m\u00e9dias et r\u00e9seaux sociaux, la B<a href=\"https:\/\/www.bct.gov.tn\/\" target=\"_blank\" rel=\"noopener noreferrer\">anque Centrale<\/a><\/h2>\n<h2><a href=\"https:\/\/www.bct.gov.tn\/\" target=\"_blank\" rel=\"noopener noreferrer\">de Tunisie<\/a>\u00a0(BCT) a tenu \u00e0 pr\u00e9ciser aujourd\u2019hui que les sommes d\u2019argent r\u00e9ceptionn\u00e9es en 2011 au<\/h2>\n<h2>Palais de Sidi Dhrif ont \u00e9t\u00e9 transf\u00e9r\u00e9es au compte courant de la tr\u00e9sorerie. Et ce conform\u00e9ment \u00e0 la<\/h2>\n<h2>d\u00e9cision de la justice. Et ce en date du 20 juin 2011.<\/h2>\n<p>La BCT a, en outre, soulign\u00e9 que les billets trouv\u00e9s dans le palais de Sidi Dhrif ont \u00e9t\u00e9 conserv\u00e9s et mis \u00e0 la disposition\u00a0de la justice.<\/p>\n<p><em>M.T<\/em><\/p>\n<div class=\"wp-post-author-wrap wp-post-author-shortcode left\">\n<h3 class=\"awpa-title\"\/>\n<div class=\"wp-post-author\">\n<div class=\"awpa-img awpa-author-block square\"><a href=\"http:\/\/lexpertjournal.net\/fr\/?author=5\"><img loading=\"lazy\" decoding=\"async\" alt=\"\" src=\"http:\/\/0.gravatar.com\/avatar\/97f8e10a1c1125ba104a76514ee07b16?s=150&amp;d=mm&amp;r=g\" srcset=\"http:\/\/0.gravatar.com\/avatar\/97f8e10a1c1125ba104a76514ee07b16?s=300&amp;d=mm&amp;r=g 2x\" class=\"avatar avatar-150 photo\" height=\"150\" width=\"150\"\/><\/a><\/div>\n<\/div>\n<\/div>\n<aside class=\"mashsb-container mashsb-main mashsb-stretched\">\n<\/aside>\n<p>Auteur: L&rsquo;expert<br \/>\n<a href=\"http:\/\/lexpertjournal.net\/fr\/?p=17620\">Cliquez ici pour lire l&rsquo;article depuis sa source.<\/a><\/p>\n","protected":false},"excerpt":{"rendered":"<p>En r\u00e9action aux informations qui ont circul\u00e9 par certains m\u00e9dias et r\u00e9seaux sociaux, la Banque Centrale de Tunisie\u00a0(BCT) a tenu \u00e0 pr\u00e9ciser aujourd\u2019hui que les sommes d\u2019argent r\u00e9ceptionn\u00e9es en 2011 au Palais de Sidi Dhrif ont \u00e9t\u00e9 transf\u00e9r\u00e9es au compte courant de la tr\u00e9sorerie. Et ce conform\u00e9ment \u00e0 la d\u00e9cision de la justice. Et ce [&hellip;]<\/p>\n","protected":false},"author":1775,"featured_media":0,"comment_status":"closed","ping_status":"closed","sticky":false,"template":"","format":"standard","meta":{"fifu_image_url":"http:\/\/0.gravatar.com\/avatar\/97f8e10a1c1125ba104a76514ee07b16?s=150&d=mm&r=g","fifu_image_alt":"Sommes d\u2019argent r\u00e9ceptionn\u00e9es en 2011 au Palais de Sidi Dhrif : la BCT pr\u00e9cise","footnotes":""},"categories":[78,55],"tags":[],"class_list":["post-106688","post","type-post","status-publish","format-standard","hentry","category-economie","category-tunisie"],"_links":{"self":[{"href":"https:\/\/linitiative.ca\/International\/wp-json\/wp\/v2\/posts\/106688","targetHints":{"allow":["GET"]}}],"collection":[{"href":"https:\/\/linitiative.ca\/International\/wp-json\/wp\/v2\/posts"}],"about":[{"href":"https:\/\/linitiative.ca\/International\/wp-json\/wp\/v2\/types\/post"}],"author":[{"embeddable":true,"href":"https:\/\/linitiative.ca\/International\/wp-json\/wp\/v2\/users\/1775"}],"replies":[{"embeddable":true,"href":"https:\/\/linitiative.ca\/International\/wp-json\/wp\/v2\/comments?post=106688"}],"version-history":[{"count":0,"href":"https:\/\/linitiative.ca\/International\/wp-json\/wp\/v2\/posts\/106688\/revisions"}],"wp:attachment":[{"href":"https:\/\/linitiative.ca\/International\/wp-json\/wp\/v2\/media?parent=106688"}],"wp:term":[{"taxonomy":"category","embeddable":true,"href":"https:\/\/linitiative.ca\/International\/wp-json\/wp\/v2\/categories?post=106688"},{"taxonomy":"post_tag","embeddable":true,"href":"https:\/\/linitiative.ca\/International\/wp-json\/wp\/v2\/tags?post=106688"}],"curies":[{"name":"wp","href":"https:\/\/api.w.org\/{rel}","templated":true}]}}