{"id":106695,"date":"2020-12-08T08:40:49","date_gmt":"2020-12-08T13:40:49","guid":{"rendered":"https:\/\/linitiative.ca\/International\/illizi-semaine-nationale-du-volontariat-lancement-de-plusieurs-actions-de-volontariat-et-de-solidarite\/"},"modified":"2020-12-08T08:40:49","modified_gmt":"2020-12-08T13:40:49","slug":"illizi-semaine-nationale-du-volontariat-lancement-de-plusieurs-actions-de-volontariat-et-de-solidarite","status":"publish","type":"post","link":"https:\/\/linitiative.ca\/International\/illizi-semaine-nationale-du-volontariat-lancement-de-plusieurs-actions-de-volontariat-et-de-solidarite\/","title":{"rendered":"Illizi\/semaine nationale du volontariat: lancement de plusieurs actions de volontariat et de solidarit\u00e9"},"content":{"rendered":"<div readability=\"35\">\n<p><strong>ILLIZI- Des campagnes d\u2019envergure de nettoiement et de boisement des espaces publics et du milieu urbain ont \u00e9t\u00e9 lanc\u00e9es mardi par les associations sportives de la wilaya d\u2019Illizi, a-t-on appris des organisateurs.<\/strong><\/p>\n<\/div>\n<div readability=\"70\">\n<p>Entrant dans le cadre de la semaine nationale du volontariat des jeunes, initi\u00e9e par le minist\u00e8re de la Jeunesse et des Sports, ces campagnes de volontariat et de solidarit\u00e9, impliquant \u00e9galement les acteurs de la soci\u00e9t\u00e9 civile, ciblent les diff\u00e9rentes communes de la wilaya et les zones d\u2019ombre.<\/p>\n<p>L\u2019initiative porte aussi sur des actions humanitaires et de solidarit\u00e9, dont l\u2019organisation, en coordination avec plusieurs secteurs (For\u00eats, Jeunesse et sports, Solidarit\u00e9, Sant\u00e9 et Protection civile), des campagnes de don de sang, ainsi que la collecte d\u2019aides en nature au profit des familles n\u00e9cessiteuses de la wilaya, a indiqu\u00e9 le charg\u00e9 des \u00e9tablissements de jeunes, Tayeb Boutoudja.<\/p>\n<p>Plac\u00e9 cette ann\u00e9e sous le signe \u00ab\u00a0Volontariat-Jeunesse\u00a0\u00bb, le programme de cette semaine pr\u00e9voit \u00e9galement l\u2019animation, en cette p\u00e9riode de froid, de campagnes de sensibilisation sur les dangers de la mauvaise utilisation du gaz naturel et les mesures pr\u00e9ventives contre la propagation du Coronavirus.<\/p>\n<p>Ces actions s\u2019assignent comme objectifs la consolidation des valeurs d\u2019entraide sociale et l\u2019ancrage de la culture de l\u2019action b\u00e9n\u00e9vole pour la cons\u00e9cration des notions de citoyennet\u00e9.<\/p>\n<p>Le minist\u00e8re de la Jeunesse et des Sports vient de lancer, au titre de la c\u00e9l\u00e9bration de la journ\u00e9e internationale du volontariat (5 d\u00e9cembre) une panoplie d\u2019activit\u00e9s et d\u2019actions de b\u00e9n\u00e9volat dans divers domaines (social, environnemental et sanitaire).<\/p>\n<\/div>\n<p>Auteur:<br \/>\n<a href=\"http:\/\/www.aps.dz\/regions\/113901-illizi-semaine-nationale-du-volontariat-lancement-de-plusieurs-actions-de-volontariat-et-de-solidarite\">Cliquez ici pour lire l&rsquo;article depuis sa source.<\/a><\/p>\n","protected":false},"excerpt":{"rendered":"<p>ILLIZI- Des campagnes d\u2019envergure de nettoiement et de boisement des espaces publics et du milieu urbain ont \u00e9t\u00e9 lanc\u00e9es mardi par les associations sportives de la wilaya d\u2019Illizi, a-t-on appris des organisateurs. Entrant dans le cadre de la semaine nationale du volontariat des jeunes, initi\u00e9e par le minist\u00e8re de la Jeunesse et des Sports, ces [&hellip;]<\/p>\n","protected":false},"author":1790,"featured_media":0,"comment_status":"closed","ping_status":"closed","sticky":false,"template":"","format":"standard","meta":{"fifu_image_url":"","fifu_image_alt":"","footnotes":""},"categories":[53,76],"tags":[],"class_list":["post-106695","post","type-post","status-publish","format-standard","hentry","category-algerie","category-regions"],"_links":{"self":[{"href":"https:\/\/linitiative.ca\/International\/wp-json\/wp\/v2\/posts\/106695","targetHints":{"allow":["GET"]}}],"collection":[{"href":"https:\/\/linitiative.ca\/International\/wp-json\/wp\/v2\/posts"}],"about":[{"href":"https:\/\/linitiative.ca\/International\/wp-json\/wp\/v2\/types\/post"}],"author":[{"embeddable":true,"href":"https:\/\/linitiative.ca\/International\/wp-json\/wp\/v2\/users\/1790"}],"replies":[{"embeddable":true,"href":"https:\/\/linitiative.ca\/International\/wp-json\/wp\/v2\/comments?post=106695"}],"version-history":[{"count":0,"href":"https:\/\/linitiative.ca\/International\/wp-json\/wp\/v2\/posts\/106695\/revisions"}],"wp:attachment":[{"href":"https:\/\/linitiative.ca\/International\/wp-json\/wp\/v2\/media?parent=106695"}],"wp:term":[{"taxonomy":"category","embeddable":true,"href":"https:\/\/linitiative.ca\/International\/wp-json\/wp\/v2\/categories?post=106695"},{"taxonomy":"post_tag","embeddable":true,"href":"https:\/\/linitiative.ca\/International\/wp-json\/wp\/v2\/tags?post=106695"}],"curies":[{"name":"wp","href":"https:\/\/api.w.org\/{rel}","templated":true}]}}