{"id":106696,"date":"2020-12-08T09:17:12","date_gmt":"2020-12-08T14:17:12","guid":{"rendered":"https:\/\/linitiative.ca\/International\/setif-2-morts-et-3-blesses-dans-un-accident-de-la-circulation-a-ain-oulmene\/"},"modified":"2020-12-08T09:17:12","modified_gmt":"2020-12-08T14:17:12","slug":"setif-2-morts-et-3-blesses-dans-un-accident-de-la-circulation-a-ain-oulmene","status":"publish","type":"post","link":"https:\/\/linitiative.ca\/International\/setif-2-morts-et-3-blesses-dans-un-accident-de-la-circulation-a-ain-oulmene\/","title":{"rendered":"S\u00e9tif : 2 morts et 3 bless\u00e9s dans un accident de la circulation \u00e0 Ain Oulmene"},"content":{"rendered":"<p><span class=\"sp-nh-title\">Publication des nouvelles missions de l&rsquo;agence de d\u00e9veloppement de la PME et de la promotion de l&rsquo;innovation<\/span> &#8211; <span class=\"sp-nh-date\">mardi 8 d\u00e9cembre 2020 20:02<\/span><\/p>\n<p><span class=\"sp-nh-title\">Micro-Entreprises: Diafat s\u2019entretient avec l&rsquo;ambassadrice deTurquie<\/span> &#8211; <span class=\"sp-nh-date\">mardi 8 d\u00e9cembre 2020 20:01<\/span><\/p>\n<p><span class=\"sp-nh-title\">Hemdani et l&rsquo;ambassadeur de Suisse examinent les perspectives de coop\u00e9ration bilat\u00e9rale<\/span> &#8211; <span class=\"sp-nh-date\">mardi 8 d\u00e9cembre 2020 19:58<\/span><\/p>\n<p><span class=\"sp-nh-title\">Les modalit\u00e9s d\u2019exercice de l\u2019activit\u00e9 d\u2019information en ligne fix\u00e9es au JO<\/span> &#8211; <span class=\"sp-nh-date\">mardi 8 d\u00e9cembre 2020 19:54<\/span><\/p>\n<p><span class=\"sp-nh-title\">Le Maroc ne peut plus se soustraire aux d\u00e9cisions de l&rsquo;UA<\/span> &#8211; <span class=\"sp-nh-date\">mardi 8 d\u00e9cembre 2020 19:47<\/span><\/p>\n<p><span class=\"sp-nh-title\">S\u00e9minaire sur les risques majeurs : renforcement de la coop\u00e9ration civilo-militaire par l&rsquo;am\u00e9lioration des cadres r\u00e9glementaires<\/span> &#8211; <span class=\"sp-nh-date\">mardi 8 d\u00e9cembre 2020 19:45<\/span><\/p>\n<p><span class=\"sp-nh-title\">Alger: arrestation de plusieurs suspects et saisie de quantit\u00e9s de drogues et de psychotropes.<\/span> &#8211; <span class=\"sp-nh-date\">mardi 8 d\u00e9cembre 2020 19:38<\/span><\/p>\n<p><span class=\"sp-nh-title\">Les jeunes promoteurs en difficult\u00e9 de remboursement seront accompagn\u00e9s par un fonds sp\u00e9cial<\/span> &#8211; <span class=\"sp-nh-date\">mardi 8 d\u00e9cembre 2020 19:35<\/span><\/p>\n<p><span class=\"sp-nh-title\">Campagne nationale pour \u00e9liminer les facteurs de congestion routi\u00e8re<\/span> &#8211; <span class=\"sp-nh-date\">mardi 8 d\u00e9cembre 2020 19:28<\/span><\/p>\n<p><span class=\"sp-nh-title\">Tipasa: 10 ans de prison ferme requises contre l\u2019ex-wali d\u2019Alger Abdelkader Zoukh dans une affaire d\u2019octroi de privil\u00e8ges \u00e0 Ali Haddad<\/span> &#8211; <span class=\"sp-nh-date\">mardi 8 d\u00e9cembre 2020 19:22<\/span><\/p>\n<p><span class=\"sp-nh-title\">L\u2019Ansej devient officiellement l\u2019Agence nationale d&rsquo;appui et de d\u00e9veloppement de l&rsquo;entrepreneuriat<\/span> &#8211; <span class=\"sp-nh-date\">mardi 8 d\u00e9cembre 2020 19:15<\/span><\/p>\n<p><span class=\"sp-nh-title\">Djerad pr\u00e9side un conseil interminist\u00e9riel sur la sauvegarde de la Casbah d\u2019Alger<\/span> &#8211; <span class=\"sp-nh-date\">mardi 8 d\u00e9cembre 2020 19:10<\/span><\/p>\n<p><span class=\"sp-nh-title\">Oran: exportation de 8.000 tonnes de fil machine vers la Roumanie et l\u2019Italie<\/span> &#8211; <span class=\"sp-nh-date\">mardi 8 d\u00e9cembre 2020 19:06<\/span><\/p>\n<p><span class=\"sp-nh-title\">Le taux de mortalit\u00e9 maternel en Alg\u00e9rie est de 48,5\/100.000 naissances vivantes<\/span> &#8211; <span class=\"sp-nh-date\">mardi 8 d\u00e9cembre 2020 18:54<\/span><\/p>\n<p><span class=\"sp-nh-title\">Le Pr de relations internationales Yahia Zoubir \u00e0 l\u2019APS :<\/span> &#8211; <span class=\"sp-nh-date\">mardi 8 d\u00e9cembre 2020 18:42<\/span><\/p>\n<p><span class=\"sp-nh-title\">Energie : Attar se r\u00e9unit avec les cadres du minist\u00e8re<\/span> &#8211; <span class=\"sp-nh-date\">mardi 8 d\u00e9cembre 2020 18:25<\/span><\/p>\n<p><span class=\"sp-nh-title\">Alg\u00e9rie\/Ukraine: Examen des moyens de renforcer la coop\u00e9ration dans le secteur du tourisme<\/span> &#8211; <span class=\"sp-nh-date\">mardi 8 d\u00e9cembre 2020 18:16<\/span><\/p>\n<p><span class=\"sp-nh-title\">Ait Ali Braham \u00e9voque avec l&rsquo;ambassadeur \u00e9thiopien les relations \u00e9conomiques et industrielles bilat\u00e9rales<\/span> &#8211; <span class=\"sp-nh-date\">mardi 8 d\u00e9cembre 2020 18:11<\/span><\/p>\n<p><span class=\"sp-nh-title\">Chitour estime que Marzouki fait de sa croisade contre l&rsquo;Alg\u00e9rie un fonds de commerce<\/span> &#8211; <span class=\"sp-nh-date\">mardi 8 d\u00e9cembre 2020 18:02<\/span><\/p>\n<p><span class=\"sp-nh-title\">Sports scolaire et universitaire : le plan de relance s&rsquo;articulera sur trois axes principaux<\/span> &#8211; <span class=\"sp-nh-date\">mardi 8 d\u00e9cembre 2020 17:37<\/span><\/p>\n<p>Auteur:<br \/>\n<a href=\"http:\/\/www.aps.dz\/regions\/113903-setif-2-morts-et-3-blesses-dans-un-accident-de-la-circulation-a-ain-oulmene\">Cliquez ici pour lire l&rsquo;article depuis sa source.<\/a><\/p>\n","protected":false},"excerpt":{"rendered":"<p>Publication des nouvelles missions de l&rsquo;agence de d\u00e9veloppement de la PME et de la promotion de l&rsquo;innovation &#8211; mardi 8 d\u00e9cembre 2020 20:02 Micro-Entreprises: Diafat s\u2019entretient avec l&rsquo;ambassadrice deTurquie &#8211; mardi 8 d\u00e9cembre 2020 20:01 Hemdani et l&rsquo;ambassadeur de Suisse examinent les perspectives de coop\u00e9ration bilat\u00e9rale &#8211; mardi 8 d\u00e9cembre 2020 19:58 Les modalit\u00e9s d\u2019exercice [&hellip;]<\/p>\n","protected":false},"author":1790,"featured_media":0,"comment_status":"closed","ping_status":"closed","sticky":false,"template":"","format":"standard","meta":{"fifu_image_url":"","fifu_image_alt":"","footnotes":""},"categories":[53,76],"tags":[],"class_list":["post-106696","post","type-post","status-publish","format-standard","hentry","category-algerie","category-regions"],"_links":{"self":[{"href":"https:\/\/linitiative.ca\/International\/wp-json\/wp\/v2\/posts\/106696","targetHints":{"allow":["GET"]}}],"collection":[{"href":"https:\/\/linitiative.ca\/International\/wp-json\/wp\/v2\/posts"}],"about":[{"href":"https:\/\/linitiative.ca\/International\/wp-json\/wp\/v2\/types\/post"}],"author":[{"embeddable":true,"href":"https:\/\/linitiative.ca\/International\/wp-json\/wp\/v2\/users\/1790"}],"replies":[{"embeddable":true,"href":"https:\/\/linitiative.ca\/International\/wp-json\/wp\/v2\/comments?post=106696"}],"version-history":[{"count":0,"href":"https:\/\/linitiative.ca\/International\/wp-json\/wp\/v2\/posts\/106696\/revisions"}],"wp:attachment":[{"href":"https:\/\/linitiative.ca\/International\/wp-json\/wp\/v2\/media?parent=106696"}],"wp:term":[{"taxonomy":"category","embeddable":true,"href":"https:\/\/linitiative.ca\/International\/wp-json\/wp\/v2\/categories?post=106696"},{"taxonomy":"post_tag","embeddable":true,"href":"https:\/\/linitiative.ca\/International\/wp-json\/wp\/v2\/tags?post=106696"}],"curies":[{"name":"wp","href":"https:\/\/api.w.org\/{rel}","templated":true}]}}