{"id":106702,"date":"2020-12-08T11:00:00","date_gmt":"2020-12-08T16:00:00","guid":{"rendered":"https:\/\/linitiative.ca\/International\/une-delegation-du-fmi-bientot-en-tunisie-un-nouveau-programme-en-gestation\/"},"modified":"2020-12-08T11:00:00","modified_gmt":"2020-12-08T16:00:00","slug":"une-delegation-du-fmi-bientot-en-tunisie-un-nouveau-programme-en-gestation","status":"publish","type":"post","link":"https:\/\/linitiative.ca\/International\/une-delegation-du-fmi-bientot-en-tunisie-un-nouveau-programme-en-gestation\/","title":{"rendered":"Une d\u00e9l\u00e9gation du FMI bient\u00f4t en Tunisie ; un nouveau programme en gestation"},"content":{"rendered":"<p>\u2022 Lev\u00e9e de la s\u00e9ance pl\u00e9ni\u00e8re hier apr\u00e8s l\u2019\u00e9clatement de violences physiques sous l\u2019h\u00e9micycle<\/p>\n<div readability=\"103\">\n<p class=\"p1 c5\"><span class=\"c4\"><span class=\"c3\"><span class=\"s1 c2\"><strong>Le TEMPS-Yosr GUERFEL AKKARI<\/strong><\/span><\/span><\/span><\/p>\n<p class=\"p2 c6\"><span class=\"c4\"><span class=\"c3\"><strong>Le marathon parlementaire autour de la loi de finances se poursuit. Les d\u00e9put\u00e9s ont poursuivi hier l\u2019examen en pl\u00e9ni\u00e8re des articles de la LF et du budget de l\u2019Etat 2021 en pr\u00e9sence de Ali Kooli, ministre de l\u2019Economie, des Finances et de l\u2019Appui \u00e0 l\u2019Investissement et Khalil Chtourou, Secr\u00e9taire d\u2019Etat charg\u00e9 des finances publiques. Un budget plac\u00e9 sous haute tension et qui continue de s\u2019embraser et attiser les tiraillements politiques sous l\u2019h\u00e9micycle.<span class=\"Apple-converted-space\">\u00a0<\/span><\/strong><\/span><\/span><\/p>\n<p class=\"p1 c7\"><span class=\"c4\"><span class=\"c3\">La s\u00e9ance a \u00e9t\u00e9 lev\u00e9e juste suite \u00e0 la violente bagarre o\u00f9<span class=\"Apple-converted-space\">\u00a0<\/span> les d\u00e9put\u00e9s pour en d\u00e9coudre en sont venus aux mains en dehors de la salle de la pl\u00e9ni\u00e8re.<span class=\"Apple-converted-space\">\u00a0<\/span> Comble de mesquinerie, navrant de le dire \u00e0 l\u2019ARP s\u2019est transform\u00e9e hier en un ring de pugilat : agressions physiques et altercations entre les d\u00e9put\u00e9s du courant D\u00e9mocratique et ceux de la coalition Al Karama.<span class=\"Apple-converted-space\">\u00a0<\/span><\/span><\/span><\/p>\n<p class=\"p2 c8\">\u00a0<\/p>\n<p class=\"p3 c9\"><span class=\"c4\"><span class=\"c3\"><strong>644.872 emplois<span class=\"Apple-converted-space\">\u00a0<\/span><\/strong><\/span><\/span><\/p>\n<p class=\"p3 c9\"><span class=\"c4\"><span class=\"c3\"><strong>dans la fonction publique<span class=\"Apple-converted-space\">\u00a0<\/span><\/strong><\/span><\/span><\/p>\n<p class=\"p3 c9\"><span class=\"c4\"><span class=\"c3\"><strong>en 2021<\/strong><\/span><\/span><\/p>\n<p class=\"p1 c7\"><span class=\"c4\"><span class=\"c3\">Apr\u00e8s avoir approuv\u00e9 les articles 7 et 8 nouveaux du PLF, l\u2019article 9 de ladite loi a suscit\u00e9 la zizanie. Haykel Mekki, pr\u00e9sident de la Commission des finances a appel\u00e9 le gouvernement \u00e0 amender la proposition de l\u2019article en question du fait qu\u2019il ne pr\u00e9voit pas la mise en application de la loi 38\/2020 relatif au recrutement des personnes qui ont d\u00e9pass\u00e9 une p\u00e9riode de dix ans de ch\u00f4mage.<span class=\"Apple-converted-space\">\u00a0<\/span><\/span><\/span><\/p>\n<p class=\"p1 c7\"><span class=\"c4\"><span class=\"c3\">Le budget pr\u00e9voit un total de 644.872 emplois dans la fonction publique en 2021 dont 16000 nouveaux emplois dans les secteurs prioritaires.<\/span><\/span><\/p>\n<p class=\"p1 c7\"><span class=\"c4\"><span class=\"c3\">Les d\u00e9put\u00e9s exigent des \u00e9claircissements et la mise en application effective de la loi 38\/2020.<\/span><\/span><\/p>\n<p class=\"p1 c7\"><span class=\"c4\"><span class=\"c3\"><span class=\"Apple-converted-space\">\u00a0<\/span>Le Secr\u00e9taire d\u2019Etat charg\u00e9 des finances publiques r\u00e9pondant aux interrogations des d\u00e9put\u00e9s annonce que le recrutement d\u2019une partie des ch\u00f4meurs au titre de l\u2019article en question sera inclus dans la LF compl\u00e9mentaire, pr\u00e9vue au terme du premier trimestre de l\u2019ann\u00e9e prochaine.<\/span><\/span><\/p>\n<p class=\"p1 c7\"><span class=\"c4\"><span class=\"c3\">Rappelons que la commission des Finances a rejet\u00e9 les articles de 1 \u00e0 11 de la loi de finances et certains d\u00e9put\u00e9s menacent de rejeter dans son int\u00e9gralit\u00e9 les dispositions d\u2019une loi jug\u00e9e sans \u00e2me et qu\u2019ils estiment en d\u00e9phasage avec la r\u00e9alit\u00e9 et les d\u00e9fis socio-\u00e9conomiques du pays \u00e0 l\u2019\u00e8re de la crise sanitaire.<\/span><\/span><\/p>\n<p class=\"p2 c8\">\u00a0<\/p>\n<p class=\"p3 c9\"><span class=\"c4\"><span class=\"c3\"><strong>15,5 milliards de dettes<span class=\"Apple-converted-space\">\u00a0<\/span><\/strong><\/span><\/span><\/p>\n<p class=\"p3 c9\"><span class=\"c4\"><span class=\"c3\"><strong>\u00e0 rembourser en 2021<\/strong><\/span><\/span><\/p>\n<p class=\"p1 c7\"><span class=\"c4\"><span class=\"c3\"><span class=\"Apple-converted-space\">\u00a0<\/span>Dans la soir\u00e9e du dimanche, Ali Kooli a annonc\u00e9 la r\u00e9vision \u00e0 la baisse du budget de l\u2019Etat passant de 52,6 milliards de dinars \u00e0 51,8 milliards de dinars, soit une infime baisse de 0,8 milliards de dinars. Le ministre s\u2019engage par ailleurs \u00e0 lancer le train de la r\u00e9forme notamment en relation avec le syst\u00e8me de compensation, la restructuration des entreprises publiques et la rationalisation de la masse salariale. Il a annonc\u00e9 par ailleurs qu\u2019une d\u00e9l\u00e9gation du Fonds Mon\u00e9taire International effectuera une visite, la semaine prochaine, en Tunisie, pour pr\u00e9parer les nouvelles n\u00e9gociations, pour un \u00e9ventuel programme de coop\u00e9ration.<span class=\"Apple-converted-space\">\u00a0<\/span><\/span><\/span><\/p>\n<p class=\"p1 c7\"><span class=\"c4\"><span class=\"c3\">Pour M.Kooli, il n y a pas vraiment le feu \u00e0 la maison \u00e9cartant toute menace de faillite ou de cessation de paiement. Pour ce faire, il compte a priori sur les actifs immobiliers de l\u2019Etat pour \u00e9viter la banqueroute fortement appr\u00e9hend\u00e9e ces derniers temps. <span class=\"Apple-converted-space\">\u00a0<\/span><\/span><\/span><\/p>\n<p class=\"p1 c7\"><span class=\"c4\"><span class=\"c3\">\u00ab Le remboursement des emprunts d\u2019une valeur de 15,5 milliards de dinars en 2021 est une d\u00e9cision audacieuse \u00bb, insiste le ministre des Finances. Une d\u00e9cision qui ne manquera de consolider le capital confiance chez les bailleurs de fonds internationaux.<span class=\"Apple-converted-space\">\u00a0<\/span> D\u2019ailleurs une d\u00e9l\u00e9gation du FMI sera en visite en Tunisie au cours de cette semaine. Au menu : entamer les n\u00e9gociations autour d\u2019un nouveau programme de financement. Des n\u00e9gociations qui s\u2019annoncent fort ardentes au vu de la situation d\u00e9licate de nos finances publiques, et o\u00f9 la versatilit\u00e9 du climat politique et sociale ajout\u00e9e et le retard observ\u00e9 dans la mise en place des r\u00e9formes, n\u2019ont fait qu\u2019alimenter la d\u00e9fiance de nos pourvoyeurs financiers .<\/span><\/span><\/p>\n<p class=\"p2 c6\">\u00a0<\/p>\n<p class=\"p4 c10\"><span class=\"c4\"><span class=\"c3\"><strong>YGA<\/strong><\/span><\/span><\/p>\n<\/div>\n<p>Auteur: letemps1<br \/>\n<a href=\"http:\/\/www.letemps.com.tn\/article\/118389\/une-d%C3%A9l%C3%A9gation-du-fmi-bient%C3%B4t-en-tunisie-un-nouveau-programme-en-gestation\">Cliquez ici pour lire l&rsquo;article depuis sa source.<\/a><\/p>\n","protected":false},"excerpt":{"rendered":"<p>\u2022 Lev\u00e9e de la s\u00e9ance pl\u00e9ni\u00e8re hier apr\u00e8s l\u2019\u00e9clatement de violences physiques sous l\u2019h\u00e9micycle Le TEMPS-Yosr GUERFEL AKKARI Le marathon parlementaire autour de la loi de finances se poursuit. Les d\u00e9put\u00e9s ont poursuivi hier l\u2019examen en pl\u00e9ni\u00e8re des articles de la LF et du budget de l\u2019Etat 2021 en pr\u00e9sence de Ali Kooli, ministre de [&hellip;]<\/p>\n","protected":false},"author":1773,"featured_media":0,"comment_status":"closed","ping_status":"closed","sticky":false,"template":"","format":"standard","meta":{"fifu_image_url":"","fifu_image_alt":"","footnotes":""},"categories":[73,55],"tags":[],"class_list":["post-106702","post","type-post","status-publish","format-standard","hentry","category-actualite","category-tunisie"],"_links":{"self":[{"href":"https:\/\/linitiative.ca\/International\/wp-json\/wp\/v2\/posts\/106702","targetHints":{"allow":["GET"]}}],"collection":[{"href":"https:\/\/linitiative.ca\/International\/wp-json\/wp\/v2\/posts"}],"about":[{"href":"https:\/\/linitiative.ca\/International\/wp-json\/wp\/v2\/types\/post"}],"author":[{"embeddable":true,"href":"https:\/\/linitiative.ca\/International\/wp-json\/wp\/v2\/users\/1773"}],"replies":[{"embeddable":true,"href":"https:\/\/linitiative.ca\/International\/wp-json\/wp\/v2\/comments?post=106702"}],"version-history":[{"count":0,"href":"https:\/\/linitiative.ca\/International\/wp-json\/wp\/v2\/posts\/106702\/revisions"}],"wp:attachment":[{"href":"https:\/\/linitiative.ca\/International\/wp-json\/wp\/v2\/media?parent=106702"}],"wp:term":[{"taxonomy":"category","embeddable":true,"href":"https:\/\/linitiative.ca\/International\/wp-json\/wp\/v2\/categories?post=106702"},{"taxonomy":"post_tag","embeddable":true,"href":"https:\/\/linitiative.ca\/International\/wp-json\/wp\/v2\/tags?post=106702"}],"curies":[{"name":"wp","href":"https:\/\/api.w.org\/{rel}","templated":true}]}}