{"id":106704,"date":"2020-12-08T11:00:00","date_gmt":"2020-12-08T16:00:00","guid":{"rendered":"https:\/\/linitiative.ca\/International\/ass-et-ob-il-faut-bien-sen-mefier\/"},"modified":"2020-12-08T11:00:00","modified_gmt":"2020-12-08T16:00:00","slug":"ass-et-ob-il-faut-bien-sen-mefier","status":"publish","type":"post","link":"https:\/\/linitiative.ca\/International\/ass-et-ob-il-faut-bien-sen-mefier\/","title":{"rendered":"ASS et OB, il faut bien s\u2019en m\u00e9fier\u00a0!"},"content":{"rendered":"<p class=\"p1 c3\"><span class=\"c2\">Cinq matches seulement sur les sept d\u2019une journ\u00e9e tronqu\u00e9e par le report des rencontres entre le CSS\u00a0 et l\u2019US M d\u00fb \u00e0 l\u2019engagement des deux \u00e9quipes engag\u00e9es respectivement en Ligue des Champions et en coupe de la Conf\u00e9d\u00e9ration et le match devant opposer en d\u00e9placement le C Africain au vainqueur du tournoi quadripartite\u00a0dont le vainqueur devrait remplace le CS Chebba rel\u00e9gu\u00e9 en division inf\u00e9rieure sur d\u00e9cision de la F\u00e9d\u00e9ration Tunisienne de Football.<\/span><\/p>\n<p class=\"p1 c3\"><span class=\"c2\">Bien s\u00fbr qu\u2019il faudrait mettre en exergue la victoire de l\u2019Etoile Sportive du Sahel obtenue en d\u00e9placement\u00a0 sur le score de (2-1) aux d\u00e9pens du CS Bizertin. Mais, il y a lieu de souligner le mauvais d\u00e9part des cabistes Une d\u00e9faite d\u2019embl\u00e9e n\u2019augure rien de bon pour eux et sont par cons\u00e9quent tenus de se reprendre dans les meilleurs d\u00e9lais s\u2019il veulent \u00e9viter les frayeurs de l\u2019exercice \u00e9coul\u00e9. Tout comme il faudrait mettre en relief\u00a0 la victoire de l\u2019AS R\u00e9jiche devant l\u2019US Tataouine par (2-0). il ne faudrait pas\u00a0 occulter pour autant\u00a0 la bonne affaire de l\u2019US Ben Guerdene qui est all\u00e9e ramener un nul blanc face \u00e0 l\u2019ES Metlaoui.<\/span><\/p>\n<p class=\"p2 c4\">\u00a0<\/p>\n<p class=\"p3 c5\"><span class=\"c2\"><strong>Quand l\u2019ASS et l\u2019OB fr\u00f4lent\u00a0 la victoire devant deux t\u00e9nors\u00a0<\/strong><\/span><\/p>\n<p class=\"p1 c3\"><span class=\"c2\">Mais la palme de la journ\u00e9e devait revenir incontestablement \u00e0 l\u2019AS Soliman qui a r\u00e9ussi \u00e0 tenir en \u00e9chec, et de surcro\u00eet hors de ses bases, le champion sortant esp\u00e9rantiste par (2-2).\u00a0 L\u2019autre laur\u00e9at de la journ\u00e9e est\u00a0 l\u2019O B\u00e9ja qui est parvenu \u00e0 ramener un pr\u00e9cieux point de son difficile d\u00e9placement au stade du Bardo, non sans avoir fr\u00f4l\u00e9 la victoire; En effet, les \u2018Cigognes\u2019, bien en jambes et volontaires \u00e0 souhait, ont men\u00e9 au score jusqu\u2019au temps additionnel et sans la fatale erreur de leur gardien qui leur ont co\u00fbt\u00e9 le but de l\u2019\u00e9galisation, ils auraient pu rentrer avec les trois points de la victoire. Toujours est-il qu\u2019\u00e0 la lumi\u00e8re de leur prestation devant l\u2019\u00e9quipe bordolaise, l\u2019on peut dire que les B\u00e9jaouas\u00a0 sont bien partis pour r\u00e9ussir une probante saison.<\/span><\/p>\n<p class=\"p4 c6\"><span class=\"c2\"><strong>Ameur KERKENNI<\/strong><\/span><\/p>\n<p>Auteur: letemps1<br \/>\n<a href=\"http:\/\/www.letemps.com.tn\/article\/118391\/ass-et-ob-il-faut-bien-s%E2%80%99en-m%C3%A9fier%C2%A0\">Cliquez ici pour lire l&rsquo;article depuis sa source.<\/a><\/p>\n","protected":false},"excerpt":{"rendered":"<p>Cinq matches seulement sur les sept d\u2019une journ\u00e9e tronqu\u00e9e par le report des rencontres entre le CSS\u00a0 et l\u2019US M d\u00fb \u00e0 l\u2019engagement des deux \u00e9quipes engag\u00e9es respectivement en Ligue des Champions et en coupe de la Conf\u00e9d\u00e9ration et le match devant opposer en d\u00e9placement le C Africain au vainqueur du tournoi quadripartite\u00a0dont le vainqueur [&hellip;]<\/p>\n","protected":false},"author":1773,"featured_media":0,"comment_status":"closed","ping_status":"closed","sticky":false,"template":"","format":"standard","meta":{"fifu_image_url":"","fifu_image_alt":"","footnotes":""},"categories":[73,55],"tags":[],"class_list":["post-106704","post","type-post","status-publish","format-standard","hentry","category-actualite","category-tunisie"],"_links":{"self":[{"href":"https:\/\/linitiative.ca\/International\/wp-json\/wp\/v2\/posts\/106704","targetHints":{"allow":["GET"]}}],"collection":[{"href":"https:\/\/linitiative.ca\/International\/wp-json\/wp\/v2\/posts"}],"about":[{"href":"https:\/\/linitiative.ca\/International\/wp-json\/wp\/v2\/types\/post"}],"author":[{"embeddable":true,"href":"https:\/\/linitiative.ca\/International\/wp-json\/wp\/v2\/users\/1773"}],"replies":[{"embeddable":true,"href":"https:\/\/linitiative.ca\/International\/wp-json\/wp\/v2\/comments?post=106704"}],"version-history":[{"count":0,"href":"https:\/\/linitiative.ca\/International\/wp-json\/wp\/v2\/posts\/106704\/revisions"}],"wp:attachment":[{"href":"https:\/\/linitiative.ca\/International\/wp-json\/wp\/v2\/media?parent=106704"}],"wp:term":[{"taxonomy":"category","embeddable":true,"href":"https:\/\/linitiative.ca\/International\/wp-json\/wp\/v2\/categories?post=106704"},{"taxonomy":"post_tag","embeddable":true,"href":"https:\/\/linitiative.ca\/International\/wp-json\/wp\/v2\/tags?post=106704"}],"curies":[{"name":"wp","href":"https:\/\/api.w.org\/{rel}","templated":true}]}}