{"id":106705,"date":"2020-12-08T11:00:00","date_gmt":"2020-12-08T16:00:00","guid":{"rendered":"https:\/\/linitiative.ca\/International\/ramy-jeridi-en-renfort\/"},"modified":"2020-12-08T11:00:00","modified_gmt":"2020-12-08T16:00:00","slug":"ramy-jeridi-en-renfort","status":"publish","type":"post","link":"https:\/\/linitiative.ca\/International\/ramy-jeridi-en-renfort\/","title":{"rendered":"Ramy J\u00e9ridi en renfort\u00a0!"},"content":{"rendered":"<p class=\"p1 c3\"><span class=\"c2\">Le CAB a d\u00e9but\u00e9 sa nouvelle saison par une d\u00e9faite au Bsiri. Une d\u00e9faite qui cache mal les nombreuses d\u00e9fections constat\u00e9es dans la prestation de l\u2019\u00e9quipe qui a manqu\u00e9 beaucoup de difficult\u00e9s \u00e0 d\u00e9rouler un football de qualit\u00e9 face \u00e0 un adversaire plus exp\u00e9riment\u00e9 et mieux structur\u00e9. Toutefois, les bizertins ont eu le m\u00e9rite de jouer sans complexe et de se d\u00e9fendre avec les moyens du bord.<\/span><\/p>\n<p class=\"p1 c3\"><span class=\"c2\">La rencontre CAB \u2013 ESS constituait dans un pass\u00e9 r\u00e9cent un classico du championnat national. Ce n\u2019\u00e9tait pas le cas dimanche, m\u00eame si l\u2019\u00e9quipe bizertine tr\u00e8s affect\u00e9e par les nombreux d\u00e9parts enregistr\u00e9s dans ses rangs depuis le d\u00e9but du \u00ab\u00a0mercato\u00a0\u00bb a essay\u00e9 de faire de son mieux et de tenir la drag\u00e9e haute \u00e0 son adversaire du jour, pour repartir au bout des 90 minutes de jeu avec une d\u00e9faite qui ne devrait pas leur faire honte. Bien au contraire, les jeunes lanc\u00e9s dans le bain par Mokhtar Trabelsi n\u2019ont pas d\u00e9m\u00e9rit\u00e9s en attendant la qualification des joueurs nouvellement recrut\u00e9s apr\u00e8s la lev\u00e9e de l\u2019interdiction de recrutement inflig\u00e9e par la FIFA. D\u2019ailleurs, les bizertins se sont pr\u00e9sent\u00e9s avec 6 rempla\u00e7ants seulement. La qualification des nouveaux venus va certainement donner au staff technique une plus grande marge de choix.<\/span><\/p>\n<p class=\"p2 c4\">\u00a0<\/p>\n<p class=\"p3 c5\"><span class=\"c2\"><strong>Recrutements<\/strong><\/span><\/p>\n<p class=\"p1 c3\"><span class=\"c2\">Aux deniers jours du \u00ab\u00a0mercato\u00a0\u00bb, les responsables bizertins ont pes\u00e9 de tout leur poids pour \u00e9toffer l\u2019effectif en place afin de permettre au staff technique de pouvoir travailler dans la qui\u00e9tude.<span class=\"Apple-converted-space\">\u00a0<\/span><\/span><\/p>\n<p class=\"p1 c3\"><span class=\"c2\">Ainsi, le milieu de terrain br\u00e9silien Wendel Alex Dos Santos Meia a sign\u00e9 samedi un contrat de de 3 saisons. Il a jou\u00e9 la derni\u00e8re saison sous les couleurs de l\u2019\u00e9quipe br\u00e9silienne de Serranense FC.<\/span><\/p>\n<p class=\"p1 c3\"><span class=\"c2\">L\u2019autre recrue \u00e9trang\u00e8re est le nig\u00e9rien Amadou qui sera bizertin jusqu\u2019au mois de juin 2024. International en \u00e9quipe nationale du Niger, ce joueur occupe le poste de joueur de couloir offensif et n\u2019est \u00e2g\u00e9 que de 20 ans. E CAB a \u00e9galement engag\u00e9 un jeune milieu de terrain ivoirien. Brahima Doumbia a sign\u00e9 un contrat de 2 ans.<\/span><\/p>\n<p class=\"p3 c5\"><span class=\"c2\"><strong>J\u00e9ridi arrive<\/strong><\/span><\/p>\n<p class=\"p1 c3\"><span class=\"c2\">Le dernier recrutement op\u00e9r\u00e9 est celui de l\u2019ancien international RamyJeridi, l\u2019ancien gardien de l\u2019ES Tunis qui a \u00e9volu\u00e9 \u00e9galement \u00e0 l\u2019EOGK, au ST, et au CSS. Jeridi a sign\u00e9 un contrat d\u2019une saison avec possibilit\u00e9 de prolongement pour une saison suppl\u00e9mentaire.<span class=\"Apple-converted-space\">\u00a0<\/span><\/span><\/p>\n<p class=\"p1 c3\"><span class=\"c2\">L\u2019arriv\u00e9e de Jeridi devrait relancer la concurrence avec Na\u00efm Mathlouthi apr\u00e8s l\u2019\u00e9chec des pourparlers avec KhemaiesThamri.<span class=\"Apple-converted-space\">\u00a0<\/span><\/span><\/p>\n<p class=\"p4 c6\"><span class=\"c2\"><strong>Hichem<\/strong><\/span><\/p>\n<p>Auteur: letemps1<br \/>\n<a href=\"http:\/\/www.letemps.com.tn\/article\/118392\/ramy-j%C3%A9ridi-en-renfort%C2%A0\">Cliquez ici pour lire l&rsquo;article depuis sa source.<\/a><\/p>\n","protected":false},"excerpt":{"rendered":"<p>Le CAB a d\u00e9but\u00e9 sa nouvelle saison par une d\u00e9faite au Bsiri. Une d\u00e9faite qui cache mal les nombreuses d\u00e9fections constat\u00e9es dans la prestation de l\u2019\u00e9quipe qui a manqu\u00e9 beaucoup de difficult\u00e9s \u00e0 d\u00e9rouler un football de qualit\u00e9 face \u00e0 un adversaire plus exp\u00e9riment\u00e9 et mieux structur\u00e9. Toutefois, les bizertins ont eu le m\u00e9rite de [&hellip;]<\/p>\n","protected":false},"author":1773,"featured_media":0,"comment_status":"closed","ping_status":"closed","sticky":false,"template":"","format":"standard","meta":{"fifu_image_url":"","fifu_image_alt":"","footnotes":""},"categories":[73,55],"tags":[],"class_list":["post-106705","post","type-post","status-publish","format-standard","hentry","category-actualite","category-tunisie"],"_links":{"self":[{"href":"https:\/\/linitiative.ca\/International\/wp-json\/wp\/v2\/posts\/106705","targetHints":{"allow":["GET"]}}],"collection":[{"href":"https:\/\/linitiative.ca\/International\/wp-json\/wp\/v2\/posts"}],"about":[{"href":"https:\/\/linitiative.ca\/International\/wp-json\/wp\/v2\/types\/post"}],"author":[{"embeddable":true,"href":"https:\/\/linitiative.ca\/International\/wp-json\/wp\/v2\/users\/1773"}],"replies":[{"embeddable":true,"href":"https:\/\/linitiative.ca\/International\/wp-json\/wp\/v2\/comments?post=106705"}],"version-history":[{"count":0,"href":"https:\/\/linitiative.ca\/International\/wp-json\/wp\/v2\/posts\/106705\/revisions"}],"wp:attachment":[{"href":"https:\/\/linitiative.ca\/International\/wp-json\/wp\/v2\/media?parent=106705"}],"wp:term":[{"taxonomy":"category","embeddable":true,"href":"https:\/\/linitiative.ca\/International\/wp-json\/wp\/v2\/categories?post=106705"},{"taxonomy":"post_tag","embeddable":true,"href":"https:\/\/linitiative.ca\/International\/wp-json\/wp\/v2\/tags?post=106705"}],"curies":[{"name":"wp","href":"https:\/\/api.w.org\/{rel}","templated":true}]}}