{"id":106706,"date":"2020-12-08T11:00:00","date_gmt":"2020-12-08T16:00:00","guid":{"rendered":"https:\/\/linitiative.ca\/International\/force-mentale-des-joueurs\/"},"modified":"2020-12-08T11:00:00","modified_gmt":"2020-12-08T16:00:00","slug":"force-mentale-des-joueurs","status":"publish","type":"post","link":"https:\/\/linitiative.ca\/International\/force-mentale-des-joueurs\/","title":{"rendered":"\u00abForce mentale des joueurs\u00bb"},"content":{"rendered":"<p class=\"p1 c3\"><span class=\"c2\">L\u2019US Monastir a souffert le martyr \u00e0 Addis-Abeba avant de lib\u00e9rer les siens \u00e0 la 8\u00e8me minute du temps additionnel. Vainqueur au match aller disput\u00e9 une semaine auparavant \u00e0 Monastir, l\u2019USM n\u2019\u00e9tait pas tellement \u00e0 l\u2019abri et son entra\u00eeneur Lassa\u00e2d Chebbi l\u2019a bien mentionn\u00e9 lors de la conf\u00e9rence de presse tenue avant le d\u00e9part en Ethiopie. Cela s\u2019est effectivement v\u00e9rifi\u00e9 dimanche sur la pelouse du Stadium lorsque les \u00e9thiopiens de FasulKatema ont men\u00e9 2\/0 apr\u00e8s seulement 50 minutes de jeu et se sont retrouv\u00e9s plus d\u2019une fois tr\u00e8s pr\u00e8s du troisi\u00e8me but.<span class=\"Apple-converted-space\">\u00a0<\/span><\/span><\/p>\n<p class=\"p1 c3\"><span class=\"c2\">Lassa\u00e2d Chebbi n\u2019a pas pris de risque, il reconduit \u00e0 un \u00e9l\u00e9ment pr\u00e8s la m\u00eame formation qui a jou\u00e9 \u00e0 Monastir avec la rentr\u00e9e de Idriss Mhirssi \u00e0 la place de Shafiu Mimovi afin de faire profiter son \u00e9quipe de l\u2019exp\u00e9rience de l\u2019ancien esp\u00e9rantiste dans ce genre de rencontre. Mais les conditions climatiques et l\u2019altitude ont pes\u00e9 lourdement dans les jambes des joueurs qui n\u2019ont pas eu le jus n\u00e9cessaire pour pouvoir tenir t\u00eate se faisant prendre \u00e0 d\u00e9faut \u00e0 deux reprises. En face les \u00e9thiopiens soutenus par un grand nombre de leurs supporters ont bien n\u00e9goci\u00e9 leur match, acculant les monastiriens dans leurs derniers retranchement et cr\u00e9ant le surnombre devant la cage de Ben Sa\u00efd \u00e9gal \u00e0 lui-m\u00eame et qui a sauv\u00e9 plus d\u2019une situation compromettante.<span class=\"Apple-converted-space\">\u00a0<\/span><\/span><\/p>\n<p class=\"p1 c3\"><span class=\"c2\">Pourtant les Tunisiens n\u2019ont pas jou\u00e9 la d\u00e9fensive mais ils ont \u00e9t\u00e9 lents dans leur mani\u00e8re de proc\u00e9der et n\u2019ont pu profiter des espaces c\u00e9d\u00e9s par leurs adversaires, surtout que Ali Amri \u00e9tait bien surveill\u00e9 et que la sortie pr\u00e9matur\u00e9e de Kouni Khalfa a perturb\u00e9 les plans du staff technique. Disons qu\u2019ils ont rat\u00e9 la premi\u00e8re mi-temps.<span class=\"Apple-converted-space\">\u00a0<\/span><\/span><\/p>\n<p class=\"p1 c3\"><span class=\"c2\">Au fil des minutes, les Monastiriens ont commenc\u00e9 \u00e0 perdre de leur concentration et le second but d\u00e9note parfaitement les difficult\u00e9s rencontr\u00e9es au cours de la seconde moiti\u00e9 du match.<span class=\"Apple-converted-space\">\u00a0<\/span><\/span><\/p>\n<p class=\"p1 c3\"><span class=\"c2\">Apr\u00e8s le second but et la rentr\u00e9e de Shafiu pour remplacer Fehmi Ben Romdhane bless\u00e9, les Monsatiriens ont mieux jou\u00e9 et se sont porter plus en attaque pour parvenir \u00e0 la 8\u00e8me minute du temps additionnel de marquer le but lib\u00e9rateur, celui qui leur a permis de se qualifier au second tour. Le but de Fedi Arfaoui mont\u00e9 en attaque a \u00e9t\u00e9 fatidique. L\u2019USM pour sa premi\u00e8re participation en comp\u00e9tition africaine, a r\u00e9ussi \u00e0 passer au second tour o\u00f9 il retrouvera Ahly Tripoli entra\u00een\u00e9 par Jalel Kadri.<\/span><\/p>\n<p class=\"p1 c3\"><span class=\"c2\">Les Monastiriens doivent tirer les cons\u00e9quences de leur premi\u00e8re sortie continentale afin de poursuivre leur aventure le plus loin possible.<span class=\"Apple-converted-space\">\u00a0<\/span><\/span><\/p>\n<p class=\"p1 c3\"><span class=\"c2\">A la fin de la rencontre, Lassa\u00e2d Chebbi n\u2019a pas cach\u00e9 sa satisfaction de la qualification de son \u00e9quipe, mais il n\u2019a pas manqu\u00e9 de souligner que les \u00e9normes occasions rat\u00e9es au match aller \u00e0 Monastir ont failli jouer un mauvais tour \u00e0 l\u2019\u00e9quipe. Il a salu\u00e9 la r\u00e9action de ses joueurs apr\u00e8s le second but et leurs r\u00e9serves mentalesqui leur ont permis de revenir au score et assurer la qualification.<span class=\"Apple-converted-space\">\u00a0<\/span><\/span><\/p>\n<p class=\"p2 c4\"><span class=\"c2\"><strong>M.R<\/strong><\/span><\/p>\n<p>Auteur: letemps1<br \/>\n<a href=\"http:\/\/www.letemps.com.tn\/article\/118393\/%C2%ABforce-mentale-des-joueurs%C2%BB\">Cliquez ici pour lire l&rsquo;article depuis sa source.<\/a><\/p>\n","protected":false},"excerpt":{"rendered":"<p>L\u2019US Monastir a souffert le martyr \u00e0 Addis-Abeba avant de lib\u00e9rer les siens \u00e0 la 8\u00e8me minute du temps additionnel. Vainqueur au match aller disput\u00e9 une semaine auparavant \u00e0 Monastir, l\u2019USM n\u2019\u00e9tait pas tellement \u00e0 l\u2019abri et son entra\u00eeneur Lassa\u00e2d Chebbi l\u2019a bien mentionn\u00e9 lors de la conf\u00e9rence de presse tenue avant le d\u00e9part en [&hellip;]<\/p>\n","protected":false},"author":1773,"featured_media":0,"comment_status":"closed","ping_status":"closed","sticky":false,"template":"","format":"standard","meta":{"fifu_image_url":"","fifu_image_alt":"","footnotes":""},"categories":[73,55],"tags":[],"class_list":["post-106706","post","type-post","status-publish","format-standard","hentry","category-actualite","category-tunisie"],"_links":{"self":[{"href":"https:\/\/linitiative.ca\/International\/wp-json\/wp\/v2\/posts\/106706","targetHints":{"allow":["GET"]}}],"collection":[{"href":"https:\/\/linitiative.ca\/International\/wp-json\/wp\/v2\/posts"}],"about":[{"href":"https:\/\/linitiative.ca\/International\/wp-json\/wp\/v2\/types\/post"}],"author":[{"embeddable":true,"href":"https:\/\/linitiative.ca\/International\/wp-json\/wp\/v2\/users\/1773"}],"replies":[{"embeddable":true,"href":"https:\/\/linitiative.ca\/International\/wp-json\/wp\/v2\/comments?post=106706"}],"version-history":[{"count":0,"href":"https:\/\/linitiative.ca\/International\/wp-json\/wp\/v2\/posts\/106706\/revisions"}],"wp:attachment":[{"href":"https:\/\/linitiative.ca\/International\/wp-json\/wp\/v2\/media?parent=106706"}],"wp:term":[{"taxonomy":"category","embeddable":true,"href":"https:\/\/linitiative.ca\/International\/wp-json\/wp\/v2\/categories?post=106706"},{"taxonomy":"post_tag","embeddable":true,"href":"https:\/\/linitiative.ca\/International\/wp-json\/wp\/v2\/tags?post=106706"}],"curies":[{"name":"wp","href":"https:\/\/api.w.org\/{rel}","templated":true}]}}