{"id":106719,"date":"2020-12-08T09:00:00","date_gmt":"2020-12-08T14:00:00","guid":{"rendered":"https:\/\/linitiative.ca\/International\/mohamed-larbi-bouguerra-nos-dechets-et-ceux-des-autres\/"},"modified":"2020-12-08T09:00:00","modified_gmt":"2020-12-08T14:00:00","slug":"mohamed-larbi-bouguerra-nos-dechets-et-ceux-des-autres","status":"publish","type":"post","link":"https:\/\/linitiative.ca\/International\/mohamed-larbi-bouguerra-nos-dechets-et-ceux-des-autres\/","title":{"rendered":"Mohamed Larbi Bouguerra: Nos d\u00e9chets et ceux des autres"},"content":{"rendered":"<p><span class=\"c3\"><span class=\"c2\"><em><strong><img decoding=\"async\" src=\"\/uploads\/FCK_files\/Mohamed-Larbi-Bouguerra(34).jpg\" width=\"20%\" vspace=\"5\" hspace=\"5\" align=\"left\" alt=\"\"\/>Par Mohamed Larbi Bouguerra &#8211;<\/strong><\/em><\/span><\/span> A l\u2019heure o\u00f9 l\u2019on f\u00eate le 64\u00e8me anniversaire de la Douane tunisienne, il est clair que l\u2019obscure affaire des containers de d\u00e9chets en provenance d\u2019Italie tombe fort mal!<\/p>\n<p>Pourquoi, en effet, un Tunisien consent-il &#8211; a la barbe de la Douane? &#8211; \u00e0 importer dans son pays natal les d\u00e9chets, les ordures et les poubelles des h\u00f4pitaux des Italiens, voire peut \u00eatre leurs produis radioactifs?<br \/>D\u2019abord, bien s\u00fbr le profit, le lucre, l\u2019argent qui n\u2019a pas d\u2019odeur comme disait d\u00e9j\u00e0 l\u2019empereur romain Vespasien \u00e0 son fils quand il avait impos\u00e9 une taxe sur les latrines. Bien s\u00fbr, pour profiter de cet argent, il faut avoir le nez bouch\u00e9 \u00e0 l\u2019\u00e9meri et l\u2019esprit ferm\u00e9 \u00e0 l\u2019\u00e9thique.<\/p>\n<p>Ensuite, il y a aussi la mafia &#8211; comment parler affaires en Italie sans \u00e9voquer la Pieuvre &#8211; la Cosa Nostra sicilienne, mourante dit-on, la Camorra napolitaine qui a mis la main, dans la r\u00e9gion, sur les d\u00e9chets depuis des d\u00e9cennies et la puissante La\u2019Ndrangeta calabraise, multinationale du crime pr\u00e9sente sur les cinq continents?<\/p>\n<p>Ensuite, il y a l\u2019\u00e9c\u0153urant spectacle de nos propres d\u00e9chets jonchant nos rues, nos routes, nos oliveraies et s\u2019exposant sans vergogne m\u00eame \u00e0 l\u2019entr\u00e9e de nos h\u00f4pitaux universitaires. Ce Tunisien a d\u00fb se dire : \u00abquelques tonnes de plus ou de moins\u2026\u00bb en prenant pr\u00e9texte de la vue et des miasmes de ces ignobles containers odorif\u00e9rants, d\u00e9bordants, jamais nettoy\u00e9s, jamais ferm\u00e9s et abritant des hordes de chats, de chiens, de rats, d\u2019insectes et de reptiles divers qui ornent nos villes et nos \u00eeles, m\u00eame les plus touristiques. \u00abL\u2019attention \u00e0 la propret\u00e9 est faite pour le regard et l\u2019odorat\u00bb \u00e9crit le sociologue Georges Vigarello dans son ouvrage \u00abLe propre et le sale\u00bb (Editions du Seuil, Paris, 1985)<\/p>\n<p>Bien s\u00fbr, tout organisme, pour vivre, produit des d\u00e9chets, des excreta via son m\u00e9tabolisme normal; mais il y a \u00e9galement une socialisation par la lutte contre le d\u00e9chet car la salet\u00e9 reste une offense, une atteinte \u00e0 l\u2019ordre.<\/p>\n<p>Nettoyer demeure un \u00abacte de fabrication du social\u00bb au premier chef, un marqueur du \u00abprocessus de civilisation\u00bb pour le sociologue allemand Norbert Elias.<br \/>Nos responsables ont constamment failli \u00e0 cette t\u00e2che, celle de la fabrication du social aux terribles cons\u00e9quences sur toute la population et son environnement. Atteinte \u00e0 l\u2019ordre, nos d\u00e9chets autorisent toutes les d\u00e9viances, tous les comportements asociaux.<\/p>\n<p>Il faut donc bien m\u00e9priser son pays natal, sa soci\u00e9t\u00e9 d\u2019origine pour lui infliger cette marque supr\u00eame d\u2019indignit\u00e9: recueillir les d\u00e9chets du m\u00e9tabolisme des autres. Il est vrai que nos municipalit\u00e9s et le comportement de certains de nos concitoyens vis-\u00e0-vis de leurs d\u00e9chets lui ont facilit\u00e9, dans une certaine mesure, la t\u00e2che!<\/p>\n<p><span class=\"c5\"><span class=\"c4\"><strong>Les travers de la soci\u00e9t\u00e9 de consommation<\/strong><\/span><\/span><\/p>\n<p>Nos \u00e9diles devraient suivre l\u2019exemple des quelques villes qui, depuis la fin des ann\u00e9es 1990, ont pris des initiatives \u00ab z\u00e9ro d\u00e9chet \u00bb comme Capannori en Italie &#8211; oui en Italie &#8211; et San Francisco, Oakland, New York, San Di\u00e9go, Dallas aux Etats Unis et aussi au Br\u00e9sil, en Nouvelle Z\u00e9lande, au Japon. Ces cit\u00e9s essaient de r\u00e9duire leurs d\u00e9chets, de les r\u00e9utiliser ou de les recycler. C\u2019est peut-\u00eatre plus utile que la caisse de Zakat du Kram!<\/p>\n<p>Est-il possible de suivre l\u2019exemple de ces villes chez nous? Il semblerait qu\u2019il y ait de timides tentatives mais comment oublier que les sacs noirs et en plastique n\u2019ont jamais disparu chez nous? En d\u00e9pit de maintes gesticulations du gouvernement ! Comment oublier la r\u00e9cente tragi-com\u00e9die des sacs en plastique pour l\u2019emballage du ciment? Les lobbies, eux, ne voient pas plus loin que leurs livres de compte et la satisfaction de leurs actionnaires. Ils\u00a0 se battent l\u2019\u0153il des retomb\u00e9es environnementales &#8211; comme ces canalisations bouch\u00e9es par les sacs et les emballages en plastique qui causent nos bien r\u00e9guli\u00e8res \u00ab inondations catastrophiques \u00bb et infligent tout aussi r\u00e9guli\u00e8rement des pertes aux \u00e9leveurs dont le b\u00e9tail meurt pour avoir ing\u00e9r\u00e9 du plastique. Pour ne rien dire de la faune sauvage et de la biodiversit\u00e9.<br \/>M\u00eame l\u2019ancien pr\u00e9sident Barak Obama ne peut s\u2019emp\u00eacher, dans son r\u00e9cent livre, de clouer au pilori ces capitalistes \u00abqui \u00e9lisent des responsables dont le seul souci est de d\u00e9r\u00e9glementer, de sabrer les budgets des organismes de contr\u00f4le\u2026, de d\u00e9nigrer les fonctionnaires.\u00bb (Le Monde, 23 novembre 2020)<\/p>\n<p>De son c\u00f4t\u00e9, le pr\u00e9sident Emmanuel Macron, parlant devant l\u2019OIT \u00e0 Gen\u00e8ve, a d\u00e9clar\u00e9 le 11 juin 2019 \u00ab Quelque chose ne fonctionne plus dans ce capitalisme qui profite de plus en plus \u00e0 quelques-uns.\u00bb<\/p>\n<p><span class=\"c5\"><span class=\"c4\"><strong>Notre mani\u00e8re d\u2019\u00eatre au monde<\/strong><\/span><\/span><\/p>\n<p>La philosophe Cynthia Fleury affirme : \u00abNotre relation aux d\u00e9chets dit\u2026 assez explicitement notre mani\u00e8re d\u2019\u00eatre au monde, de l\u2019habiter au sens m\u00e9taphysique, et au sens physique tout court.\u00bb<\/p>\n<p>Ce Tunisien qui a fait d\u00e9barquer des containers de d\u00e9chets italiens au port de Sousse prend notre pays pour l\u2019Albanie. Ce pays autorise depuis 2003 l\u2019importation des d\u00e9chets, \u00ables textes l\u00e9gislatifs \u00e9tant tour \u00e0 tour plus ou moins restrictifs quant au respect des crit\u00e8res environnementaux et de la citoyennet\u00e9 environnementale. Les d\u00e9charges sont \u00e0 ciel ouvert, et les liens entre le gouvernement et les mafias locales tout \u00e0 fait r\u00e9els en mati\u00e8re de gestion des ordures.\u00bb (L\u2019Humanit\u00e9, 4 mai 2017, p. 17).<\/p>\n<p>Ce Tunisien est probablement un adepte de Larry Summers, cet Am\u00e9ricain tant\u00f4t pr\u00e9sident puis professeur \u00e0 l\u2019Universit\u00e9 Harvard, tant\u00f4t conseiller politique puis ministre du Tr\u00e9sor du pr\u00e9sident am\u00e9ricain. \u00a0<br \/>Cet homme avait d\u00e9fray\u00e9 la chronique en 2006 \u00e0 la suite de d\u00e9clarations justifiant le fait d\u2019utiliser les pays du Sud comme les poubelles \u00e0 prix cass\u00e9s des d\u00e9chets du Nord, car \u00abla th\u00e9orie \u00e9conomique\u00bb (capitaliste) prouvait que cette strat\u00e9gie \u00e9tait rationnelle et \u00aboptimale\u00bb. Voici en quels termes fleuris ces choses-l\u00e0 (indignes) sont dites :<\/p>\n<p>\u00ab Les pays sous-peupl\u00e9s d\u2019Afrique sont largement sous-pollu\u00e9s ; la qualit\u00e9 de l\u2019air y est probablement d\u2019un niveau inutilement \u00e9lev\u00e9 par rapport \u00e0 Los Angeles ou Mexico [&#8230;] Il faut encourager une migration plus importante des industries polluantes vers les pays les moins avanc\u00e9s [&#8230;] et se pr\u00e9occuper davantage d\u2019un facteur aggravant les risques d\u2019un cancer de la prostate dans un pays o\u00f9 les gens vivent assez vieux pour avoir cette maladie, que dans un autre pays o\u00f9 deux cents enfants sur mille meurent avant d\u2019avoir l\u2019\u00e2ge de cinq ans. [&#8230;] Le calcul du co\u00fbt d\u2019une pollution dangereuse pour la sant\u00e9 d\u00e9pend des profits absorb\u00e9s par l\u2019accroissement de la morbidit\u00e9 et de la mortalit\u00e9. De ce point de vue, une certaine dose de pollution devrait exister dans les pays o\u00f9 ce co\u00fbt est le plus faible, autrement dit o\u00f9 les salaires sont les plus bas. Je pense que la logique \u00e9conomique qui veut que des masses de d\u00e9chets toxiques soient d\u00e9vers\u00e9es l\u00e0 o\u00f9 les salaires sont les plus faibles est imparable. \u00bb<\/p>\n<p>Aucun crit\u00e8re d\u2019\u00e9thique ne trouble ces \u00abth\u00e9ories\u00bb \u00e9conomiques dans la \u00abrationalit\u00e9\u00bb malade de leur choix.\u00a0 Et si pour le Prix Nobel d\u2019\u00e9conomie indien Amartya Sen \u00abl\u2019\u00e9conomie est une science morale\u00bb, pour les Summers et leurs aficionados, il n\u2019en est rien: le fric, les jetons de pr\u00e9sence\u00a0 et les profits des plus puissants d\u2019abord!<\/p>\n<p>Ce fuyard, ce Tunisien importateur de d\u00e9chets avec leurs miasmes et leur nocivit\u00e9 veut faire mentir Gustave Flaubert. L\u2019auteur de Salammb\u00f4 disait en effet, parlant de notre pays : \u00abL\u2019air est si doux qu\u2019il emp\u00eache de mourir.\u00bb Pour garder cet air si pur, notre gouvernement arrivera-t-il \u00e0 renvoyer ces containers italiens \u00e0 l\u2019envoyeur?<\/p>\n<p>Quant \u00e0 notre justice &#8211; quand elle aura achev\u00e9 sa gr\u00e8ve \u2013 elle devrait s\u2019occuper de cet homme et lui faire rendre compte. Inchallah! Et la douane nationale nous doit des explications.<\/p>\n<p class=\"c6\"><strong>Mohamed Larbi Bouguerra<\/strong><\/p>\n<p>Auteur:<br \/>\n<a href=\"https:\/\/www.leaders.com.tn\/article\/31051-mohamed-larbi-bouguerra-nos-dechets-et-ceux-des-autres\">Cliquez ici pour lire l&rsquo;article depuis sa source.<\/a><\/p>\n","protected":false},"excerpt":{"rendered":"<p>Par Mohamed Larbi Bouguerra &#8211; A l\u2019heure o\u00f9 l\u2019on f\u00eate le 64\u00e8me anniversaire de la Douane tunisienne, il est clair que l\u2019obscure affaire des containers de d\u00e9chets en provenance d\u2019Italie tombe fort mal! Pourquoi, en effet, un Tunisien consent-il &#8211; a la barbe de la Douane? &#8211; \u00e0 importer dans son pays natal les d\u00e9chets, [&hellip;]<\/p>\n","protected":false},"author":1772,"featured_media":0,"comment_status":"closed","ping_status":"closed","sticky":false,"template":"","format":"standard","meta":{"fifu_image_url":"\/uploads\/FCK_files\/Mohamed-Larbi-Bouguerra(34).jpg","fifu_image_alt":"Mohamed Larbi Bouguerra: Nos d\u00e9chets et ceux des autres","footnotes":""},"categories":[73,55],"tags":[],"class_list":["post-106719","post","type-post","status-publish","format-standard","hentry","category-actualite","category-tunisie"],"_links":{"self":[{"href":"https:\/\/linitiative.ca\/International\/wp-json\/wp\/v2\/posts\/106719","targetHints":{"allow":["GET"]}}],"collection":[{"href":"https:\/\/linitiative.ca\/International\/wp-json\/wp\/v2\/posts"}],"about":[{"href":"https:\/\/linitiative.ca\/International\/wp-json\/wp\/v2\/types\/post"}],"author":[{"embeddable":true,"href":"https:\/\/linitiative.ca\/International\/wp-json\/wp\/v2\/users\/1772"}],"replies":[{"embeddable":true,"href":"https:\/\/linitiative.ca\/International\/wp-json\/wp\/v2\/comments?post=106719"}],"version-history":[{"count":0,"href":"https:\/\/linitiative.ca\/International\/wp-json\/wp\/v2\/posts\/106719\/revisions"}],"wp:attachment":[{"href":"https:\/\/linitiative.ca\/International\/wp-json\/wp\/v2\/media?parent=106719"}],"wp:term":[{"taxonomy":"category","embeddable":true,"href":"https:\/\/linitiative.ca\/International\/wp-json\/wp\/v2\/categories?post=106719"},{"taxonomy":"post_tag","embeddable":true,"href":"https:\/\/linitiative.ca\/International\/wp-json\/wp\/v2\/tags?post=106719"}],"curies":[{"name":"wp","href":"https:\/\/api.w.org\/{rel}","templated":true}]}}