{"id":106720,"date":"2020-12-08T09:00:00","date_gmt":"2020-12-08T14:00:00","guid":{"rendered":"https:\/\/linitiative.ca\/International\/tunisie-tous-coupables\/"},"modified":"2020-12-08T09:00:00","modified_gmt":"2020-12-08T14:00:00","slug":"tunisie-tous-coupables","status":"publish","type":"post","link":"https:\/\/linitiative.ca\/International\/tunisie-tous-coupables\/","title":{"rendered":"Tunisie: Tous coupables !"},"content":{"rendered":"<p><span class=\"c3\"><span class=\"c2\"><em><strong><img decoding=\"async\" src=\"\/uploads\/FCK_files\/Hedi-Behi_0551(2).jpg\" alt=\"\" width=\"20%\" vspace=\"5\" hspace=\"5\" align=\"left\"\/>Par H\u00e9di B\u00e9hi &#8211;<\/strong><\/em><\/span><\/span> C&rsquo;est \u00e0 croire que la r\u00e9volution est n\u00e9e sous une mauvaise \u00e9toile. Jour apr\u00e8s jour, cette d\u00e9cennie aura \u00e9t\u00e9 marqu\u00e9e par les attentats et les catastrophes en tous genres. Il ne se passe plus un jour sans qu\u2019on n\u2019enregistre des homicides, des braquages ou des viols. A se demander ce que cette satan\u00e9e r\u00e9volution a fait de notre peuple pour que notre pays devienne une v\u00e9ritable cour des miracles.<\/p>\n<p>C\u2019est dans ce climat anxiog\u00e8ne que le pays s\u2019appr\u00eate \u00e0 c\u00e9l\u00e9brer le dixi\u00e8me anniversaire de la r\u00e9volution, une d\u00e9cennie noire o\u00f9 on en a vu de toutes les couleurs. On piaffait d\u2019impatience pour avoir droit \u00e0 une vie politique \u00e9volu\u00e9e, fond\u00e9e sur le principe des trois pouvoirs, une justice ind\u00e9pendante et \u00e9quitable, des \u00e9lections libres et\u00a0 transparentes, un paysage politique pluriel comme toutes les d\u00e9mocraties. On les a obtenues, sans bombes lacrymog\u00e8nes et avec si peu de victimes, mais on en a us\u00e9 et abus\u00e9.Nous\u00a0 n&rsquo;avons pas le sens de la mesure. Quand la chose parvient \u00e0 son terme, elle se retourne en son contraire, comme\u00a0 dit le vieux proverbe arabe.<\/p>\n<p>Pendant dix ans, on a confondu libert\u00e9 et anarchie au point de clochardiser l\u2019Etat comme ce fut le cas r\u00e9cemment \u00e0 El-Kamour et ailleurs o\u00f9 des brigands n\u2019ont pas h\u00e9sit\u00e9 \u00e0 humilier les repr\u00e9sentants de l\u2019Etat et leur imposer des accords l\u00e9onins dont ils savent qu\u2019ils ne seront pas en mesure de les honorer. Le responsable ? Inutile de chercher un bouc \u00e9missaire. Nous sommes tous coupables : les gouvernants, les gouvern\u00e9s, les \u00e9lites, la presse qui n\u2019a cess\u00e9 de jeter de l\u2019huile sur le feu et pour corser le tout, une classe politique surgie d&rsquo;on ne sait o\u00f9, qui par son incomp\u00e9tence, son populisme, sa corruption, a mis le pays \u00e0 genoux au point de nous faire regretter l&rsquo;ancien r\u00e9gime, malgr\u00e9 tous ses d\u00e9fauts.<\/p>\n<p>\u00a0Que faire alors : se r\u00e9soudre au suicide collectif, tout en se faisant accompagner par un orchestre symphonique comme l\u2019ont fait les passagers du Titanic ? Traverser la M\u00e9diterran\u00e9e pour s&rsquo;installer sous des cieux plus accueillants ? Le probl\u00e8me est que personne ne veut de nous. L\u00e0 ou nous passons, nous ne laissons que de mauvais souvenirs. Et puis, ce serait de l&rsquo;ingratitude envers ce pays qui nous a bien aim\u00e9s au point de nous passer nos caprices que de le laisser entre les mains des nouveaux barbares, une r\u00e9signation \u00e0 la fatalit\u00e9.\u00a0<\/p>\n<p>Il y a pourtant une alternative : un travail d&rsquo;introspection, une catharsis, au lieu de nous confiner dans le discours victimaire et de faire endosser nos \u00e9checs aux autres. Nous ne sommes pas le peuple \u00e9lu. Tant sans faut. Nous sommes bourr\u00e9s de d\u00e9fauts. La culture de la mort\u00a0 et de la violence, de l&rsquo;autoflagellation est ancr\u00e9e en nous. Pourtant, nous avons des atouts, un peuple homog\u00e8ne et une inclination pour les concessions.<\/p>\n<p>Qu&rsquo;attendons-nous pour nous y employer. Commen\u00e7ons par nous aimer et aimer notre patrie,\u00a0 purifions-nous de nos passions. On sauvera la r\u00e9volution.<\/p>\n<p class=\"c4\"><strong>H\u00e9di B\u00e9hi<\/strong><br \/>\u00a0<\/p>\n<p>Auteur:<br \/>\n<a href=\"https:\/\/www.leaders.com.tn\/article\/31049-tunisie-tous-coupables\">Cliquez ici pour lire l&rsquo;article depuis sa source.<\/a><\/p>\n","protected":false},"excerpt":{"rendered":"<p>Par H\u00e9di B\u00e9hi &#8211; C&rsquo;est \u00e0 croire que la r\u00e9volution est n\u00e9e sous une mauvaise \u00e9toile. Jour apr\u00e8s jour, cette d\u00e9cennie aura \u00e9t\u00e9 marqu\u00e9e par les attentats et les catastrophes en tous genres. Il ne se passe plus un jour sans qu\u2019on n\u2019enregistre des homicides, des braquages ou des viols. A se demander ce que [&hellip;]<\/p>\n","protected":false},"author":1772,"featured_media":0,"comment_status":"closed","ping_status":"closed","sticky":false,"template":"","format":"standard","meta":{"fifu_image_url":"\/uploads\/FCK_files\/Hedi-Behi_0551(2).jpg","fifu_image_alt":"Tunisie: Tous coupables !","footnotes":""},"categories":[73,55],"tags":[],"class_list":["post-106720","post","type-post","status-publish","format-standard","hentry","category-actualite","category-tunisie"],"_links":{"self":[{"href":"https:\/\/linitiative.ca\/International\/wp-json\/wp\/v2\/posts\/106720","targetHints":{"allow":["GET"]}}],"collection":[{"href":"https:\/\/linitiative.ca\/International\/wp-json\/wp\/v2\/posts"}],"about":[{"href":"https:\/\/linitiative.ca\/International\/wp-json\/wp\/v2\/types\/post"}],"author":[{"embeddable":true,"href":"https:\/\/linitiative.ca\/International\/wp-json\/wp\/v2\/users\/1772"}],"replies":[{"embeddable":true,"href":"https:\/\/linitiative.ca\/International\/wp-json\/wp\/v2\/comments?post=106720"}],"version-history":[{"count":0,"href":"https:\/\/linitiative.ca\/International\/wp-json\/wp\/v2\/posts\/106720\/revisions"}],"wp:attachment":[{"href":"https:\/\/linitiative.ca\/International\/wp-json\/wp\/v2\/media?parent=106720"}],"wp:term":[{"taxonomy":"category","embeddable":true,"href":"https:\/\/linitiative.ca\/International\/wp-json\/wp\/v2\/categories?post=106720"},{"taxonomy":"post_tag","embeddable":true,"href":"https:\/\/linitiative.ca\/International\/wp-json\/wp\/v2\/tags?post=106720"}],"curies":[{"name":"wp","href":"https:\/\/api.w.org\/{rel}","templated":true}]}}