{"id":106724,"date":"2020-12-08T05:00:00","date_gmt":"2020-12-08T10:00:00","guid":{"rendered":"https:\/\/linitiative.ca\/International\/dimensions-paralleles\/"},"modified":"2020-12-08T05:00:00","modified_gmt":"2020-12-08T10:00:00","slug":"dimensions-paralleles","status":"publish","type":"post","link":"https:\/\/linitiative.ca\/International\/dimensions-paralleles\/","title":{"rendered":"Dimensions parall\u00e8les !"},"content":{"rendered":"<p>Intemp\u00e9ries et inondations ! De l\u2019eau jusqu\u2019\u00e0 la ceinture \u00e0<br \/>Oran. Les autorit\u00e9s r\u00e9agissent. Distribution de\u2026<\/p>\n<p><strong>\u2026 bretelles pour remplacer les ceintures !<\/strong>\n<\/p>\n<p>Le Professeur Kamel Senhadji est le patron de l\u2019Agence nationale de s\u00e9curit\u00e9 sanitaire. Le Professeur Abderrahmane Benbouzid est le ministre de la Sant\u00e9 et de la Population. Je les ai entendus tous deux parler de la Covid et surtout de la perspective vaccin. Ce que j\u2019en pense\u00a0? Comment vous dire\u00a0? J\u2019ai eu deux phases r\u00e9actives. Deux temps distincts. D\u2019abord, relire le chef-d\u2019\u0153uvre de Arthur C. Clarke, 2001, l\u2019Odyss\u00e9e de l\u2019espace. Roman culte \u00e0 l\u2019origine d\u2019un film non moins culte r\u00e9alis\u00e9 par Stanley Kubrick et ayant provoqu\u00e9 un choc \u00e0 sa sortie dans les salles, en 1968. Ensuite, j\u2019ai appel\u00e9 des amis qui sont dans le b\u00e2timent. Entre autres des artisans-ma\u00e7ons. Des potes architectes. Des connaissances dans la dynamique des corps. Des pointures dans la physique quantique. Et aussi deux ou trois amis \u00e0 des potes dont ces derniers m\u2019ont vant\u00e9 les dons en t\u00e9l\u00e9portation. Je dois bien l\u2019admettre et l\u2019avouer \u00e0 vous, \u00e0 qui je ne cache rien, r\u00e9unir un tel panel, un a\u00e9ropage aussi h\u00e9t\u00e9roclite, m\u00eame en visioconf\u00e9rence, \u00e7a n\u2019a pas \u00e9t\u00e9 chose facile. J\u2019ai su\u00e9 du paletot pour les coincer tous au m\u00eame moment face \u00e0 leurs \u00e9crans avec pour seule t\u00e2che r\u00e9pondre, chacun dans sa sp\u00e9cialit\u00e9, \u00e0 cette unique question\u00a0: comment \u00e9tablir une passerelle entre les Profs Benbouzid et Senhadji\u00a0? Une sorte de couloir spatio-temporel, inter-dimensionnel, appelez-le comme vous voudrez, mais un machin qui puisse permettre vite, tr\u00e8s vite aux deux \u00e9minents scientifiques de se croiser, \u00e9ventuellement de se saluer du coude &#8211; mesures de distanciation physique obligent &#8211; pour ensuite tenter un truc fou\u00a0: \u00e9changer leurs infos et s\u2019accorder sur un SMIG scientifique. J\u2019ai eu plein de r\u00e9ponses de mon panel, parfois farfelues. Finalement, je crois que la meilleure des propositions a fus\u00e9 de la bouche chicot\u00e9e d\u2019un ma\u00e7on. Il m\u2019a dit \u00e0 peu pr\u00e8s ceci\u00a0: \u00ab\u00a0Hakim, donne-moi deux ou trois semaines, je termine un p\u2019tit chantier en cours, ensuite, je te ferai un devis pour ta passerelle. Travail garanti, a\u00e2mmou\u00a0!\u00a0\u00bb J\u2019attends toujours son devis\u00a0! J\u2019esp\u00e8re qu\u2019il l\u2019enverra \u00e0 la bonne adresse, vivant moi-m\u00eame dans une autre dimension, la 3e, cette fameuse 3e dimension o\u00f9 les gens errent en fumant du th\u00e9 pour rester \u00e9veill\u00e9s \u00e0 leur cauchemar qui continue.<br \/>H. L.<\/p>\n<p>Auteur:<br \/>\n<a href=\"https:\/\/www.lesoirdalgerie.com\/pousse-avec-eux\/dimensions-paralleles-52649\">Cliquez ici pour lire l&rsquo;article depuis sa source.<\/a><\/p>\n","protected":false},"excerpt":{"rendered":"<p>Intemp\u00e9ries et inondations ! De l\u2019eau jusqu\u2019\u00e0 la ceinture \u00e0Oran. Les autorit\u00e9s r\u00e9agissent. Distribution de\u2026 \u2026 bretelles pour remplacer les ceintures ! Le Professeur Kamel Senhadji est le patron de l\u2019Agence nationale de s\u00e9curit\u00e9 sanitaire. Le Professeur Abderrahmane Benbouzid est le ministre de la Sant\u00e9 et de la Population. Je les ai entendus tous deux [&hellip;]<\/p>\n","protected":false},"author":1741,"featured_media":0,"comment_status":"closed","ping_status":"closed","sticky":false,"template":"","format":"standard","meta":{"fifu_image_url":"","fifu_image_alt":"","footnotes":""},"categories":[73,53],"tags":[],"class_list":["post-106724","post","type-post","status-publish","format-standard","hentry","category-actualite","category-algerie"],"_links":{"self":[{"href":"https:\/\/linitiative.ca\/International\/wp-json\/wp\/v2\/posts\/106724","targetHints":{"allow":["GET"]}}],"collection":[{"href":"https:\/\/linitiative.ca\/International\/wp-json\/wp\/v2\/posts"}],"about":[{"href":"https:\/\/linitiative.ca\/International\/wp-json\/wp\/v2\/types\/post"}],"author":[{"embeddable":true,"href":"https:\/\/linitiative.ca\/International\/wp-json\/wp\/v2\/users\/1741"}],"replies":[{"embeddable":true,"href":"https:\/\/linitiative.ca\/International\/wp-json\/wp\/v2\/comments?post=106724"}],"version-history":[{"count":0,"href":"https:\/\/linitiative.ca\/International\/wp-json\/wp\/v2\/posts\/106724\/revisions"}],"wp:attachment":[{"href":"https:\/\/linitiative.ca\/International\/wp-json\/wp\/v2\/media?parent=106724"}],"wp:term":[{"taxonomy":"category","embeddable":true,"href":"https:\/\/linitiative.ca\/International\/wp-json\/wp\/v2\/categories?post=106724"},{"taxonomy":"post_tag","embeddable":true,"href":"https:\/\/linitiative.ca\/International\/wp-json\/wp\/v2\/tags?post=106724"}],"curies":[{"name":"wp","href":"https:\/\/api.w.org\/{rel}","templated":true}]}}