{"id":106726,"date":"2020-12-08T10:48:51","date_gmt":"2020-12-08T15:48:51","guid":{"rendered":"https:\/\/linitiative.ca\/International\/vrai-ou-fake-sur-la-covid-19-au-maroc-mardi-8-decembre\/"},"modified":"2020-12-08T10:48:51","modified_gmt":"2020-12-08T15:48:51","slug":"vrai-ou-fake-sur-la-covid-19-au-maroc-mardi-8-decembre","status":"publish","type":"post","link":"https:\/\/linitiative.ca\/International\/vrai-ou-fake-sur-la-covid-19-au-maroc-mardi-8-decembre\/","title":{"rendered":"Vrai ou Fake sur la Covid-19 au Maroc, mardi 8 d\u00e9cembre"},"content":{"rendered":"<p><strong>Le coronavirus, qui a contamin\u00e9 plus de 67 millions de personnes dans le monde, est \u00e0 l\u2019origine d\u2019un flot de Fake news relay\u00e9es par des sites d\u2019information et sur les r\u00e9seaux sociaux.<\/strong><\/p>\n<div class=\"c10\"\/>\n<p>\u2013 13.619 cas d\u2019infection au Covid-19 ont \u00e9t\u00e9 recens\u00e9s dans les rangs des \u00e9l\u00e8ves et des cadres p\u00e9dagogiques, techniques et administratifs au Maroc. <strong>VRAI<\/strong><\/p>\n<p>\u2013 Les plages et les salles de f\u00eate vont rouvrir \u00e0 Casablanca suite \u00e0 la stabilisation de la situation \u00e9pid\u00e9miologique dans la ville. <strong>FAKE<\/strong><\/p>\n<p>\u2013 La province de Guelmim a d\u00e9cid\u00e9 la prorogation des mesures pr\u00e9ventives exceptionnelles pour une dur\u00e9e de 15 jours. <strong>VRAI<\/strong><\/p>\n<p><strong>Lire aussi|\u00a0<a href=\"https:\/\/www.challenge.ma\/damane-cash-accelere-son-developpement-167920\/\">Damane Cash acc\u00e9l\u00e8re son d\u00e9veloppement<\/a><\/strong><\/p>\n<p>\u2013 Le couvre-feu nocturne d\u00e9cr\u00e9t\u00e9 dans l\u2019ensemble du territoire de la Pr\u00e9fecture de Casablanca sera lev\u00e9 ce jeudi 10 d\u00e9cembre. <strong>FAKE<\/strong><\/p>\n<p>\u2013 Le Maroc a all\u00e9g\u00e9 les conditions de d\u00e9claration des gu\u00e9risons. D\u00e9sormais, on ne recourt plus aux tests PCR pour confirmer la gu\u00e9rison. <strong>VRAI<\/strong> Les malades sont d\u00e9clar\u00e9s gu\u00e9ris automatiquement apr\u00e8s 7 jours de suivi m\u00e9dical.<\/p>\n<p>\u2013 Les ondes 5G sont responsables de la pand\u00e9mie du Covid-19. <strong>FAKE<\/strong><\/p>\n<p><strong>Lire aussi |\u00a0<a rel=\"noreferrer noopener\" href=\"https:\/\/www.challenge.ma\/refonte-de-la-fiscalite-locale-ce-qui-va-changer-167888\/\" target=\"_blank\">Refonte de la fiscalit\u00e9 locale : ce qui va changer<\/a><\/strong><\/p>\n<p>Auteur: Hajar DARI<br \/>\n<a href=\"https:\/\/www.challenge.ma\/vrai-ou-fake-sur-la-covid-19-au-maroc-mardi-8-decembre-167949\/\">Cliquez ici pour lire l&rsquo;article depuis sa source.<\/a><\/p>\n","protected":false},"excerpt":{"rendered":"<p>Le coronavirus, qui a contamin\u00e9 plus de 67 millions de personnes dans le monde, est \u00e0 l\u2019origine d\u2019un flot de Fake news relay\u00e9es par des sites d\u2019information et sur les r\u00e9seaux sociaux. \u2013 13.619 cas d\u2019infection au Covid-19 ont \u00e9t\u00e9 recens\u00e9s dans les rangs des \u00e9l\u00e8ves et des cadres p\u00e9dagogiques, techniques et administratifs au Maroc. [&hellip;]<\/p>\n","protected":false},"author":1787,"featured_media":0,"comment_status":"closed","ping_status":"closed","sticky":false,"template":"","format":"standard","meta":{"fifu_image_url":"","fifu_image_alt":"","footnotes":""},"categories":[78,54],"tags":[],"class_list":["post-106726","post","type-post","status-publish","format-standard","hentry","category-economie","category-maroc"],"_links":{"self":[{"href":"https:\/\/linitiative.ca\/International\/wp-json\/wp\/v2\/posts\/106726","targetHints":{"allow":["GET"]}}],"collection":[{"href":"https:\/\/linitiative.ca\/International\/wp-json\/wp\/v2\/posts"}],"about":[{"href":"https:\/\/linitiative.ca\/International\/wp-json\/wp\/v2\/types\/post"}],"author":[{"embeddable":true,"href":"https:\/\/linitiative.ca\/International\/wp-json\/wp\/v2\/users\/1787"}],"replies":[{"embeddable":true,"href":"https:\/\/linitiative.ca\/International\/wp-json\/wp\/v2\/comments?post=106726"}],"version-history":[{"count":0,"href":"https:\/\/linitiative.ca\/International\/wp-json\/wp\/v2\/posts\/106726\/revisions"}],"wp:attachment":[{"href":"https:\/\/linitiative.ca\/International\/wp-json\/wp\/v2\/media?parent=106726"}],"wp:term":[{"taxonomy":"category","embeddable":true,"href":"https:\/\/linitiative.ca\/International\/wp-json\/wp\/v2\/categories?post=106726"},{"taxonomy":"post_tag","embeddable":true,"href":"https:\/\/linitiative.ca\/International\/wp-json\/wp\/v2\/tags?post=106726"}],"curies":[{"name":"wp","href":"https:\/\/api.w.org\/{rel}","templated":true}]}}