{"id":106727,"date":"2020-12-08T11:34:26","date_gmt":"2020-12-08T16:34:26","guid":{"rendered":"https:\/\/linitiative.ca\/International\/arabie-saoudite-emirats-arabes-unis-la-perte-seche\/"},"modified":"2020-12-08T11:34:26","modified_gmt":"2020-12-08T16:34:26","slug":"arabie-saoudite-emirats-arabes-unis-la-perte-seche","status":"publish","type":"post","link":"https:\/\/linitiative.ca\/International\/arabie-saoudite-emirats-arabes-unis-la-perte-seche\/","title":{"rendered":"Arabie saoudite-\u00c9mirats arabes unis : la perte s\u00e8che"},"content":{"rendered":"<p><strong>Les \u00c9mirats arabes unis ont sign\u00e9 une s\u00e9rie d\u2019accords avec l\u2019\u00c9tat sioniste, dont un qui stipule la libre circulation des personnes munies de visas.<\/strong><\/p>\n<div class=\"c10\"\/>\n<p>Deux cents isra\u00e9liens, d\u00e9sireux de fuir les contraintes impos\u00e9es par la Covid-19 et d\u2019aller dans un pays o\u00f9 tout est accessible, ont \u00e9t\u00e9 condamn\u00e9s \u00e0 rester plus de 48 heures bloqu\u00e9s dans l\u2019enceinte de l\u2019a\u00e9roport, en violation des accords sign\u00e9s. Un prince saoudien, en charge de responsabilit\u00e9s diplomatiques, a trait\u00e9 Isra\u00ebl dans une conf\u00e9rence internationale de \u00ab\u00a0pays occupant, raciste et belliciste\u00a0\u00bb, rien que \u00e7a\u00a0! L\u2019heure est au r\u00e9trop\u00e9dalage et il faut comprendre pourquoi. Ces pays ont tout mis\u00e9 sur le pr\u00e9sident sortant des \u00c9tats-Unis Donald Trump et ont cru avoir une incidence d\u00e9cisive sur les \u00e9lections am\u00e9ricaines en aidant leur champion \u00e0 r\u00e9colter les voix juives, mais aussi \u00e9vang\u00e9listes. En contrepartie, Donald Trump augmentait la tension avec l\u2019Iran, fermait l\u2019\u0153il sur la guerre du Y\u00e9men et enterrait l\u2019affaire Khashoggi. Mais patatras, l\u2019\u00e9lectorat am\u00e9ricain en a d\u00e9cid\u00e9 autrement.<\/p>\n<p><strong>Lire aussi | <a href=\"https:\/\/www.challenge.ma\/la-fcs-signe-une-convention-avec-la-dgi-pour-regulariser-la-situation-fiscale-de-ses-membres-167941\/\" target=\"_blank\" rel=\"noreferrer noopener\">La FCS signe une convention avec la DGI pour r\u00e9gulariser la situation fiscale de ses membres<\/a><\/strong><\/p>\n<p>Joe Biden veut revenir dans l\u2019accord nucl\u00e9aire avec l\u2019Iran, avec des conditions, mais il est clairement dans une strat\u00e9gie de d\u00e9sescalade avec un rapprochement pr\u00e9vu avec l\u2019Europe. Le couple saoudo-\u00e9mirati, les deux Mohamed, peut se sentir mal. Il a fait exploser la r\u00e9gion et\u00a0isol\u00e9 le Qatar par son jusqu\u2019au-boutisme face \u00e0 l\u2019Iran en comptant sur une politique agressive des \u00c9tats-Unis vis-\u00e0-vis de la R\u00e9publique Islamique. Changement de d\u00e9cor et sans les USA ils ne p\u00e8sent rien face \u00e0 l\u2019Iran. La nouvelle administration, les d\u00e9mocrates, veulent arr\u00eater la guerre du Y\u00e9men et ses monstruosit\u00e9s. Ils n\u2019iront peut-\u00eatre pas jusqu\u2019\u00e0 interdire les ventes d\u2019armes parce que le complexe militaro-industriel compte, mais ils feront pression en faveur de la paix.<\/p>\n<p><strong>Lire aussi | <a href=\"https:\/\/www.challenge.ma\/reforme-du-secteur-public-mohamed-benchaaboun-fait-le-point-167937\/\" target=\"_blank\" rel=\"noreferrer noopener\">R\u00e9forme du secteur public : Mohamed Bencha\u00e2boun fait le point<\/a><\/strong><\/p>\n<p>L\u2019Arabie Saoudite devra faire des efforts sur le plan des droits humains si elle veut qu\u2019\u00e0 Washington on oublie le crime abominable, l\u2019affaire Khashoggi. Isra\u00ebl n\u2019est plus le meilleur point de passage. Joe Biden veut sauvegarder l\u2019espoir tenu d\u2019une solution \u00e0 deux \u00c9tats. Il faut arr\u00eater les implantations. Benjamin Netanyahu, premier ministre d\u2019Isra\u00ebl, fort du soutien de Donald Trump, veut les multiplier d\u2019ici au 20 janvier pour cr\u00e9er des situations inextricables. Finalement, la reconnaissance officielle ne leur rapporte que la r\u00e9probation de leur propre peuple. Le r\u00e9trop\u00e9dalage n\u2019est pas facile parce que dans l\u2019ivresse du moment, ils n\u2019ont pas pr\u00e9vu de plan B. Des puits de p\u00e9trole, sans profondeur historique, ne fondent pas une puissance r\u00e9gionale.<\/p>\n<p>C\u2019est ce que l\u2019histoire leur enseigne avec une claque.<\/p>\n<p>Auteur: Jamal Berraoui<br \/>\n<a href=\"https:\/\/www.challenge.ma\/saoudo-emirati-la-perte-seche-167998\/\">Cliquez ici pour lire l&rsquo;article depuis sa source.<\/a><\/p>\n","protected":false},"excerpt":{"rendered":"<p>Les \u00c9mirats arabes unis ont sign\u00e9 une s\u00e9rie d\u2019accords avec l\u2019\u00c9tat sioniste, dont un qui stipule la libre circulation des personnes munies de visas. Deux cents isra\u00e9liens, d\u00e9sireux de fuir les contraintes impos\u00e9es par la Covid-19 et d\u2019aller dans un pays o\u00f9 tout est accessible, ont \u00e9t\u00e9 condamn\u00e9s \u00e0 rester plus de 48 heures bloqu\u00e9s [&hellip;]<\/p>\n","protected":false},"author":1787,"featured_media":0,"comment_status":"closed","ping_status":"closed","sticky":false,"template":"","format":"standard","meta":{"fifu_image_url":"","fifu_image_alt":"","footnotes":""},"categories":[78,54],"tags":[],"class_list":["post-106727","post","type-post","status-publish","format-standard","hentry","category-economie","category-maroc"],"_links":{"self":[{"href":"https:\/\/linitiative.ca\/International\/wp-json\/wp\/v2\/posts\/106727","targetHints":{"allow":["GET"]}}],"collection":[{"href":"https:\/\/linitiative.ca\/International\/wp-json\/wp\/v2\/posts"}],"about":[{"href":"https:\/\/linitiative.ca\/International\/wp-json\/wp\/v2\/types\/post"}],"author":[{"embeddable":true,"href":"https:\/\/linitiative.ca\/International\/wp-json\/wp\/v2\/users\/1787"}],"replies":[{"embeddable":true,"href":"https:\/\/linitiative.ca\/International\/wp-json\/wp\/v2\/comments?post=106727"}],"version-history":[{"count":0,"href":"https:\/\/linitiative.ca\/International\/wp-json\/wp\/v2\/posts\/106727\/revisions"}],"wp:attachment":[{"href":"https:\/\/linitiative.ca\/International\/wp-json\/wp\/v2\/media?parent=106727"}],"wp:term":[{"taxonomy":"category","embeddable":true,"href":"https:\/\/linitiative.ca\/International\/wp-json\/wp\/v2\/categories?post=106727"},{"taxonomy":"post_tag","embeddable":true,"href":"https:\/\/linitiative.ca\/International\/wp-json\/wp\/v2\/tags?post=106727"}],"curies":[{"name":"wp","href":"https:\/\/api.w.org\/{rel}","templated":true}]}}