{"id":106728,"date":"2020-12-08T11:41:32","date_gmt":"2020-12-08T16:41:32","guid":{"rendered":"https:\/\/linitiative.ca\/International\/kenitra-signature-dun-accord-pour-lextension-de-la-zone-dacceleration-industrielle\/"},"modified":"2020-12-08T11:41:32","modified_gmt":"2020-12-08T16:41:32","slug":"kenitra-signature-dun-accord-pour-lextension-de-la-zone-dacceleration-industrielle","status":"publish","type":"post","link":"https:\/\/linitiative.ca\/International\/kenitra-signature-dun-accord-pour-lextension-de-la-zone-dacceleration-industrielle\/","title":{"rendered":"K\u00e9nitra : signature d\u2019un accord pour l\u2019extension de la zone d\u2019acc\u00e9l\u00e9ration industrielle"},"content":{"rendered":"<p><strong>Un protocole d\u2019accord portant sur l\u2019extension de la Zone d\u2019acc\u00e9l\u00e9ration industrielle (ZAI) de K\u00e9nitra a \u00e9t\u00e9 sign\u00e9, mardi \u00e0 Casablanca, par le ministre de l\u2019Industrie, du Commerce et de l\u2019Economie Verte et Num\u00e9rique, Moulay Hafid Elalamy et le directeur g\u00e9n\u00e9ral de la Caisse de D\u00e9p\u00f4t et de Gestion (CDG), Abdellatif Zaghnoun.<\/strong><\/p>\n<div class=\"c10\"\/>\n<p>D\u2019une superficie d\u2019environ 96 hectares (ha), situ\u00e9e dans la commune Ameur Saflia (province de K\u00e9nitra), cette extension devra renforcer la capacit\u00e9 d\u2019accueil de la zone ayant atteint, aujourd\u2019hui, le taux de 94%.<\/p>\n<p>Ce protocole d\u2019accord permettra de d\u00e9finir les modalit\u00e9s et les engagements des parties prenantes notamment en ce qui concerne la mobilisation du foncier et la r\u00e9alisation des \u00e9tudes n\u00e9cessaires pour l\u2019am\u00e9nagement, le d\u00e9veloppement, la promotion, la commercialisation et la gestion de la nouvelle extension de cette ZAI. Dans ce cadre, MEDZ, filiale de la CDG, assurera la r\u00e9alisation des \u00e9tudes n\u00e9cessaires \u00e0 ce projet, dont les \u00e9tudes urbanistiques et techniques, de protection des inondations et d\u2019impact environnemental, ainsi que de l\u2019\u00e9tude financi\u00e8re pr\u00e9visionnelle du projet.<\/p>\n<p><strong>Lire aussi|\u00a0<a href=\"https:\/\/www.challenge.ma\/relance-touristique-15-nouvelles-lignes-aeriennes-lancees-167902\/\">Relance touristique : 15 nouvelles lignes a\u00e9riennes lanc\u00e9es<\/a><\/strong><\/p>\n<p>A cette occasion, Moulay Hafid Elalamy a soulign\u00e9 que l\u2019\u00e9cosyst\u00e8me du groupe automobile PSA implant\u00e9 dans cette Zone compte plus de 60 fournisseurs de pi\u00e8ces automobiles, notant que le secteur de l\u2019automobile conna\u00eet un v\u00e9ritable d\u00e9veloppement, ce qui se traduit par un taux d\u2019int\u00e9gration et de fabrication au Maroc des pi\u00e8ces automobiles conformes aux objectifs fix\u00e9s. Et de rappeler l\u2019objectif d\u2019achat d\u2019un milliard d\u2019euros de pi\u00e8ces usin\u00e9es au Maroc par PSA \u00e0 l\u2019horizon 2025, pr\u00e9cisant qu\u2019\u00e0 fin 2019 \u00ab\u00a0nous sommes d\u00e9j\u00e0 \u00e0 850 millions d\u2019euros d\u2019achat de pi\u00e8ces par PSA, donc nous sommes bien en avance par rapport aux objectifs fix\u00e9s\u00a0\u00bb. Ainsi, cette nouvelle extension, a-t-il expliqu\u00e9, est en ligne avec l\u2019objectif du groupe PSA d\u2019atteindre un taux d\u2019int\u00e9gration de 80% en 2023.<\/p>\n<p>En mati\u00e8re d\u2019emploi, un total de 5821 postes ont \u00e9t\u00e9 cr\u00e9\u00e9s \u00e0 fin 2019 par rapport \u00e0 un objectif initial de 5.000, s\u2019est r\u00e9joui le ministre, pr\u00e9cisant que 3.500 emplois font partie de la fili\u00e8re Recherche et D\u00e9veloppement par rapport \u00e0 un objectif initial de seulement 1.500 postes.<\/p>\n<p>Pour sa part, Abdellatif Zaghnoun a indiqu\u00e9 que la ZAI de K\u00e9nitra a permis d\u2019offrir aux op\u00e9rateurs et investisseurs des espaces d\u2019accueil am\u00e9nag\u00e9s aux meilleurs standards internationaux avec des prix tr\u00e8s comp\u00e9titifs et des infrastructures de qualit\u00e9, favorisant ainsi leur comp\u00e9titivit\u00e9. Cette extension s\u2019adresse aux nouveaux investisseurs qui rejoindront l\u2019\u00e9cosyst\u00e8me existant pour op\u00e9rer dans les meilleures conditions de d\u00e9lais, de prix et de qualit\u00e9, a-t-il soulign\u00e9.<\/p>\n<p><strong>Lire aussi|\u00a0<a href=\"https:\/\/www.challenge.ma\/les-pluies-de-lespoir-167839\/\">Maroc. Les pluies de l\u2019espoir<\/a><\/strong><\/p>\n<p>Pour rappel, inaugur\u00e9e en 2012, la ZAI a permis d\u2019\u00e9riger la r\u00e9gion du Gharb en p\u00f4le industriel comp\u00e9titif et attractif pour de nombreux investisseurs de renomm\u00e9e mondiale. L\u2019\u00e9cosyst\u00e8me du groupe PSA, qui s\u2019y est install\u00e9, a \u00e9t\u00e9 une locomotive attirant autour de lui plus de 25 \u00e9quipementiers dans la ZAI. Cette extension permettra d\u2019\u00e9largir la zone destin\u00e9e aux fournisseurs de PSA. Aujourd\u2019hui, la ZAI compte 49 soci\u00e9t\u00e9s repr\u00e9sentant un investissement global de plus de 20 milliards de dirhams ayant permis de cr\u00e9er 36.571 emplois.<\/p>\n<p>Avec MAP<\/p>\n<p>Auteur: challenge<br \/>\n<a href=\"https:\/\/www.challenge.ma\/kenitra-signature-dun-accord-pour-lextension-de-la-zone-dacceleration-industrielle-167996\/\">Cliquez ici pour lire l&rsquo;article depuis sa source.<\/a><\/p>\n","protected":false},"excerpt":{"rendered":"<p>Un protocole d\u2019accord portant sur l\u2019extension de la Zone d\u2019acc\u00e9l\u00e9ration industrielle (ZAI) de K\u00e9nitra a \u00e9t\u00e9 sign\u00e9, mardi \u00e0 Casablanca, par le ministre de l\u2019Industrie, du Commerce et de l\u2019Economie Verte et Num\u00e9rique, Moulay Hafid Elalamy et le directeur g\u00e9n\u00e9ral de la Caisse de D\u00e9p\u00f4t et de Gestion (CDG), Abdellatif Zaghnoun. D\u2019une superficie d\u2019environ 96 [&hellip;]<\/p>\n","protected":false},"author":1787,"featured_media":0,"comment_status":"closed","ping_status":"closed","sticky":false,"template":"","format":"standard","meta":{"fifu_image_url":"","fifu_image_alt":"","footnotes":""},"categories":[78,54],"tags":[],"class_list":["post-106728","post","type-post","status-publish","format-standard","hentry","category-economie","category-maroc"],"_links":{"self":[{"href":"https:\/\/linitiative.ca\/International\/wp-json\/wp\/v2\/posts\/106728","targetHints":{"allow":["GET"]}}],"collection":[{"href":"https:\/\/linitiative.ca\/International\/wp-json\/wp\/v2\/posts"}],"about":[{"href":"https:\/\/linitiative.ca\/International\/wp-json\/wp\/v2\/types\/post"}],"author":[{"embeddable":true,"href":"https:\/\/linitiative.ca\/International\/wp-json\/wp\/v2\/users\/1787"}],"replies":[{"embeddable":true,"href":"https:\/\/linitiative.ca\/International\/wp-json\/wp\/v2\/comments?post=106728"}],"version-history":[{"count":0,"href":"https:\/\/linitiative.ca\/International\/wp-json\/wp\/v2\/posts\/106728\/revisions"}],"wp:attachment":[{"href":"https:\/\/linitiative.ca\/International\/wp-json\/wp\/v2\/media?parent=106728"}],"wp:term":[{"taxonomy":"category","embeddable":true,"href":"https:\/\/linitiative.ca\/International\/wp-json\/wp\/v2\/categories?post=106728"},{"taxonomy":"post_tag","embeddable":true,"href":"https:\/\/linitiative.ca\/International\/wp-json\/wp\/v2\/tags?post=106728"}],"curies":[{"name":"wp","href":"https:\/\/api.w.org\/{rel}","templated":true}]}}