{"id":106729,"date":"2020-12-08T11:49:46","date_gmt":"2020-12-08T16:49:46","guid":{"rendered":"https:\/\/linitiative.ca\/International\/maroc-le-vaccin-anti-covid-sera-gratuit\/"},"modified":"2020-12-08T11:49:46","modified_gmt":"2020-12-08T16:49:46","slug":"maroc-le-vaccin-anti-covid-sera-gratuit","status":"publish","type":"post","link":"https:\/\/linitiative.ca\/International\/maroc-le-vaccin-anti-covid-sera-gratuit\/","title":{"rendered":"Maroc : le vaccin anti-Covid sera gratuit"},"content":{"rendered":"<p><strong>S.M. le Roi Mohammed VI a donn\u00e9 Ses Hautes Instructions au gouvernement pour l\u2019adoption de la gratuit\u00e9 du vaccin contre l\u2019\u00e9pid\u00e9mie du Covid-19 au profit de tous les marocains, annonce le Cabinet royal.<\/strong><\/p>\n<div class=\"c10\"\/>\n<p>Ce geste Royal noble puise son essence dans la Haute sollicitude royale et la bienveillance humaine dont le Souverain ne cesse d\u2019entourer l\u2019ensemble des composantes du peuple marocain depuis l\u2019apparition des premiers cas de ce virus au Maroc, ajoute le Cabinet.<\/p>\n<p><strong>Lire aussi | <a href=\"https:\/\/www.challenge.ma\/kenitra-signature-dun-accord-pour-lextension-de-la-zone-dacceleration-industrielle-167996\/\" target=\"_blank\" rel=\"noreferrer noopener\">K\u00e9nitra : signature d\u2019un accord pour l\u2019extension de la zone d\u2019acc\u00e9l\u00e9ration industrielle<\/a><\/strong><\/p>\n<p>Il s\u2019inscrit \u00e9galement dans le cadre des Hautes Orientations Royales visant le lancement, dans les prochaines semaines, d\u2019une op\u00e9ration de vaccination massive contre cette \u00e9pid\u00e9mie. Il vise \u00e0 garantir le vaccin pour tous les marocains comme moyen ad\u00e9quat pour s\u2019immuniser contre le virus et contenir sa propagation dans la perspective d\u2019un retour progressif, par la Gr\u00e2ce de Dieu, des citoyens \u00e0 leur vie normale dans la qui\u00e9tude et la s\u00e9curit\u00e9, souligne la m\u00eame source.<\/p>\n<p><strong>Lire aussi | <a href=\"https:\/\/www.challenge.ma\/reforme-du-secteur-public-mohamed-benchaaboun-fait-le-point-167937\/\" target=\"_blank\" rel=\"noreferrer noopener\">R\u00e9forme du secteur public : Mohamed Bencha\u00e2boun fait le point<\/a><\/strong><\/p>\n<p>Pour rappel, S.M. le Roi avait pr\u00e9sid\u00e9 le 9 novembre dernier une s\u00e9ance de travail consacr\u00e9e \u00e0 la strat\u00e9gie de vaccination contre le Covid-19, qui s\u2019inscrit dans le cadre du suivi continu par le Souverain de l\u2019\u00e9volution de cette pand\u00e9mie et des mesures pour lutter contre sa propagation et prot\u00e9ger la sant\u00e9 et la s\u00e9curit\u00e9 des citoyens. \u00c0 noter qu\u2019au niveau territorial, des \u00e9quipes de vaccination ont \u00e9t\u00e9 mises en place. 2888 espaces sont en cours d\u2019am\u00e9nagement \u00e0 cet effet.<\/p>\n<p>Avec MAP<\/p>\n<p>Auteur: challenge<br \/>\n<a href=\"https:\/\/www.challenge.ma\/maroc-le-vaccin-anti-covid-sera-gratuit-168016\/\">Cliquez ici pour lire l&rsquo;article depuis sa source.<\/a><\/p>\n","protected":false},"excerpt":{"rendered":"<p>S.M. le Roi Mohammed VI a donn\u00e9 Ses Hautes Instructions au gouvernement pour l\u2019adoption de la gratuit\u00e9 du vaccin contre l\u2019\u00e9pid\u00e9mie du Covid-19 au profit de tous les marocains, annonce le Cabinet royal. Ce geste Royal noble puise son essence dans la Haute sollicitude royale et la bienveillance humaine dont le Souverain ne cesse d\u2019entourer [&hellip;]<\/p>\n","protected":false},"author":1787,"featured_media":0,"comment_status":"closed","ping_status":"closed","sticky":false,"template":"","format":"standard","meta":{"fifu_image_url":"","fifu_image_alt":"","footnotes":""},"categories":[78,54],"tags":[],"class_list":["post-106729","post","type-post","status-publish","format-standard","hentry","category-economie","category-maroc"],"_links":{"self":[{"href":"https:\/\/linitiative.ca\/International\/wp-json\/wp\/v2\/posts\/106729","targetHints":{"allow":["GET"]}}],"collection":[{"href":"https:\/\/linitiative.ca\/International\/wp-json\/wp\/v2\/posts"}],"about":[{"href":"https:\/\/linitiative.ca\/International\/wp-json\/wp\/v2\/types\/post"}],"author":[{"embeddable":true,"href":"https:\/\/linitiative.ca\/International\/wp-json\/wp\/v2\/users\/1787"}],"replies":[{"embeddable":true,"href":"https:\/\/linitiative.ca\/International\/wp-json\/wp\/v2\/comments?post=106729"}],"version-history":[{"count":0,"href":"https:\/\/linitiative.ca\/International\/wp-json\/wp\/v2\/posts\/106729\/revisions"}],"wp:attachment":[{"href":"https:\/\/linitiative.ca\/International\/wp-json\/wp\/v2\/media?parent=106729"}],"wp:term":[{"taxonomy":"category","embeddable":true,"href":"https:\/\/linitiative.ca\/International\/wp-json\/wp\/v2\/categories?post=106729"},{"taxonomy":"post_tag","embeddable":true,"href":"https:\/\/linitiative.ca\/International\/wp-json\/wp\/v2\/tags?post=106729"}],"curies":[{"name":"wp","href":"https:\/\/api.w.org\/{rel}","templated":true}]}}