{"id":106730,"date":"2020-12-08T16:20:48","date_gmt":"2020-12-08T21:20:48","guid":{"rendered":"https:\/\/linitiative.ca\/International\/2m-nouvelle-strategie-de-linformation\/"},"modified":"2020-12-08T16:20:48","modified_gmt":"2020-12-08T21:20:48","slug":"2m-nouvelle-strategie-de-linformation","status":"publish","type":"post","link":"https:\/\/linitiative.ca\/International\/2m-nouvelle-strategie-de-linformation\/","title":{"rendered":"2M : nouvelle strat\u00e9gie de l\u2019information"},"content":{"rendered":"<p><strong>La cha\u00eene de t\u00e9l\u00e9vision 2M a annonc\u00e9 sa nouvelle strat\u00e9gie de l\u2019information en promettant aux t\u00e9l\u00e9spectateurs un nouveau format des journaux t\u00e9l\u00e9vis\u00e9s (JT), pour mieux d\u00e9crypter et valoriser l\u2019information, et de nouveaux magazines d\u2019information et de d\u00e9bat.<\/strong><\/p>\n<div class=\"c10\"\/>\n<p>Ainsi, 2M repense sa mani\u00e8re de traiter l\u2019information dans ses JT et magazines, \u00e0 travers l\u2019adoption d\u2019une nouvelle approche visant \u00e0 renforcer l\u2019une des principales missions de la cha\u00eene : l\u2019information, indique un la cha\u00eene TV. \u00a0\u00bbLes habitudes de consommation de nos t\u00e9l\u00e9spectateurs en mati\u00e8re d\u2019information ont chang\u00e9\u00a0\u00bb, explique Salim Cheikh, directeur g\u00e9n\u00e9ral de Soread-2M. \u00ab\u00a0Au moment o\u00f9 ils regardent nos JT, ils ont d\u00e9j\u00e0 re\u00e7u l\u2019info brute \u00ab breaking news \u00bb sur leurs Smartphones via les plateformes digitales et les r\u00e9seaux sociaux. Notre mission est d\u00e9sormais de leur permettre de comprendre cette information, de la valider en confirmant qu\u2019il ne s\u2019agit pas de fake news ou de d\u00e9sinformation et puis de la traiter en profondeur, de la d\u00e9crypter et d\u2019en d\u00e9battre\u00a0\u00bb, explique le responsable.<\/p>\n<p><strong>Lire aussi | <a href=\"https:\/\/www.challenge.ma\/maroc-le-vaccin-anti-covid-sera-gratuit-168016\/\" target=\"_blank\" rel=\"noreferrer noopener\">Maroc : le vaccin anti-Covid sera gratuit<\/a><\/strong><\/p>\n<blockquote class=\"twitter-tweet\">\n<p lang=\"fr\" dir=\"ltr\">Le jeudi 10 d\u00e9cembre 2020 marquera le d\u00e9marrage des nouveaux formats des nos JT, enrichis par de nouvelles rubriques et chroniques th\u00e9matiques, ainsi que par la pr\u00e9sence d\u2019invit\u00e9s et d\u2019experts qui seront amen\u00e9s \u00e0 commenter et analyser l\u2019information. <a href=\"https:\/\/t.co\/D2H9eHjyqa\">pic.twitter.com\/D2H9eHjyqa<\/a><\/p>\n<p>\u2014 2M.ma (@2MInteractive) <a href=\"https:\/\/twitter.com\/2MInteractive\/status\/1336263347357036550?ref_src=twsrc%5Etfw\">December 8, 2020<\/a><\/p><\/blockquote>\n<p>Le jeudi 10 d\u00e9cembre marquera ainsi le d\u00e9marrage des nouveaux formats des JT, enrichis par de nouvelles rubriques et chroniques th\u00e9matiques, ainsi que par la pr\u00e9sence d\u2019invit\u00e9s et d\u2019experts qui seront amen\u00e9s \u00e0 commenter et analyser l\u2019information. \u00ab\u00a0L\u2019ensemble de nos \u00e9quipes, journalistes et \u00e9quipes techniques sont tr\u00e8s motiv\u00e9s par ce nouveau challenge qui renforce le contrat de confiance que nous avons avec notre public pour plus d\u2019analyse et de lisibilit\u00e9 de l\u2019actualit\u00e9\u00a0\u00bb, affirme pour sa part Hamid Saadni, directeur de l\u2019information t\u00e9l\u00e9vis\u00e9e. L\u2019actualit\u00e9 r\u00e9gionale sera \u00e9galement davantage pr\u00e9sente gr\u00e2ce \u00e0 la mobilisation de tous les bureaux de 2M \u00e0 travers le pays, et afin d\u2019\u00eatre plus pr\u00e8s des t\u00e9l\u00e9spectateurs, de nouveaux magazines d\u2019information et de d\u00e9bat verront \u00e9galement le jour. \u00ab\u00a0Notre ambition est d\u2019ouvrir de nouveaux espaces de d\u00e9bats sereins et de conqu\u00e9rir de nouvelles audiences en donnant la parole \u00e0 des personnes qu\u2019on entend peu sur les m\u00e9dia\u00a0\u00bb, souligne de son c\u00f4t\u00e9 Reda Benjelloun, directeur des magazines et des documentaires \u00e0 2M. Il s\u2019agit notamment de \u00ab\u00a0Ma\u2019a Ramdani\u00a0\u00bb, pr\u00e9sent\u00e9 par Redouane Erramdani, \u00ab\u00a0Nkounou Wadhine\u00a0\u00bb nouvelle \u00e9mission de d\u00e9bat pr\u00e9sent\u00e9e par Jama\u00e2 Goulahsen, le magazine \u00ab\u00a0On n\u2019est pas oblig\u00e9 d\u2019\u00eatre d\u2019accord\u00a0\u00bb, rendez-vous de d\u00e9bat francophone conduit par Hanane Harrath, l\u2019\u00e9mission \u00ab\u00a0Confidences de presse\u00a0\u00bb pr\u00e9sent\u00e9e par Abdellah Tourabi et le magazine \u00ab\u00a0Sawtkoum\u00a0\u00bb anim\u00e9 par Salaheddine Ghomari.<\/p>\n<p><strong>Lire aussi | <a href=\"https:\/\/www.challenge.ma\/reforme-du-secteur-public-mohamed-benchaaboun-fait-le-point-167937\/\" target=\"_blank\" rel=\"noreferrer noopener\">R\u00e9forme du secteur public : Mohamed Bencha\u00e2boun fait le point<\/a><\/strong><\/p>\n<blockquote class=\"twitter-tweet\">\n<p lang=\"fr\" dir=\"ltr\">D\u00e9ploiement de la nouvelle strat\u00e9gie d&rsquo;information de 2M: Lancement, \u00e0 compter du 9 d\u00e9cembre, de nouveaux magazines d\u2019information et de d\u00e9bat sur notre antenne. <a href=\"https:\/\/t.co\/m5A8OMBN5R\">pic.twitter.com\/m5A8OMBN5R<\/a><\/p>\n<p>\u2014 2M.ma (@2MInteractive) <a href=\"https:\/\/twitter.com\/2MInteractive\/status\/1336264083201462273?ref_src=twsrc%5Etfw\">December 8, 2020<\/a><\/p><\/blockquote>\n<p>A travers la refonte de son offre d\u2019information, 2M ambitionne d\u2019accompagner \u00ab\u00a0l\u2019\u00e9volution de l\u2019industrie m\u00e9diatique, mais surtout, de r\u00e9pondre aux attentes des t\u00e9l\u00e9spectateurs marocains qui font confiance \u00e0 2M depuis trois d\u00e9cennies\u00a0\u00bb.<\/p>\n<p>Auteur: Karim Handaoui<br \/>\n<a href=\"https:\/\/www.challenge.ma\/2m-nouvelle-strategie-de-linformation-168042\/\">Cliquez ici pour lire l&rsquo;article depuis sa source.<\/a><\/p>\n","protected":false},"excerpt":{"rendered":"<p>La cha\u00eene de t\u00e9l\u00e9vision 2M a annonc\u00e9 sa nouvelle strat\u00e9gie de l\u2019information en promettant aux t\u00e9l\u00e9spectateurs un nouveau format des journaux t\u00e9l\u00e9vis\u00e9s (JT), pour mieux d\u00e9crypter et valoriser l\u2019information, et de nouveaux magazines d\u2019information et de d\u00e9bat. Ainsi, 2M repense sa mani\u00e8re de traiter l\u2019information dans ses JT et magazines, \u00e0 travers l\u2019adoption d\u2019une nouvelle [&hellip;]<\/p>\n","protected":false},"author":1787,"featured_media":0,"comment_status":"closed","ping_status":"closed","sticky":false,"template":"","format":"standard","meta":{"fifu_image_url":"","fifu_image_alt":"","footnotes":""},"categories":[78,54],"tags":[],"class_list":["post-106730","post","type-post","status-publish","format-standard","hentry","category-economie","category-maroc"],"_links":{"self":[{"href":"https:\/\/linitiative.ca\/International\/wp-json\/wp\/v2\/posts\/106730","targetHints":{"allow":["GET"]}}],"collection":[{"href":"https:\/\/linitiative.ca\/International\/wp-json\/wp\/v2\/posts"}],"about":[{"href":"https:\/\/linitiative.ca\/International\/wp-json\/wp\/v2\/types\/post"}],"author":[{"embeddable":true,"href":"https:\/\/linitiative.ca\/International\/wp-json\/wp\/v2\/users\/1787"}],"replies":[{"embeddable":true,"href":"https:\/\/linitiative.ca\/International\/wp-json\/wp\/v2\/comments?post=106730"}],"version-history":[{"count":0,"href":"https:\/\/linitiative.ca\/International\/wp-json\/wp\/v2\/posts\/106730\/revisions"}],"wp:attachment":[{"href":"https:\/\/linitiative.ca\/International\/wp-json\/wp\/v2\/media?parent=106730"}],"wp:term":[{"taxonomy":"category","embeddable":true,"href":"https:\/\/linitiative.ca\/International\/wp-json\/wp\/v2\/categories?post=106730"},{"taxonomy":"post_tag","embeddable":true,"href":"https:\/\/linitiative.ca\/International\/wp-json\/wp\/v2\/tags?post=106730"}],"curies":[{"name":"wp","href":"https:\/\/api.w.org\/{rel}","templated":true}]}}