{"id":106738,"date":"2020-12-08T15:00:59","date_gmt":"2020-12-08T20:00:59","guid":{"rendered":"https:\/\/linitiative.ca\/International\/jugement-de-parents-de-victimes-de-lemigration-ce-proces-est-aussi-celui-de-letat-senegalais\/"},"modified":"2020-12-08T15:00:59","modified_gmt":"2020-12-08T20:00:59","slug":"jugement-de-parents-de-victimes-de-lemigration-ce-proces-est-aussi-celui-de-letat-senegalais","status":"publish","type":"post","link":"https:\/\/linitiative.ca\/International\/jugement-de-parents-de-victimes-de-lemigration-ce-proces-est-aussi-celui-de-letat-senegalais\/","title":{"rendered":"JUGEMENT DE PARENTS DE VICTIMES DE L\u2019EMIGRATION: Ce proc\u00e8s est aussi celui de l\u2019Etat s\u00e9n\u00e9galais"},"content":{"rendered":"<div class=\"stream-item stream-item-above-post-content\">\n<p><noscript><\/p>\n<p><a href=\"\/\/www3.smartadserver.com\/ac?jump=1&amp;nwid=2136&amp;siteid=240610&amp;pgname=rg&amp;fmtid=49046&amp;visit=m&amp;tmstp=[timestamp]&amp;out=nonrich\" target=\"_blank\" rel=\"noopener noreferrer\"><img decoding=\"async\" src=\"http:\/\/www3.smartadserver.com\/ac?out=nonrich&amp;nwid=2136&amp;siteid=240610&amp;pgname=rg&amp;fmtid=49046&amp;visit=m&amp;tmstp=[timestamp]\" border=\"0\" alt=\"\"\/><\/a><\/p>\n<p><\/noscript><\/div>\n<p class=\"c3\">Comme on l\u2019attendait, la proc\u00e9dure judiciaire \u00e0 l\u2019encontre de trois p\u00e8res s\u00e9n\u00e9galais qui avaient fait embarquer leurs enfants sur des pirogues clandestines \u00e0 destination de l\u2019Europe, a connu son \u00e9pilogue. Poursuivis pour <em>\u00ab\u00a0mise en danger de la vie d\u2019autrui et complicit\u00e9 de trafic des migrants\u00a0\u00bb<\/em>, ils ont \u00e9t\u00e9 reconnus coupables par le juge et condamn\u00e9s \u00e0 2 ans de prison, dont un mois ferme.<\/p>\n<p class=\"c3\">Au-del\u00e0 de ce verdict, l\u2019on ne peut rester insensible \u00e0 la double peine de ces p\u00e8res de familles qui se sont retrouv\u00e9s dans le box des accus\u00e9s pour avoir r\u00eav\u00e9 de donner un avenir meilleur \u00e0 leurs enfants. En plus de se retrouver pris dans les rets de la Justice, ils vivent d\u00e9j\u00e0, pour certains, avec le lourd \u00a0chagrin de la perte\u00a0 de leur prog\u00e9niture dans les profondeurs de la mer. C\u2019est le cas du jeune Doudou Faye, par exemple,\u00a0 qui r\u00eavait de devenir un footballeur professionnel comme toutes les stars s\u00e9n\u00e9galaises du ballon rond qui ont le vent en poupe dans les grands magazines de sports, et qui, h\u00e9las, a p\u00e9ri en haute mer. C\u2019est donc v\u00e9ritablement une double d\u00e9chirure que vivent ces familles qui, on peut le dire, ont manqu\u00e9 de chances en posant le mauvais geste au mauvais moment dans une partie du continent o\u00f9 la pratique est plus que courante.<\/p>\n<p class=\"c3\"><strong>Au-del\u00e0 de la responsabilit\u00e9 des Etats africains, c\u2019est aussi celle des dirigeants occidentaux qui est ici engag\u00e9e<\/strong><\/p>\n<p class=\"c3\">On le sait, de nombreuses familles africaines, de la C\u00f4te d\u2019Ivoire au S\u00e9n\u00e9gal en passant par le Mali, pour ne citer que ces exemples, cassent leur tirelire pour envoyer leurs enfants chercher fortune au-del\u00e0 des oc\u00e9ans. C\u2019est pourquoi l\u2019on peut d\u2019ailleurs penser que ces trois familles que l\u2019on a attraites en Justice, ne sont que des boucs \u00e9missaires et doivent, de ce fait, constituer la mauvaise conscience des dirigeants du S\u00e9n\u00e9gal, et au-del\u00e0, de \u00a0l\u2019Afrique et du monde.<\/p>\n<p class=\"c3\">En effet, ce proc\u00e8s, m\u00eame si le ministre de Jeunesse, N\u00e9n\u00e9 Fatoumata Tall, s\u2019en d\u00e9fend, est aussi celui de l\u2019Etat s\u00e9n\u00e9galais qui, comme tous les Etats africains, a \u00e9chou\u00e9 \u00e0 faire du continent une partie du monde o\u00f9 l\u2019on peut r\u00e9aliser ses r\u00eaves. En proie au ch\u00f4mage et aux difficult\u00e9s qui vont de pair, les jeunes Africains n\u2019ont parfois pas d\u2019autres choix que de s\u2019engager sur les chemins d\u2019incertitudes de l\u2019exil dans l\u2019espoir d\u2019atteindre l\u2019eldorado europ\u00e9en ou am\u00e9ricain dont l\u2019opulence est \u00e9tal\u00e9e \u00e0 longueur de journ\u00e9e par les m\u00e9dias occidentaux eux-m\u00eames.\u00a0 Et ce ne sont pas les images des trag\u00e9dies quotidiennes dans la M\u00e9diterran\u00e9e o\u00f9 les traitements cruels inflig\u00e9s par les passeurs clandestins, qui peuvent dissuader ces milliers de jeunes qui, comme les myriades d\u2019\u00e9ph\u00e9m\u00e8res, sont anim\u00e9s par la volont\u00e9 de partir voir ailleurs. Ces difficult\u00e9s sont d\u2019ailleurs per\u00e7ues comme les d\u00e9fis \u00e0 relever sur le parcours initiatique qui doit les mener \u00e0 l\u2019accomplissement de leurs r\u00eaves.<\/p>\n<p class=\"c3\">Mais au-del\u00e0 de la responsabilit\u00e9 des Etats africains, c\u2019est aussi celle des dirigeants occidentaux qui est ici engag\u00e9e. En maintenant l\u2019ordre \u00e9conomique actuel, le foss\u00e9 entre pays riches et pays pauvres ne cesse de se creuser en raison de l\u2019in\u00e9gale r\u00e9partition des ressources mondiales. Ce d\u00e9s\u00e9quilibre \u00e9conomique accompagn\u00e9 d\u2019une d\u00e9mographie en pleine expansion sur le continent africain, constitue des sources de tensions\u00a0 g\u00e9n\u00e9ratrices de l\u2019exode des populations, notamment de la frange la plus jeune en direction des pays riches.<\/p>\n<p class=\"c3\"><strong>La Justice s\u00e9n\u00e9galaise a certainement voulu donner un signal fort<\/strong><\/p>\n<p class=\"c3\">C\u2019est en raison de tout cela que l\u2019on est en droit de penser que l\u2019Etat s\u00e9n\u00e9galais a jou\u00e9 le mauvais r\u00f4le dans ce proc\u00e8s. En plus \u00a0de fuir \u00a0ses propres responsabilit\u00e9s, il a servi de bras de r\u00e9pression aux Occidentaux qui affichent beaucoup de frilosit\u00e9 sur la question de l\u2019\u00e9migration et sont pr\u00eats \u00e0 d\u00e9penser des fortunes pour qu\u2019en amont, les Etats freinent l\u2019\u00e9lan des candidats \u00e0 l\u2019\u00e9migration. Du reste, l\u2019on peut douter de l\u2019efficacit\u00e9 de cette strat\u00e9gie de l\u2019Etat s\u00e9n\u00e9galais qui n\u2019apporte pas une vraie r\u00e9ponse aux causes profondes de l\u2019\u00e9migration.<\/p>\n<p class=\"c3\">Cela dit, comme le dit un proverbe africain, \u00ab\u00a0<em>quand on gronde la souris, il faut aussi dire un mot au soumbala<\/em>\u00a0\u00bb. L\u2019on ne peut, en effet, compl\u00e8tement absoudre les familles de leurs responsabilit\u00e9s sur cette question de l\u2019\u00e9migration des jeunes. Car, les fonds qu\u2019elles injectent dans les projets d\u2019aventure de leurs enfants, sont souvent largement suffisants pour constituer des capitaux d\u2019investissements pour des micro-entreprises sur place. L\u2019autre grief \u00e0 l\u2019encontre de ces familles, c\u2019est souvent le refus d\u2019engager de l\u2019argent pour l\u2019\u00e9ducation de leurs enfants afin de les outiller pour le monde de l\u2019emploi, pour finalement rechercher des raccourcis en les encourageant \u00e0 prendre les chemins de l\u2019incertitude.<\/p>\n<p class=\"c3\">Enfin, il est difficile de croire qu\u2019avec tout le ramdam m\u00e9diatique autour des conditions des migrants, des parents ne soient pas inform\u00e9s des dangers qui jalonnent les chemins vers l\u2019Europe. Pas un seul jour ne passe, en effet, sans que les grandes t\u00e9l\u00e9visions ne diffusent les insoutenables images de ces jeunes Noirs faisant l\u2019objet de traite dans les chambres basses libyennes ou de ces fr\u00eales embarcations surabond\u00e9es de migrants \u00e0 la d\u00e9rive dans la M\u00e9diterran\u00e9e, devenues, depuis quelques ann\u00e9es,\u00a0 un v\u00e9ritable cimeti\u00e8re \u00e0 ciel ouvert. L\u2019on ne peut donc pas comprendre que dans ces conditions, des parents puissent prendre encore le risque d\u2019envoyer leurs enfants \u00e0 l\u2019enfer. Si ce n\u2019est de l\u2019insouciance, c\u2019est de l\u2019inconscience. Et c\u2019est en cela que l\u2019on peut comprendre l\u2019attitude de la Justice s\u00e9n\u00e9galaise qui a certainement voulu donner un signal fort \u00e0 toutes ces familles qui sont plus attach\u00e9es \u00e0 leur r\u00eave d\u2019accomplissement mat\u00e9riel, qu\u2019\u00e0 la vie m\u00eame de leurs propres enfants.<\/p>\n<p class=\"c3\"><strong>\u00a0<\/strong><\/p>\n<p class=\"c3\"><strong><em>\u00ab\u00a0Le Pays\u00a0\u00bb\u00a0\u00a0\u00a0<\/em><\/strong><\/p>\n<p class=\"c3\"><strong>\u00a0<\/strong><\/p>\n<p>Auteur: Le Pays<br \/>\n<a href=\"http:\/\/lepays.bf\/jugement-de-parents-de-victimes-de-lemigration-ce-proces-est-aussi-celui-de-letat-senegalais\/\">Cliquez ici pour lire l&rsquo;article depuis sa source.<\/a><\/p>\n","protected":false},"excerpt":{"rendered":"<p>Comme on l\u2019attendait, la proc\u00e9dure judiciaire \u00e0 l\u2019encontre de trois p\u00e8res s\u00e9n\u00e9galais qui avaient fait embarquer leurs enfants sur des pirogues clandestines \u00e0 destination de l\u2019Europe, a connu son \u00e9pilogue. Poursuivis pour \u00ab\u00a0mise en danger de la vie d\u2019autrui et complicit\u00e9 de trafic des migrants\u00a0\u00bb, ils ont \u00e9t\u00e9 reconnus coupables par le juge et condamn\u00e9s [&hellip;]<\/p>\n","protected":false},"author":1813,"featured_media":0,"comment_status":"closed","ping_status":"closed","sticky":false,"template":"","format":"standard","meta":{"fifu_image_url":"http:\/\/www3.smartadserver.com\/ac?out=nonrich&nwid=2136&siteid=240610&pgname=rg&fmtid=49046&visit=m&tmstp=[timestamp]","fifu_image_alt":"JUGEMENT DE PARENTS DE VICTIMES DE L\u2019EMIGRATION: Ce proc\u00e8s est aussi celui de l\u2019Etat s\u00e9n\u00e9galais","footnotes":""},"categories":[73,81],"tags":[],"class_list":["post-106738","post","type-post","status-publish","format-standard","hentry","category-actualite","category-burkina-faso"],"_links":{"self":[{"href":"https:\/\/linitiative.ca\/International\/wp-json\/wp\/v2\/posts\/106738","targetHints":{"allow":["GET"]}}],"collection":[{"href":"https:\/\/linitiative.ca\/International\/wp-json\/wp\/v2\/posts"}],"about":[{"href":"https:\/\/linitiative.ca\/International\/wp-json\/wp\/v2\/types\/post"}],"author":[{"embeddable":true,"href":"https:\/\/linitiative.ca\/International\/wp-json\/wp\/v2\/users\/1813"}],"replies":[{"embeddable":true,"href":"https:\/\/linitiative.ca\/International\/wp-json\/wp\/v2\/comments?post=106738"}],"version-history":[{"count":0,"href":"https:\/\/linitiative.ca\/International\/wp-json\/wp\/v2\/posts\/106738\/revisions"}],"wp:attachment":[{"href":"https:\/\/linitiative.ca\/International\/wp-json\/wp\/v2\/media?parent=106738"}],"wp:term":[{"taxonomy":"category","embeddable":true,"href":"https:\/\/linitiative.ca\/International\/wp-json\/wp\/v2\/categories?post=106738"},{"taxonomy":"post_tag","embeddable":true,"href":"https:\/\/linitiative.ca\/International\/wp-json\/wp\/v2\/tags?post=106738"}],"curies":[{"name":"wp","href":"https:\/\/api.w.org\/{rel}","templated":true}]}}