{"id":106743,"date":"2020-12-08T17:26:45","date_gmt":"2020-12-08T22:26:45","guid":{"rendered":"https:\/\/linitiative.ca\/International\/prise-en-charge-des-cas-de-la-covid-19-banfora-beneficie-des-fruits-du-coronathon\/"},"modified":"2020-12-08T17:26:45","modified_gmt":"2020-12-08T22:26:45","slug":"prise-en-charge-des-cas-de-la-covid-19-banfora-beneficie-des-fruits-du-coronathon","status":"publish","type":"post","link":"https:\/\/linitiative.ca\/International\/prise-en-charge-des-cas-de-la-covid-19-banfora-beneficie-des-fruits-du-coronathon\/","title":{"rendered":"Prise en charge des cas de la COVID-19 : Banfora b\u00e9n\u00e9ficie des fruits du Coronathon"},"content":{"rendered":"<div class=\"td-post-featured-image\" readability=\"35\"><a href=\"https:\/\/www.sidwaya.info\/wp-content\/uploads\/2020\/12\/fichier.jpg\" data-caption=\"C&#x2019;est le chef du Parlement burkinab&#xE8;, Bala Sakand&#xE9;, qui a pos&#xE9; la premi&#xE8;re pierre de la construction du site.\"><img loading=\"lazy\" decoding=\"async\" width=\"696\" height=\"464\" class=\"entry-thumb td-modal-image\" src=\"https:\/\/www.sidwaya.info\/wp-content\/uploads\/2020\/12\/fichier-696x464.jpg\" srcset=\"https:\/\/www.sidwaya.info\/wp-content\/uploads\/2020\/12\/fichier-696x464.jpg 696w, https:\/\/www.sidwaya.info\/wp-content\/uploads\/2020\/12\/fichier-300x200.jpg 300w, https:\/\/www.sidwaya.info\/wp-content\/uploads\/2020\/12\/fichier-768x512.jpg 768w, https:\/\/www.sidwaya.info\/wp-content\/uploads\/2020\/12\/fichier-150x100.jpg 150w, https:\/\/www.sidwaya.info\/wp-content\/uploads\/2020\/12\/fichier-630x420.jpg 630w, https:\/\/www.sidwaya.info\/wp-content\/uploads\/2020\/12\/fichier.jpg 787w\" sizes=\"auto, (max-width: 696px) 100vw, 696px\" alt=\"\" title=\"fichier\"\/><\/a>C\u2019est le chef du Parlement burkinab\u00e8, Bala Sakand\u00e9, qui a pos\u00e9 la premi\u00e8re pierre de la construction du site.<\/div>\n<p><strong>Le pr\u00e9sident de l\u2019Assembl\u00e9e nationale, Alassane Bala Sakand\u00e9, a proc\u00e9d\u00e9, le lundi 7 d\u00e9cembre 2020 \u00e0 Banfora, \u00e0 la pose de la premi\u00e8re pierre du site de prise en charge des cas de la COVID-19 et autres maladies pathog\u00e8nes. L\u2019unit\u00e9 sera enti\u00e8rement financ\u00e9e par le fonds du Coronathon, lanc\u00e9 en avril dernier par le Parlement burkinab\u00e8 pour lutter contre la pand\u00e9mie.<\/strong><\/p>\n<p>La r\u00e9gion des Cascades sera b\u00e9n\u00e9ficiaire des fruits du Coronathon de l\u2019Assembl\u00e9e nationale. Il s\u2019agit d\u2019un site de prise en charge des cas de la COVID-19 et autres maladies pathog\u00e8nes qui sortira de terre dans cinq mois \u00e0 Banfora. La pose de la premi\u00e8re pierre du joyau a \u00e9t\u00e9 faite par le pr\u00e9sident de l\u2019Assembl\u00e9e nationale, Alassane Bala Sakand\u00e9, le 7 d\u00e9cembre 2020 dans la cit\u00e9 du Paysan noir, \u00e0 la faveur de la c\u00e9l\u00e9bration du 11-D\u00e9cembre. L\u2019infrastructure qui sera b\u00e2tie sur une superficie de plus de 66 m\u00e8tres carr\u00e9s sera compos\u00e9e de 8 chambres d\u2019accueil de malades avec au total 16 lits.<\/p>\n<p>Ce centre dit moderne par les sp\u00e9cialistes poss\u00e8de \u00e9galement des bureaux pour m\u00e9decins, des salles pour traitement des cas av\u00e9r\u00e9s de la COVID-19, des cas suspects et autres maladies pathog\u00e8nes, des salles de garde, etc. Le b\u00e2timent qui sera \u00e9rig\u00e9 au Centre hospitalier r\u00e9gional des Cascades a un co\u00fbt de 114 938 266 F CFA, issus des fonds du Coronathon. Selon le pr\u00e9sident de la cellule de gestion du Coronathon, Dr Alfred Sandouidi, Banfora a \u00e9t\u00e9 choisi pour implanter cette infrastructure \u00ab dans la perspective de l\u2019ouverture des fronti\u00e8res \u00bb.<\/p>\n<p>Le pr\u00e9sident de la l\u2019Assembl\u00e9e nationale, Alassane Bala Sakand\u00e9, a remerci\u00e9 tous les partenaires qui ont soutenu l\u2019initiative. Il a \u00e9galement salu\u00e9 l\u2019action des donateurs, \u00e0 savoir le peuple, pour les diff\u00e9rentes contributions depuis le lancement du Coronathon en avril 2020. Cette collecte de fonds a permis \u00e0 la cellule de gestion d\u2019obtenir en esp\u00e8ces 441 714 000FCFA et en nature 14 515 000FCFA, soit un total de 456 229 550 F CFA.<br \/>Dans son allocution, Alassane Bala Sakand\u00e9, initiateur du Coronathon, a \u00e9t\u00e9 on ne peut plus clair \u00e0 l\u2019endroit de l\u2019entreprise charg\u00e9e de la construction de l\u2019infrastructure. \u00ab Nous allons veiller \u00e0 ce que l\u2019infrastructure qui va pousser de terre soit de qualit\u00e9. Cette question est non n\u00e9gociable \u00bb, a-t-il pr\u00e9venu.<\/p>\n<p>Comme dans un tribunal, Bala Sakand\u00e9 a fait appel au repr\u00e9sentant de l\u2019entreprise en charge de la r\u00e9alisation du site, Arouna Komi, devant toute l\u2019assistance et lui a fait ces remarques : \u00ab Si la soci\u00e9t\u00e9 Landaogo SA ne veut pas que sa soci\u00e9t\u00e9 soit transform\u00e9e en Maco SA, il faut que les travaux soient de qualit\u00e9 \u00bb, a-t-il menac\u00e9. Et d\u2019ajouter : \u00ab Je parle en tant qu\u2019institution. Vous irez en taule si le travail n\u2019est pas bien fait, parce que c\u2019est l\u2019argent du peuple. S\u2019il y a des probl\u00e8mes de qualit\u00e9 sur les travaux, nous avons la latitude de vous faire arr\u00eater et de changer.<\/p>\n<p>Pour moi, un homme pr\u00e9venu n\u2019en vaut pas deux mais vingt \u00bb. Le chef du Parlement burkinab\u00e8 a invit\u00e9 le corps m\u00e9dical, la gendarmerie et m\u00eame la soci\u00e9t\u00e9 civile \u00e0 veiller \u00e0 ce que les travaux soient \u00e0 la hauteur. Il a rappel\u00e9 que parmi les contribuables, se trouve une jeune \u00e9coli\u00e8re qui a dit : \u00ab Tonton Sakand\u00e9, c\u2019est l\u2019argent de mon go\u00fbter que je donne pour le Coronathon \u00bb.<\/p>\n<p>Depuis l\u2019apparition de la COVID-19 au Burkina Faso le 9 mars 2020, la r\u00e9gion des Cascades a connu son premier cas le 20 mars et le 30 novembre, elle a enregistr\u00e9 56 cas avec malheureusement trois (3) d\u00e9c\u00e8s.<\/p>\n<p class=\"c1\"><strong>Adama SALAMBERE<\/strong><\/p>\n<div class=\"td-a-rec td-a-rec-id-content_bottom tdi_32_9ac td_block_template_1\"><img loading=\"lazy\" decoding=\"async\" class=\"aligncenter size-full wp-image-27454\" src=\"https:\/\/www.sidwaya.info\/wp-content\/uploads\/2020\/10\/PUB-Bandeau-paiement-mobile-siteweb.jpg\" alt=\"\" width=\"728\" height=\"90\"\/><\/div>\n<p>Auteur: JK. Sidwaya<br \/>\n<a href=\"https:\/\/www.sidwaya.info\/blog\/2020\/12\/08\/prise-en-charge-des-cas-de-la-covid-19-banfora-beneficie-des-fruits-du-coronathon\/\">Cliquez ici pour lire l&rsquo;article depuis sa source.<\/a><\/p>\n","protected":false},"excerpt":{"rendered":"<p>C\u2019est le chef du Parlement burkinab\u00e8, Bala Sakand\u00e9, qui a pos\u00e9 la premi\u00e8re pierre de la construction du site. Le pr\u00e9sident de l\u2019Assembl\u00e9e nationale, Alassane Bala Sakand\u00e9, a proc\u00e9d\u00e9, le lundi 7 d\u00e9cembre 2020 \u00e0 Banfora, \u00e0 la pose de la premi\u00e8re pierre du site de prise en charge des cas de la COVID-19 et [&hellip;]<\/p>\n","protected":false},"author":1816,"featured_media":0,"comment_status":"closed","ping_status":"closed","sticky":false,"template":"","format":"standard","meta":{"fifu_image_url":"https:\/\/www.sidwaya.info\/wp-content\/uploads\/2020\/12\/fichier-696x464.jpg","fifu_image_alt":"Prise en charge des cas de la COVID-19 : Banfora b\u00e9n\u00e9ficie des fruits du Coronathon","footnotes":""},"categories":[73,81],"tags":[],"class_list":["post-106743","post","type-post","status-publish","format-standard","hentry","category-actualite","category-burkina-faso"],"_links":{"self":[{"href":"https:\/\/linitiative.ca\/International\/wp-json\/wp\/v2\/posts\/106743","targetHints":{"allow":["GET"]}}],"collection":[{"href":"https:\/\/linitiative.ca\/International\/wp-json\/wp\/v2\/posts"}],"about":[{"href":"https:\/\/linitiative.ca\/International\/wp-json\/wp\/v2\/types\/post"}],"author":[{"embeddable":true,"href":"https:\/\/linitiative.ca\/International\/wp-json\/wp\/v2\/users\/1816"}],"replies":[{"embeddable":true,"href":"https:\/\/linitiative.ca\/International\/wp-json\/wp\/v2\/comments?post=106743"}],"version-history":[{"count":0,"href":"https:\/\/linitiative.ca\/International\/wp-json\/wp\/v2\/posts\/106743\/revisions"}],"wp:attachment":[{"href":"https:\/\/linitiative.ca\/International\/wp-json\/wp\/v2\/media?parent=106743"}],"wp:term":[{"taxonomy":"category","embeddable":true,"href":"https:\/\/linitiative.ca\/International\/wp-json\/wp\/v2\/categories?post=106743"},{"taxonomy":"post_tag","embeddable":true,"href":"https:\/\/linitiative.ca\/International\/wp-json\/wp\/v2\/tags?post=106743"}],"curies":[{"name":"wp","href":"https:\/\/api.w.org\/{rel}","templated":true}]}}