{"id":106744,"date":"2020-12-08T12:18:02","date_gmt":"2020-12-08T17:18:02","guid":{"rendered":"https:\/\/linitiative.ca\/International\/nigeria-les-personnes-agees-victimes-invisibles-de-boko-haram\/"},"modified":"2020-12-08T12:18:02","modified_gmt":"2020-12-08T17:18:02","slug":"nigeria-les-personnes-agees-victimes-invisibles-de-boko-haram","status":"publish","type":"post","link":"https:\/\/linitiative.ca\/International\/nigeria-les-personnes-agees-victimes-invisibles-de-boko-haram\/","title":{"rendered":"Nigeria : les personnes \u00e2g\u00e9es, \u00ab victimes invisibles \u00bb de Boko Haram"},"content":{"rendered":"<div readability=\"32\">\n<p>Publi\u00e9 le 08.12.2020 \u00e0 18h18 par APA News<\/p>\n<\/div>\n<div readability=\"88\">\n<p>Les personnes \u00e2g\u00e9es \u00ab souffrent de fa\u00e7on particuli\u00e8re \u00bb du conflit qui s\u00e9vit depuis pr\u00e8s de dix ans dans le nord-est du Nigeria, selon Amnesty International.\u00ab Beaucoup d\u2019entre elles sont mortes de faim chez elles ou y ont \u00e9t\u00e9 massacr\u00e9es. D\u2019autres ont d\u00e9p\u00e9ri et ont perdu la vie alors qu\u2019elles \u00e9taient d\u00e9tenues de fa\u00e7on ill\u00e9gale par des militaires dans des conditions d\u00e9plorables \u00bb, a d\u00e9clar\u00e9 Amnesty International dans un nouveau rapport publi\u00e9 mardi 8 d\u00e9cembre.<\/p>\n<p>Le document de 67 pages, intitul\u00e9 \u00ab Mon c\u0153ur saigne : La vie des personnes \u00e2g\u00e9es face au conflit, au d\u00e9placement et \u00e0 la d\u00e9tention dans le nord-est du Nigeria \u00bb, montre comment les personnes \u00e2g\u00e9es, des hommes comme des femmes, ont \u00e9t\u00e9 \u00ab victimes d\u2019atrocit\u00e9s par le groupe arm\u00e9 Boko Haram et par l\u2019arm\u00e9e nig\u00e9riane, sans qu\u2019aucun responsable pr\u00e9sum\u00e9 de ces actes n\u2019ait rendu des comptes \u00bb.<\/p>\n<p>Il d\u00e9nonce \u00e9galement le fait que la r\u00e9ponse humanitaire n\u00e9glige \u00ab syst\u00e9matiquement \u00bb les personnes \u00e2g\u00e9es d\u00e9plac\u00e9es, sachant que de nombreux villages dans les zones contr\u00f4l\u00e9es par Boko Haram sont \u00ab essentiellement peupl\u00e9s \u00bb par celles-l\u00e0. Mais elles \u00ab n\u2019ont pas pu fuir ou ont choisi de rester pour continuer \u00e0 cultiver leur terre \u00bb.<\/p>\n<p>En outre, affirme l\u2019ONG des droits humains, la r\u00e9ponse humanitaire ne s\u2019occupe de leur cas qu\u2019\u00ab apr\u00e8s coup \u00bb, alors qu\u2019elles \u00ab sont menac\u00e9es de tous les c\u00f4t\u00e9s \u00bb dans ces villages.<\/p>\n<p>\u00ab Boko Haram pille leurs maisons et emp\u00eache souvent les femmes \u00e2g\u00e9es de se d\u00e9placer, ce qui constitue une difficult\u00e9 pour que les familles puissent gagner de l\u2019argent et se nourrir. Le groupe arm\u00e9 kidnappe ou assassine \u00e9galement leurs enfants et petits-enfants, et va parfois torturer ou tuer les personnes \u00e2g\u00e9es elles-m\u00eames \u00bb, d\u00e9nonce encore Amnesty.<\/p>\n<p>\u00ab Ce sont des agissements qui constituent des crimes de guerre et peut-\u00eatre m\u00eame des crimes contre l\u2019humanit\u00e9 \u00bb, a qualifi\u00e9 Joanne Mariner, directrice sur les situations de crise \u00e0 Amnesty International.<\/p>\n<p>Elle souligne \u00e9galement que \u00ab l\u2019arm\u00e9e nig\u00e9riane, \u00e0 son tour, a abattu \u00e0 maintes reprises des personnes \u00e2g\u00e9es chez elles lors d\u2019op\u00e9rations men\u00e9es dans des villages situ\u00e9s dans des zones contr\u00f4l\u00e9es par Boko Haram \u00bb.<\/p>\n<p>\u00ab De plus, des milliers de personnes \u00e2g\u00e9es d\u00e9tenues dans des conditions sordides par l\u2019arm\u00e9e ont \u00e9t\u00e9 trait\u00e9es sans dignit\u00e9, et pour des centaines d\u2019entre elles jusque dans la mort. Ces agissements constituent \u00e9galement des crimes de guerre et peut-\u00eatre m\u00eame des crimes contre l\u2019humanit\u00e9 \u00bb, a indiqu\u00e9 Mme Mariner.<\/p>\n<\/div>\n<p>Auteur: APA News<br \/>\n<a href=\"https:\/\/www.journalducameroun.com\/nigeria-les-personnes-agees-victimes-invisibles-de-boko-haram\/\">Cliquez ici pour lire l&rsquo;article depuis sa source.<\/a><\/p>\n","protected":false},"excerpt":{"rendered":"<p>Publi\u00e9 le 08.12.2020 \u00e0 18h18 par APA News Les personnes \u00e2g\u00e9es \u00ab souffrent de fa\u00e7on particuli\u00e8re \u00bb du conflit qui s\u00e9vit depuis pr\u00e8s de dix ans dans le nord-est du Nigeria, selon Amnesty International.\u00ab Beaucoup d\u2019entre elles sont mortes de faim chez elles ou y ont \u00e9t\u00e9 massacr\u00e9es. D\u2019autres ont d\u00e9p\u00e9ri et ont perdu la [&hellip;]<\/p>\n","protected":false},"author":1965,"featured_media":0,"comment_status":"closed","ping_status":"closed","sticky":false,"template":"","format":"standard","meta":{"fifu_image_url":"","fifu_image_alt":"","footnotes":""},"categories":[73,82],"tags":[],"class_list":["post-106744","post","type-post","status-publish","format-standard","hentry","category-actualite","category-cameroun"],"_links":{"self":[{"href":"https:\/\/linitiative.ca\/International\/wp-json\/wp\/v2\/posts\/106744","targetHints":{"allow":["GET"]}}],"collection":[{"href":"https:\/\/linitiative.ca\/International\/wp-json\/wp\/v2\/posts"}],"about":[{"href":"https:\/\/linitiative.ca\/International\/wp-json\/wp\/v2\/types\/post"}],"author":[{"embeddable":true,"href":"https:\/\/linitiative.ca\/International\/wp-json\/wp\/v2\/users\/1965"}],"replies":[{"embeddable":true,"href":"https:\/\/linitiative.ca\/International\/wp-json\/wp\/v2\/comments?post=106744"}],"version-history":[{"count":0,"href":"https:\/\/linitiative.ca\/International\/wp-json\/wp\/v2\/posts\/106744\/revisions"}],"wp:attachment":[{"href":"https:\/\/linitiative.ca\/International\/wp-json\/wp\/v2\/media?parent=106744"}],"wp:term":[{"taxonomy":"category","embeddable":true,"href":"https:\/\/linitiative.ca\/International\/wp-json\/wp\/v2\/categories?post=106744"},{"taxonomy":"post_tag","embeddable":true,"href":"https:\/\/linitiative.ca\/International\/wp-json\/wp\/v2\/tags?post=106744"}],"curies":[{"name":"wp","href":"https:\/\/api.w.org\/{rel}","templated":true}]}}