{"id":106745,"date":"2020-12-08T13:53:09","date_gmt":"2020-12-08T18:53:09","guid":{"rendered":"https:\/\/linitiative.ca\/International\/cameroun-necrologie-le-chef-du-canton-akwa-sa-majeste-din-dika-est-mort\/"},"modified":"2020-12-08T13:53:09","modified_gmt":"2020-12-08T18:53:09","slug":"cameroun-necrologie-le-chef-du-canton-akwa-sa-majeste-din-dika-est-mort","status":"publish","type":"post","link":"https:\/\/linitiative.ca\/International\/cameroun-necrologie-le-chef-du-canton-akwa-sa-majeste-din-dika-est-mort\/","title":{"rendered":"Cameroun-n\u00e9crologie : le chef du canton Akwa Sa Majest\u00e9 DIN DIka est mort"},"content":{"rendered":"<div readability=\"32\">\n<p>Publi\u00e9 le 08.12.2020 \u00e0 19h53 par Journal du Cameroun<\/p>\n<\/div>\n<div readability=\"47\">\n<h2 class=\"c6\">Au tr\u00f4ne officiellement depuis 2001, Sa Majest\u00e9 DIN DIka Charles David, a rendu l\u2019\u00e2me des suites de maladie. <strong>Ce 08 d\u00e9cembre 2020 des suites de maladie.<\/strong><\/h2>\n<p class=\"c7\">Alors qu\u2019il vient d\u2019\u00eatre \u00e9lu conseiller r\u00e9gional, Sa Majest\u00e9 <strong>Din DIka Charles David<\/strong>, rend l\u2019\u00e2me des suites d\u2019une maladie.<\/p>\n<p class=\"c7\">Le Banquier de profession avait \u00e9t\u00e9 intronis\u00e9 le 27 octobre 2001 au cours d\u2019une c\u00e9r\u00e9monie haute en couleur sur les berges du Wouri \u00e0 laquelle prenaient part l\u2019\u00e9lite traditionnelle nationale ainsi que les autorit\u00e9s politiques de la R\u00e9publique.<\/p>\n<p class=\"c7\">Dans un article publi\u00e9 en 2014 par le <strong>prince Ngando Ebongue Akwa<\/strong>, reconnaissait en Majest\u00e9 Charles David Din Dika Akwa des qualit\u00e9s humaines et intellectuelles n\u00e9cessaires au bon fonctionnement du pouvoir traditionnel.<\/p>\n<p class=\"c7\">Son d\u00e9part laisse la communaut\u00e9 Sawa dans la consternation. Notamment le <strong>Canton Akwa<\/strong> dont il \u00e9tait le guide.<\/p>\n<\/div>\n<p>Auteur: Christian DJIMADEU<br \/>\n<a href=\"https:\/\/www.journalducameroun.com\/cameroun-necrologie-le-chef-du-canton-akwa-sa-majeste-din-dika-est-mort-cameroun\/\">Cliquez ici pour lire l&rsquo;article depuis sa source.<\/a><\/p>\n","protected":false},"excerpt":{"rendered":"<p>Publi\u00e9 le 08.12.2020 \u00e0 19h53 par Journal du Cameroun Au tr\u00f4ne officiellement depuis 2001, Sa Majest\u00e9 DIN DIka Charles David, a rendu l\u2019\u00e2me des suites de maladie. Ce 08 d\u00e9cembre 2020 des suites de maladie. Alors qu\u2019il vient d\u2019\u00eatre \u00e9lu conseiller r\u00e9gional, Sa Majest\u00e9 Din DIka Charles David, rend l\u2019\u00e2me des suites d\u2019une maladie. Le [&hellip;]<\/p>\n","protected":false},"author":1965,"featured_media":0,"comment_status":"closed","ping_status":"closed","sticky":false,"template":"","format":"standard","meta":{"fifu_image_url":"","fifu_image_alt":"","footnotes":""},"categories":[73,82],"tags":[],"class_list":["post-106745","post","type-post","status-publish","format-standard","hentry","category-actualite","category-cameroun"],"_links":{"self":[{"href":"https:\/\/linitiative.ca\/International\/wp-json\/wp\/v2\/posts\/106745","targetHints":{"allow":["GET"]}}],"collection":[{"href":"https:\/\/linitiative.ca\/International\/wp-json\/wp\/v2\/posts"}],"about":[{"href":"https:\/\/linitiative.ca\/International\/wp-json\/wp\/v2\/types\/post"}],"author":[{"embeddable":true,"href":"https:\/\/linitiative.ca\/International\/wp-json\/wp\/v2\/users\/1965"}],"replies":[{"embeddable":true,"href":"https:\/\/linitiative.ca\/International\/wp-json\/wp\/v2\/comments?post=106745"}],"version-history":[{"count":0,"href":"https:\/\/linitiative.ca\/International\/wp-json\/wp\/v2\/posts\/106745\/revisions"}],"wp:attachment":[{"href":"https:\/\/linitiative.ca\/International\/wp-json\/wp\/v2\/media?parent=106745"}],"wp:term":[{"taxonomy":"category","embeddable":true,"href":"https:\/\/linitiative.ca\/International\/wp-json\/wp\/v2\/categories?post=106745"},{"taxonomy":"post_tag","embeddable":true,"href":"https:\/\/linitiative.ca\/International\/wp-json\/wp\/v2\/tags?post=106745"}],"curies":[{"name":"wp","href":"https:\/\/api.w.org\/{rel}","templated":true}]}}