{"id":106747,"date":"2020-12-08T18:04:28","date_gmt":"2020-12-08T23:04:28","guid":{"rendered":"https:\/\/linitiative.ca\/International\/maroc-les-cites-universitaires-resteront-fermees-jusqua-lamelioration-de-la-situation-epidemiologique-ministre\/"},"modified":"2020-12-08T18:04:28","modified_gmt":"2020-12-08T23:04:28","slug":"maroc-les-cites-universitaires-resteront-fermees-jusqua-lamelioration-de-la-situation-epidemiologique-ministre","status":"publish","type":"post","link":"https:\/\/linitiative.ca\/International\/maroc-les-cites-universitaires-resteront-fermees-jusqua-lamelioration-de-la-situation-epidemiologique-ministre\/","title":{"rendered":"Maroc : les cit\u00e9s universitaires resteront ferm\u00e9es jusqu\u2019\u00e0 l\u2019am\u00e9lioration de la situation \u00e9pid\u00e9miologique (ministre)"},"content":{"rendered":"<div readability=\"32\">\n<p>Publi\u00e9 le 09.12.2020 \u00e0 00h18 par APA News<\/p>\n<\/div>\n<div readability=\"68\">\n<p>Les cit\u00e9s universitaires resteront ferm\u00e9es jusqu\u2019\u00e0 l\u2019am\u00e9lioration de la situation \u00e9pid\u00e9miologique dans le Royaume, a affirm\u00e9 mardi \u00e0 Rabat le ministre d\u00e9l\u00e9gu\u00e9 charg\u00e9 de l\u2019enseignement sup\u00e9rieur et de la recherche scientifique, Driss Ouaouicha.\u00ab A cause de la pand\u00e9mie de Covid-19, la r\u00e9ouverture des cit\u00e9s et des restaurants universitaires a \u00e9t\u00e9 report\u00e9e, une d\u00e9cision qui a \u00e9t\u00e9 prise en coordination avec les autorit\u00e9s comp\u00e9tentes, jusqu\u2019\u00e0 am\u00e9lioration de la situation \u00e9pid\u00e9miologique, surtout que la majorit\u00e9 des \u00e9tablissements universitaires ont adopt\u00e9 l\u2019enseignement \u00e0 distance \u00bb, a d\u00e9clar\u00e9 le ministre d\u00e9l\u00e9gu\u00e9 qui intervenait au parlement.<\/p>\n<p>Il a dans ce sens expliqu\u00e9 que la plupart des chambres des cit\u00e9s universitaires accueillent plus de quatre \u00e9tudiants, voire six parfois, notant que leur r\u00e9ouverture conform\u00e9ment au protocole \u00e9labor\u00e9 par le minist\u00e8re de la Sant\u00e9 limitant le nombre des \u00e9tudiants \u00e0 deux par chambre, s\u2019av\u00e8re difficile du point de vue des normes de s\u00e9lection des b\u00e9n\u00e9ficiaires.<\/p>\n<p>Selon lui, les circonstances exceptionnelles de la pand\u00e9mie ont impos\u00e9 la fermeture temporaire des cit\u00e9s universitaires, relevant que la majorit\u00e9 des pays ont adopt\u00e9, au cours du premier semestre, l\u2019enseignement \u00e0 distance, en dehors des travaux pratiques (TP) qui se d\u00e9roulent en pr\u00e9sentiel avec un effectif r\u00e9duit.<\/p>\n<p>S\u2019agissant de la restauration, le responsable gouvernemental a indiqu\u00e9 que l\u2019Office national des \u0153uvres universitaires, sociales et culturelles \u0153uvre pour trouver des solutions appropri\u00e9es en vue d\u2019offrir des repas \u00e0 emporter, en particulier pour les \u00e9tudiants oblig\u00e9s de se pr\u00e9senter aux \u00e9tablissements universitaires pour les cours des travaux pratiques (TP).<\/p>\n<\/div>\n<p>Auteur: APA News<br \/>\n<a href=\"https:\/\/www.journalducameroun.com\/maroc-les-cites-universitaires-resteront-fermees-jusqua-lamelioration-de-la-situation-epidemiologique-ministre\/\">Cliquez ici pour lire l&rsquo;article depuis sa source.<\/a><\/p>\n","protected":false},"excerpt":{"rendered":"<p>Publi\u00e9 le 09.12.2020 \u00e0 00h18 par APA News Les cit\u00e9s universitaires resteront ferm\u00e9es jusqu\u2019\u00e0 l\u2019am\u00e9lioration de la situation \u00e9pid\u00e9miologique dans le Royaume, a affirm\u00e9 mardi \u00e0 Rabat le ministre d\u00e9l\u00e9gu\u00e9 charg\u00e9 de l\u2019enseignement sup\u00e9rieur et de la recherche scientifique, Driss Ouaouicha.\u00ab A cause de la pand\u00e9mie de Covid-19, la r\u00e9ouverture des cit\u00e9s et des restaurants [&hellip;]<\/p>\n","protected":false},"author":1965,"featured_media":0,"comment_status":"closed","ping_status":"closed","sticky":false,"template":"","format":"standard","meta":{"fifu_image_url":"","fifu_image_alt":"","footnotes":""},"categories":[73,82],"tags":[],"class_list":["post-106747","post","type-post","status-publish","format-standard","hentry","category-actualite","category-cameroun"],"_links":{"self":[{"href":"https:\/\/linitiative.ca\/International\/wp-json\/wp\/v2\/posts\/106747","targetHints":{"allow":["GET"]}}],"collection":[{"href":"https:\/\/linitiative.ca\/International\/wp-json\/wp\/v2\/posts"}],"about":[{"href":"https:\/\/linitiative.ca\/International\/wp-json\/wp\/v2\/types\/post"}],"author":[{"embeddable":true,"href":"https:\/\/linitiative.ca\/International\/wp-json\/wp\/v2\/users\/1965"}],"replies":[{"embeddable":true,"href":"https:\/\/linitiative.ca\/International\/wp-json\/wp\/v2\/comments?post=106747"}],"version-history":[{"count":0,"href":"https:\/\/linitiative.ca\/International\/wp-json\/wp\/v2\/posts\/106747\/revisions"}],"wp:attachment":[{"href":"https:\/\/linitiative.ca\/International\/wp-json\/wp\/v2\/media?parent=106747"}],"wp:term":[{"taxonomy":"category","embeddable":true,"href":"https:\/\/linitiative.ca\/International\/wp-json\/wp\/v2\/categories?post=106747"},{"taxonomy":"post_tag","embeddable":true,"href":"https:\/\/linitiative.ca\/International\/wp-json\/wp\/v2\/tags?post=106747"}],"curies":[{"name":"wp","href":"https:\/\/api.w.org\/{rel}","templated":true}]}}