{"id":106748,"date":"2020-12-08T18:04:33","date_gmt":"2020-12-08T23:04:33","guid":{"rendered":"https:\/\/linitiative.ca\/International\/le-maroc-prend-part-au-forum-international-sur-lintelligence-artificielle-et-lavenir-de-leducation\/"},"modified":"2020-12-08T18:04:33","modified_gmt":"2020-12-08T23:04:33","slug":"le-maroc-prend-part-au-forum-international-sur-lintelligence-artificielle-et-lavenir-de-leducation","status":"publish","type":"post","link":"https:\/\/linitiative.ca\/International\/le-maroc-prend-part-au-forum-international-sur-lintelligence-artificielle-et-lavenir-de-leducation\/","title":{"rendered":"Le Maroc prend part au Forum international sur l\u2019intelligence artificielle et l\u2019avenir de l\u2019\u00e9ducation"},"content":{"rendered":"<div readability=\"32\">\n<p>Publi\u00e9 le 09.12.2020 \u00e0 00h18 par APA News<\/p>\n<\/div>\n<div readability=\"64\">\n<p>Le ministre marocain de l\u2019\u00c9ducation nationale, de la Formation professionnelle, de l\u2019enseignement sup\u00e9rieur et de la recherche scientifique, Said Amzazi, a particip\u00e9 aux travaux du Forum international sur l\u2019intelligence artificielle et l\u2019avenir de l\u2019\u00e9ducation, organis\u00e9 les 7 et 8 d\u00e9cembre courant par le minist\u00e8re chinois de l\u2019\u00c9ducation en partenariat avec l\u2019UNESCO, indique mardi un communiqu\u00e9 du minist\u00e8re parvenu \u00e0 APA.Plac\u00e9 sous le signe \u00ab D\u00e9veloppement des comp\u00e9tences \u00e0 l\u2019\u00e8re de l\u2019intelligence artificielle \u00bb, ce forum, qui a vu la participation d\u2019un nombre important de ministres de l\u2019\u00c9ducation et d\u2019un groupe d\u2019experts de l\u2019\u00e9ducation et de l\u2019intelligence artificielle du monde entier, s\u2019inscrit dans le cadre de la mise en oeuvre des objectifs du \u00ab Consensus de P\u00e9kin \u00bb pour l\u2019ann\u00e9e 2019, qui se propose de d\u00e9velopper les comp\u00e9tences de base pour combler la fracture num\u00e9rique, en particulier celles li\u00e9es \u00e0 l\u2019intelligence artificielle dans le domaine de l\u2019\u00e9ducation et de la formation.<\/p>\n<p>Intervenant \u00e0 cette occasion, le ministre marocain a fait savoir que le Royaume a lanc\u00e9 de nombreuses initiatives, en partenariat avec les secteurs public et priv\u00e9, visant \u00e0 d\u00e9velopper les comp\u00e9tences des \u00e9tudiants dans le domaine du num\u00e9rique et \u00e0 mettre en valeur leurs \u00e9nergies cr\u00e9atives, en plus de r\u00e9duire l\u2019\u00e9cart des acquisitions num\u00e9riques, conform\u00e9ment aux objectifs de D\u00e9veloppement durable des Nations Unies, en particulier le 4\u00e8me objectif visant \u00e0 assurer une \u00e9ducation de qualit\u00e9 inclusive et \u00e9quitable et \u00e0 promouvoir des opportunit\u00e9s d\u2019apprentissage tout au long de la vie pour tous, souligne la m\u00eame source.<\/p>\n<p>Il convient de noter que cet important forum international a organis\u00e9 plusieurs ateliers et r\u00e9unions virtuels qui ont trait\u00e9 d\u2019un \u00e9ventail de questions li\u00e9es \u00e0 l\u2019intelligence artificielle et \u00e0 l\u2019\u00e9ducation, en plus de l\u2019examen des moyens \u00e0 m\u00eame de relever les d\u00e9fis qui emp\u00eachent de garantir l\u2019utilisation compl\u00e8te et \u00e9quitable de l\u2019intelligence artificielle.<\/p>\n<\/div>\n<p>Auteur: APA News<br \/>\n<a href=\"https:\/\/www.journalducameroun.com\/le-maroc-prend-part-au-forum-international-sur-lintelligence-artificielle-et-lavenir-de-leducation\/\">Cliquez ici pour lire l&rsquo;article depuis sa source.<\/a><\/p>\n","protected":false},"excerpt":{"rendered":"<p>Publi\u00e9 le 09.12.2020 \u00e0 00h18 par APA News Le ministre marocain de l\u2019\u00c9ducation nationale, de la Formation professionnelle, de l\u2019enseignement sup\u00e9rieur et de la recherche scientifique, Said Amzazi, a particip\u00e9 aux travaux du Forum international sur l\u2019intelligence artificielle et l\u2019avenir de l\u2019\u00e9ducation, organis\u00e9 les 7 et 8 d\u00e9cembre courant par le minist\u00e8re chinois de l\u2019\u00c9ducation [&hellip;]<\/p>\n","protected":false},"author":1965,"featured_media":0,"comment_status":"closed","ping_status":"closed","sticky":false,"template":"","format":"standard","meta":{"fifu_image_url":"","fifu_image_alt":"","footnotes":""},"categories":[73,82],"tags":[],"class_list":["post-106748","post","type-post","status-publish","format-standard","hentry","category-actualite","category-cameroun"],"_links":{"self":[{"href":"https:\/\/linitiative.ca\/International\/wp-json\/wp\/v2\/posts\/106748","targetHints":{"allow":["GET"]}}],"collection":[{"href":"https:\/\/linitiative.ca\/International\/wp-json\/wp\/v2\/posts"}],"about":[{"href":"https:\/\/linitiative.ca\/International\/wp-json\/wp\/v2\/types\/post"}],"author":[{"embeddable":true,"href":"https:\/\/linitiative.ca\/International\/wp-json\/wp\/v2\/users\/1965"}],"replies":[{"embeddable":true,"href":"https:\/\/linitiative.ca\/International\/wp-json\/wp\/v2\/comments?post=106748"}],"version-history":[{"count":0,"href":"https:\/\/linitiative.ca\/International\/wp-json\/wp\/v2\/posts\/106748\/revisions"}],"wp:attachment":[{"href":"https:\/\/linitiative.ca\/International\/wp-json\/wp\/v2\/media?parent=106748"}],"wp:term":[{"taxonomy":"category","embeddable":true,"href":"https:\/\/linitiative.ca\/International\/wp-json\/wp\/v2\/categories?post=106748"},{"taxonomy":"post_tag","embeddable":true,"href":"https:\/\/linitiative.ca\/International\/wp-json\/wp\/v2\/tags?post=106748"}],"curies":[{"name":"wp","href":"https:\/\/api.w.org\/{rel}","templated":true}]}}