{"id":106752,"date":"2020-12-08T13:47:12","date_gmt":"2020-12-08T18:47:12","guid":{"rendered":"https:\/\/linitiative.ca\/International\/assurance-blaise-abel-ezoo-engolo-est-le-nouveau-secretaire-general-de-la-cima\/"},"modified":"2020-12-08T13:47:12","modified_gmt":"2020-12-08T18:47:12","slug":"assurance-blaise-abel-ezoo-engolo-est-le-nouveau-secretaire-general-de-la-cima","status":"publish","type":"post","link":"https:\/\/linitiative.ca\/International\/assurance-blaise-abel-ezoo-engolo-est-le-nouveau-secretaire-general-de-la-cima\/","title":{"rendered":"Assurance : Blaise Abel Ezo\u2019o Engolo, est le nouveau secr\u00e9taire g\u00e9n\u00e9ral de la CIMA"},"content":{"rendered":"<p>Il y a du sang neuf au secr\u00e9tariat g\u00e9n\u00e9ral de la Conf\u00e9rence interafricaine des march\u00e9s d\u2019assurances (Cima), gendarme du secteur des assurances en Afrique Centrale et de l\u2019Ouest. Le camerounais Blaise Abel Ezo\u2019o Engolo a \u00e9t\u00e9 \u00e9lu le 4 d\u00e9cembre 2020 \u00e0 Lom\u00e9 secr\u00e9taire g\u00e9n\u00e9ral de cette organisation. Seul candidat en lice, M. Ezo\u2019o Engolo a obtenu les faveurs de douze des 14 pays d\u2019Afrique de l\u2019Ouest et du Centre qui constituent cette organisation.<\/p>\n<p>Conform\u00e9ment aux usages en la mati\u00e8re, l\u2019officialisation de cette nomination doit \u00eatre faite par le pr\u00e9sident du conseil des ministres. Ce qui, en r\u00e9alit\u00e9, n\u2019est qu\u2019une formalit\u00e9. Il pourra par la suite rejoindre son poste \u00e0 Libreville, si\u00e8ge de la Cima. Blaise Abel Ezo\u2019o Engolo remplace \u00e0 ce poste Issofa Nchar\u00e9 qui y a pass\u00e9 cinq ans. Pr\u00e9c\u00e9demment directeur de l\u2019Assurance au minist\u00e8re des Finances du Cameroun, Blaise Pascal Ezo\u2019o Engolo connait bien le secteur des assurances, lui qui est depuis d\u00e9cembre 2019, pr\u00e9sident du conseil d\u2019administration de la Compagnie de R\u00e9assurance des Etats membres de la Conf\u00e9rence Interafricaine des March\u00e9s d\u2019Assurances (Cica-RE).<\/p>\n<p><strong>Lire aussi<\/strong> : <a href=\"https:\/\/ecomatin.net\/victimes-du-covid-19-la-prise-en-charge-divise-les-compagnies-dassurances\/\">Victimes du Covid-19\u00a0: la prise en charge divise les compagnies d\u2019assurances<\/a><\/p>\n<p>En tant que Secr\u00e9taire g\u00e9n\u00e9ral de cette organisation, son r\u00f4le sera d\u2019assurer la pr\u00e9paration, l\u2019ex\u00e9cution et le suivi des travaux du Conseil et de la Commission, faire, s\u2019il l\u2019estime n\u00e9cessaire, au Conseil toutes propositions tendant \u00e0 modifier ou \u00e0 compl\u00e9ter la l\u00e9gislation unique et donne tous avis relatifs \u00e0 la r\u00e9alisation des objectifs du pr\u00e9sent Trait\u00e9, arr\u00eater les r\u00e8glements d\u2019application des actes \u00e9tablis par le Conseil. Par ailleurs, le SG de la Cima peut de sa propre initiative ou sur instruction de la Commission, le contr\u00f4le des soci\u00e9t\u00e9s d\u2019assurances et de r\u00e9assurance agr\u00e9\u00e9es sur le territoire des Etats membres. Il transmet au Conseil transmet au Conseil un rapport annuel sur l\u2019ex\u00e9cution de ses missions, sur l\u2019activit\u00e9 de la Conf\u00e9rence et sur la situation du secteur des assurances.<\/p>\n<p>Si pour l\u2019instant la feuille de route du nouvel \u00e9lu n\u2019est pas connue, plusieurs dossiers seront cependant sur sa table. Il y\u2019a par exemple l\u2019application des r\u00e9formes engag\u00e9es dans ce secteur notamment le passage du capital social \u00e0 3 milliards FCFA \u00e0 compter de mai 2019 et qui accuse encore de nombreux retards. Autre dossier sur lequel est attendu le Secr\u00e9taire g\u00e9n\u00e9ral, c\u2019est le passage du capital social \u00e0 5 milliards FCFA \u00e0 partir de mai 2021 d\u2019autant que les compagnies d\u2019assurances sont s\u00e9rieusement impact\u00e9es par la crise sanitaire li\u00e9e au Covid-19.<\/p>\n<p><strong>Lire aussi<\/strong> : <a href=\"https:\/\/ecomatin.net\/covid-19-les-compagnies-dassurances-appelees-a-etre-plus-flexibles\/\">Covid-19\u00a0: les compagnies d\u2019assurance appel\u00e9es \u00e0 \u00eatre plus flexibles<\/a><\/p>\n<p><strong>Micro assurance<\/strong><\/p>\n<p>Autre dossier sur lequel est attendu le camerounais, c\u2019est celui de la vulgarisation de la micro assurance ; un combat men\u00e9 par son compatriote Jean Claude Ngbwa. L\u2019actuel Directeur g\u00e9n\u00e9ral de la BVMAC qui a pass\u00e9 une bonne dizaine d\u2019ann\u00e9e \u00e0 ce poste proposait a tant \u0153uvr\u00e9 pour ce mode d\u2019assurance pour personnes \u00e0 revenus modestes, qui ne peuvent pas toujours supporter les co\u00fbts d\u2019une police d\u2019assurance classique. D\u2019apr\u00e8s l\u2019article 700 du R\u00e8glement N\u00b0003 du 5 avril 2012 portant r\u00e9glementation des op\u00e9rations de micro-assurance dans les Etats membres de la Conf\u00e9rence interafricaine des march\u00e9s d\u2019assurances (Cima), la micro-assurance d\u00e9signe \u00ab un m\u00e9canisme d\u2019assurance caract\u00e9ris\u00e9 principalement par la faiblesse des primes et\/ou des capitaux assur\u00e9s, par la simplicit\u00e9 de la couverture, des formalit\u00e9s de souscription, de gestion des contrats, de d\u00e9claration des sinistres et d\u2019indemnisation des victimes \u00bb.<\/p>\n<p><strong>Lire aussi<\/strong> : \u00a0<a href=\"https:\/\/ecomatin.net\/inclusion-financiere-pourquoi-les-camerounais-evitent-les-banques-et-les-assurances\/\">Inclusion financi\u00e8re\u00a0: pourquoi les camerounais \u00e9vitent les banques et les assurances<\/a><\/p>\n<p>Par ailleurs, la micro-assurance peut \u00eatre souscrite aussi bien par les personnes physiques, les personnes morales (dans le cadre d\u2019une assurance groupe) que par les communaut\u00e9s de personnes pr\u00e9sentant des caract\u00e8res identiques mais n\u2019ayant pas de personnalit\u00e9 morale. Cinq ans apr\u00e8s l\u2019adoption du R\u00e8glement sur la micro-assurance, le Pr Kalieu d\u00e9plore le fait que l\u2019offre des contrats de micro-assurance dans les 14 Etats membres de la CIMA, soit encore faible. Selon un rapport publi\u00e9 en juin 2011 par le groupe Development International Desjardins, le taux de p\u00e9n\u00e9tration de la micro-assurance sur le continent africain \u00e9tait faible. A peine 2,6% de la population cible (constitu\u00e9e de 32 pays) \u00e9tait couverte. Or, selon le rapport annuel 2012 des soci\u00e9t\u00e9s d\u2019assurances camerounaises, 10 \u00e0 20% des 154 milliards de F de chiffre d\u2019affaires annuel r\u00e9alis\u00e9 par 23 compagnies actives au Cameroun, provenaient de la micro-assurance.\u00a0Un filon \u00e0 capitaliser en somme.<\/p>\n<p><strong>Lire aussi<\/strong> : <a href=\"https:\/\/ecomatin.net\/finances-qui-controle-le-marche-des-assurances-au-cameroun\/\">Finance\u00a0: qui contr\u00f4le le march\u00e9 des assurances au Cameroun<\/a><\/p>\n<p>Auteur: Cedrick JIONGO<br \/>\n<a href=\"https:\/\/ecomatin.net\/assurance-blaise-abel-ezoo-engolo-est-le-nouveau-secretaire-general-de-la-cima\/\">Cliquez ici pour lire l&rsquo;article depuis sa source.<\/a><\/p>\n","protected":false},"excerpt":{"rendered":"<p>Il y a du sang neuf au secr\u00e9tariat g\u00e9n\u00e9ral de la Conf\u00e9rence interafricaine des march\u00e9s d\u2019assurances (Cima), gendarme du secteur des assurances en Afrique Centrale et de l\u2019Ouest. Le camerounais Blaise Abel Ezo\u2019o Engolo a \u00e9t\u00e9 \u00e9lu le 4 d\u00e9cembre 2020 \u00e0 Lom\u00e9 secr\u00e9taire g\u00e9n\u00e9ral de cette organisation. Seul candidat en lice, M. Ezo\u2019o Engolo [&hellip;]<\/p>\n","protected":false},"author":1969,"featured_media":0,"comment_status":"closed","ping_status":"closed","sticky":false,"template":"","format":"standard","meta":{"fifu_image_url":"","fifu_image_alt":"","footnotes":""},"categories":[82,78],"tags":[],"class_list":["post-106752","post","type-post","status-publish","format-standard","hentry","category-cameroun","category-economie"],"_links":{"self":[{"href":"https:\/\/linitiative.ca\/International\/wp-json\/wp\/v2\/posts\/106752","targetHints":{"allow":["GET"]}}],"collection":[{"href":"https:\/\/linitiative.ca\/International\/wp-json\/wp\/v2\/posts"}],"about":[{"href":"https:\/\/linitiative.ca\/International\/wp-json\/wp\/v2\/types\/post"}],"author":[{"embeddable":true,"href":"https:\/\/linitiative.ca\/International\/wp-json\/wp\/v2\/users\/1969"}],"replies":[{"embeddable":true,"href":"https:\/\/linitiative.ca\/International\/wp-json\/wp\/v2\/comments?post=106752"}],"version-history":[{"count":0,"href":"https:\/\/linitiative.ca\/International\/wp-json\/wp\/v2\/posts\/106752\/revisions"}],"wp:attachment":[{"href":"https:\/\/linitiative.ca\/International\/wp-json\/wp\/v2\/media?parent=106752"}],"wp:term":[{"taxonomy":"category","embeddable":true,"href":"https:\/\/linitiative.ca\/International\/wp-json\/wp\/v2\/categories?post=106752"},{"taxonomy":"post_tag","embeddable":true,"href":"https:\/\/linitiative.ca\/International\/wp-json\/wp\/v2\/tags?post=106752"}],"curies":[{"name":"wp","href":"https:\/\/api.w.org\/{rel}","templated":true}]}}