{"id":106757,"date":"2020-12-09T10:15:20","date_gmt":"2020-12-09T15:15:20","guid":{"rendered":"https:\/\/linitiative.ca\/International\/le-maroc-accueille-le-1er-centre-dessais-automobiles-en-afrique\/"},"modified":"2020-12-09T10:15:20","modified_gmt":"2020-12-09T15:15:20","slug":"le-maroc-accueille-le-1er-centre-dessais-automobiles-en-afrique","status":"publish","type":"post","link":"https:\/\/linitiative.ca\/International\/le-maroc-accueille-le-1er-centre-dessais-automobiles-en-afrique\/","title":{"rendered":"Le Maroc accueille le 1er centre d\u2019essais automobiles en Afrique"},"content":{"rendered":"<p><img decoding=\"async\" class=\"post_layout_5_img\" src=\"http:\/\/aujourdhui.ma\/wp-content\/uploads\/2020\/12\/haut-de-pages.jpg\" alt=\"Le Maroc accueille le 1er centre d&#x2019;essais automobiles en Afrique\"\/><\/p>\n<p><span class=\"c5\"><strong>Lanc\u00e9 par le fran\u00e7ais Utac Ceram et l\u2019allemand FEV Group<\/strong><\/span><span id=\"more-362495\"\/><\/p>\n<p>Le groupe fran\u00e7ais Utac Ceram, qui propose des services dans tous les domaines de la mobilit\u00e9 terrestre (r\u00e9glementation et homologation, essais et expertise technique, certification\u2026), et le groupe allemand FEV Group, l\u2019un des principaux prestataires mondiaux du d\u00e9veloppement de v\u00e9hicules et de la cha\u00eene de traction, ont annonc\u00e9, jeudi, la cr\u00e9ation d\u2019une soci\u00e9t\u00e9 en joint-venture, afin d\u2019ouvrir le premier centre d\u2019essais en Afrique, au Maroc.<\/p>\n<p>Depuis le lancement du Plan d\u2019acc\u00e9l\u00e9ration industrielle (PAI) en avril 2014, le Maroc s\u2019est dot\u00e9 d\u2019une forte strat\u00e9gie de d\u00e9veloppement de son industrie dans diff\u00e9rents secteurs d\u2019activit\u00e9s-cl\u00e9s et notamment dans l\u2019automobile. L\u2019Etat Marocain, soutenu par les constructeurs et \u00e9quipementiers pr\u00e9sents dans le pays, a souhait\u00e9 en effet d\u00e9velopper un centre d\u2019essais automobiles, cette activit\u00e9 repr\u00e9sentant une \u00e9tape majeure dans la construction de sa fili\u00e8re automobile, indiquent les deux groupes dans un communiqu\u00e9 conjoint transmis \u00e0 la MAP.<br \/>L\u2019ouverture de ce centre, qui sera cr\u00e9\u00e9 \u00e0 Oued Zem, \u00e0 150 kilom\u00e8tres de Casablanca, est pr\u00e9vue en 2021, pr\u00e9cise-t-on de m\u00eame source, ajoutant que pr\u00e8s de 100 collaborateurs seront recrut\u00e9s d\u2019ici \u00e0 5 ans avec un programme de formation d\u00e9di\u00e9.<\/p>\n<p>Le centre d\u2019essais proposera une offre de services compl\u00e8te r\u00e9partie en plusieurs activit\u00e9s. Il permettra de tester l\u2019endurance, la fiabilit\u00e9 et la liaison au sol des v\u00e9hicules, notamment sur une piste de 4 km, unique en Europe et en Afrique.<br \/>Le lancement de ce centre aura \u00abun effet d\u2019entra\u00eenement sur le d\u00e9veloppement de l\u2019ing\u00e9nierie et de la R&amp;D en Afrique et tout particuli\u00e8rement au Maroc\u00bb, assurent les deux groupes qui soulignent que la proximit\u00e9 g\u00e9ographique du Maroc avec l\u2019Europe repr\u00e9sente un atout primordial pour les acteurs internationaux.<br \/>\u00abLa construction de ce nouveau centre s\u2019int\u00e8gre dans la strat\u00e9gie de d\u00e9veloppement et de croissance du Groupe, pour aller au-devant des demandes de ses clients. Le choix du Maroc s\u2019est impos\u00e9 en raison de ses nombreux avantages et de la politique dynamique men\u00e9e par le Royaume pour faire de ce pays un p\u00f4le mondial automobile\u00bb, a d\u00e9clar\u00e9 Laurent Benoit, pr\u00e9sident Utac Ceram.<\/p>\n<p>\u00abLe groupe FEV est implant\u00e9 au Maroc depuis quelques ann\u00e9es d\u00e9j\u00e0 et il nous paraissait important de nous associer \u00e0 un partenaire reconnu comme Utac Ceram pour d\u00e9velopper ce nouveau centre. Ce pays offre un rayonnement int\u00e9ressant avec l\u2019Europe et l\u2019Espagne en particulier, ce qui nous permet de r\u00e9aliser de v\u00e9ritables synergies\u00bb, a soulign\u00e9, pour sa part, Nadim Andraos, pr\u00e9sident, France, Espagne et Afrique du Nord de FEV Group. Utac Ceram est le seul centre d\u2019essais officiel Euro NCAP en France. Le groupe, pr\u00e9sent au Royaume-Uni, en Allemagne, aux Etats-Unis, en Russie, en Chine et au Japon, poss\u00e8de \u00e9galement une place unique en Europe gr\u00e2ce \u00e0 ses laboratoires d\u2019essais accr\u00e9dit\u00e9s ISO 17025.<\/p>\n<p>En 2019, le groupe qui emploie 580 personnes \u00e0 travers le monde a r\u00e9alis\u00e9 un chiffre d\u2019affaires de 82 millions d\u2019euros, 11% en sont r\u00e9investis chaque ann\u00e9e.<\/p>\n<p>Auteur: ALM<br \/>\n<a href=\"https:\/\/aujourdhui.ma\/automobile\/le-maroc-accueille-le-1er-centre-dessais-automobiles-en-afrique\">Cliquez ici pour lire l&rsquo;article depuis sa source.<\/a><\/p>\n","protected":false},"excerpt":{"rendered":"<p>Lanc\u00e9 par le fran\u00e7ais Utac Ceram et l\u2019allemand FEV Group Le groupe fran\u00e7ais Utac Ceram, qui propose des services dans tous les domaines de la mobilit\u00e9 terrestre (r\u00e9glementation et homologation, essais et expertise technique, certification\u2026), et le groupe allemand FEV Group, l\u2019un des principaux prestataires mondiaux du d\u00e9veloppement de v\u00e9hicules et de la cha\u00eene de [&hellip;]<\/p>\n","protected":false},"author":1759,"featured_media":0,"comment_status":"closed","ping_status":"closed","sticky":false,"template":"","format":"standard","meta":{"fifu_image_url":"http:\/\/aujourdhui.ma\/wp-content\/uploads\/2020\/12\/haut-de-pages.jpg","fifu_image_alt":"Le Maroc accueille le 1er centre d\u2019essais automobiles en Afrique","footnotes":""},"categories":[73,54],"tags":[],"class_list":["post-106757","post","type-post","status-publish","format-standard","hentry","category-actualite","category-maroc"],"_links":{"self":[{"href":"https:\/\/linitiative.ca\/International\/wp-json\/wp\/v2\/posts\/106757","targetHints":{"allow":["GET"]}}],"collection":[{"href":"https:\/\/linitiative.ca\/International\/wp-json\/wp\/v2\/posts"}],"about":[{"href":"https:\/\/linitiative.ca\/International\/wp-json\/wp\/v2\/types\/post"}],"author":[{"embeddable":true,"href":"https:\/\/linitiative.ca\/International\/wp-json\/wp\/v2\/users\/1759"}],"replies":[{"embeddable":true,"href":"https:\/\/linitiative.ca\/International\/wp-json\/wp\/v2\/comments?post=106757"}],"version-history":[{"count":0,"href":"https:\/\/linitiative.ca\/International\/wp-json\/wp\/v2\/posts\/106757\/revisions"}],"wp:attachment":[{"href":"https:\/\/linitiative.ca\/International\/wp-json\/wp\/v2\/media?parent=106757"}],"wp:term":[{"taxonomy":"category","embeddable":true,"href":"https:\/\/linitiative.ca\/International\/wp-json\/wp\/v2\/categories?post=106757"},{"taxonomy":"post_tag","embeddable":true,"href":"https:\/\/linitiative.ca\/International\/wp-json\/wp\/v2\/tags?post=106757"}],"curies":[{"name":"wp","href":"https:\/\/api.w.org\/{rel}","templated":true}]}}