{"id":106760,"date":"2020-12-09T09:34:28","date_gmt":"2020-12-09T14:34:28","guid":{"rendered":"https:\/\/linitiative.ca\/International\/deces-mohamed-abarhoun-nous-a-quittes\/"},"modified":"2020-12-09T09:34:28","modified_gmt":"2020-12-09T14:34:28","slug":"deces-mohamed-abarhoun-nous-a-quittes","status":"publish","type":"post","link":"https:\/\/linitiative.ca\/International\/deces-mohamed-abarhoun-nous-a-quittes\/","title":{"rendered":"D\u00e9c\u00e8s :Mohamed Abarhoun nous a quitt\u00e9s"},"content":{"rendered":"<p><strong>L\u2019international marocain Mohamed Abarhoun est d\u00e9c\u00e9d\u00e9 mercredi matin en Turquie, apr\u00e8s avoir lutt\u00e9 contre le cancer depuis plus d\u2019un an.<\/strong><\/p>\n<p>La famille du football marocain est en deuil apr\u00e8s l\u2019annonce du d\u00e9c\u00e8s du Lion de l\u2019Atlas Mohamed Abarhoun. Ag\u00e9 de 31 ans, le natif de T\u00e9touan a perdu son combat contre la maladie dans un h\u00f4pital priv\u00e9 \u00e0 Istanbul, ses fun\u00e9railles auront lieu au Maroc apr\u00e8s la r\u00e9ception de sa d\u00e9pouille.<\/p>\n<p>Pour rappel, form\u00e9 au Moghreb de T\u00e9touan, Abarhoun passe par le Chabab Rif Al Hoceima en 2009\/2010 sous forme de pr\u00eat, avant de revenir au MAT en 2010. Il remportera deux fois la Botola avec son club formateur (2012 et 2014).<\/p>\n<p>En 2017, Abarhoun rejoint le Moreirense FC (Portugal), club avec lequel il fait ses d\u00e9buts le 30 juillet 2017 en Coupe de la Ligue contre le Desportivo Aves. Le 10 septembre 2017, il ouvre le score de la t\u00eate contre Estoril pour la premi\u00e8re victoire en championnat de la saison.<\/p>\n<p>Cependant, Moreirense lutte pour sa survie dans l\u2019\u00e9lite et joue le maintien tout au long de la saison, \u00e9chappant \u00e0 la rel\u00e9gation de deux points.<\/p>\n<p>Au mercato d\u2019hiver 2019, Abarhoun signe au club turc du \u00c7aykur Rizespor. Deux jours apr\u00e8s son arriv\u00e9e, il participe \u00e0 son premier match de S\u00fcper Lig contre le Kas\u0131mpa\u015fa SK. Le 8 avril, Abarhoun inscrit son premier but en championnat.<\/p>\n<p>Avec la s\u00e9lection, il est appel\u00e9 pour la premi\u00e8re fois en \u00e9quipe olympique du Maroc en 2010. Il est finaliste du Championnat d\u2019Afrique des nations des moins de 23 ans et aide le Maroc \u00e0 se qualifier aux Jeux olympiques de 2012.<\/p>\n<p>En Juillet 2012, il est s\u00e9lectionn\u00e9 par Pim Verbeek pour disputer les phases finales de ces Jeux olympiques, il est titulaire lors des trois matchs du premier tour avec de bonnes prestations.<\/p>\n<p>L\u2019\u00e9quipe d\u2019Al Bayane pr\u00e9sente ses plus sinc\u00e8res condol\u00e9ances \u00e0 la famille du d\u00e9funt. Nous sommes \u00e0 Dieu et \u00e0 lui nous retournons.<\/p>\n<p>O.Z<\/p>\n<p>Auteur: M&rsquo;hammed rahal<br \/>\n<a href=\"http:\/\/albayane.press.ma\/deces-mohamed-abarhoun-nous-a-quittes-2.html\">Cliquez ici pour lire l&rsquo;article depuis sa source.<\/a><\/p>\n","protected":false},"excerpt":{"rendered":"<p>L\u2019international marocain Mohamed Abarhoun est d\u00e9c\u00e9d\u00e9 mercredi matin en Turquie, apr\u00e8s avoir lutt\u00e9 contre le cancer depuis plus d\u2019un an. La famille du football marocain est en deuil apr\u00e8s l\u2019annonce du d\u00e9c\u00e8s du Lion de l\u2019Atlas Mohamed Abarhoun. Ag\u00e9 de 31 ans, le natif de T\u00e9touan a perdu son combat contre la maladie dans un [&hellip;]<\/p>\n","protected":false},"author":1760,"featured_media":0,"comment_status":"closed","ping_status":"closed","sticky":false,"template":"","format":"standard","meta":{"fifu_image_url":"","fifu_image_alt":"","footnotes":""},"categories":[73,54],"tags":[],"class_list":["post-106760","post","type-post","status-publish","format-standard","hentry","category-actualite","category-maroc"],"_links":{"self":[{"href":"https:\/\/linitiative.ca\/International\/wp-json\/wp\/v2\/posts\/106760","targetHints":{"allow":["GET"]}}],"collection":[{"href":"https:\/\/linitiative.ca\/International\/wp-json\/wp\/v2\/posts"}],"about":[{"href":"https:\/\/linitiative.ca\/International\/wp-json\/wp\/v2\/types\/post"}],"author":[{"embeddable":true,"href":"https:\/\/linitiative.ca\/International\/wp-json\/wp\/v2\/users\/1760"}],"replies":[{"embeddable":true,"href":"https:\/\/linitiative.ca\/International\/wp-json\/wp\/v2\/comments?post=106760"}],"version-history":[{"count":0,"href":"https:\/\/linitiative.ca\/International\/wp-json\/wp\/v2\/posts\/106760\/revisions"}],"wp:attachment":[{"href":"https:\/\/linitiative.ca\/International\/wp-json\/wp\/v2\/media?parent=106760"}],"wp:term":[{"taxonomy":"category","embeddable":true,"href":"https:\/\/linitiative.ca\/International\/wp-json\/wp\/v2\/categories?post=106760"},{"taxonomy":"post_tag","embeddable":true,"href":"https:\/\/linitiative.ca\/International\/wp-json\/wp\/v2\/tags?post=106760"}],"curies":[{"name":"wp","href":"https:\/\/api.w.org\/{rel}","templated":true}]}}