{"id":106761,"date":"2020-12-09T09:36:31","date_gmt":"2020-12-09T14:36:31","guid":{"rendered":"https:\/\/linitiative.ca\/International\/francois-ciccolini-suspendu-2-ans\/"},"modified":"2020-12-09T09:36:31","modified_gmt":"2020-12-09T14:36:31","slug":"francois-ciccolini-suspendu-2-ans","status":"publish","type":"post","link":"https:\/\/linitiative.ca\/International\/francois-ciccolini-suspendu-2-ans\/","title":{"rendered":"Fran\u00e7ois Ciccolini suspendu 2 ans !"},"content":{"rendered":"<p class=\"c2\"><strong>Alg\u00e9rie<\/strong><\/p>\n<p><strong>La Ligue alg\u00e9rienne de football professionnel a suspendu pour deux ans Fran\u00e7ois Ciccolini, entra\u00eeneur corse de l\u2019USM Alger, une des \u00e9quipes les plus cap\u00e9es d\u2019Alg\u00e9rie, pour avoir refus\u00e9 de monter \u00e0 la tribune officielle lors d\u2019une remise de troph\u00e9e.<\/strong><\/p>\n<p>\u00ab\u00a0L\u2019ex-entra\u00eeneur de l\u2019USM Alger Ciccolini Fran\u00e7ois a \u00e9t\u00e9 suspendu pour deux ans de toute fonction et\/ou activit\u00e9 en relation avec le football \u00e0 compter du 23\/11\/2020\u00a0\u00bb, a expliqu\u00e9 la Ligue dans un communiqu\u00e9.<\/p>\n<p>Le Fran\u00e7ais avait refus\u00e9 de se rendre dans la tribune officielle pour y recevoir sa m\u00e9daille apr\u00e8s la finale de la supercoupe d\u2019Alg\u00e9rie entre l\u2019USMA et le CR Belouizdad, un autre club phare de la capitale, le 21 novembre 2020, pr\u00e9cise la LFP dans un communiqu\u00e9 post\u00e9 sur son site. Le CRB avait remport\u00e9 le match 2 \u00e0 1.<\/p>\n<p>En outre, la Ligue alg\u00e9rienne a propos\u00e9 de \u00ab\u00a0radier \u00e0 vie\u00a0\u00bb l\u2019entra\u00eeneur fran\u00e7ais \u00ab\u00a0pour transgression de l\u2019obligation de se soumettre aux c\u00e9r\u00e9monies protocolaires de la remise des troph\u00e9es\u00a0\u00bb.<\/p>\n<p>Engag\u00e9 en ao\u00fbt dernier par l\u2019USMA, Ciccolini avait \u00e9t\u00e9 d\u00e9mis de ses fonctions le 22 novembre pour \u00a0\u00bb faute grave\u00a0\u00bb apr\u00e8s avoir boycott\u00e9 la remise des m\u00e9dailles. Il avait \u00e9t\u00e9 remplac\u00e9 d\u00e8s le lendemain par son adjoint alg\u00e9rien Benara\u00efbi Bouziane, d\u00e9sormais entra\u00eeneur principal de l\u2019USMA.<\/p>\n<p>Le technicien corse n\u2019en est pas a sa premi\u00e8re sanction. Il avait \u00e9t\u00e9 suspendu d\u00e9but 2019 par le Stade lavallois (National 1) apr\u00e8s avoir adress\u00e9 trois bras d\u2019honneur \u00e0 des spectateurs exigeant sa d\u00e9mission.<\/p>\n<p>Auparavant, Ciccolini avait \u00e9t\u00e9 suspendu trois mois ferme, plus deux avec sursis pour des menaces physiques, \u00e0 l\u2019\u00e9gard d\u2019un journaliste de France Bleu Mayenne qui lui avait pos\u00e9 une question sur ses choix tactiques apr\u00e8s une d\u00e9faite \u00e0 Boulogne.<\/p>\n<p>Suspendu depuis le 16 mars en raison de la pand\u00e9mie de Covid-19, le championnat professionnel de football d\u2019Alg\u00e9rie, a repris \u00e0 huis clos le 20 novembre.<\/p>\n<p>Auteur: M&rsquo;hammed rahal<br \/>\n<a href=\"http:\/\/albayane.press.ma\/francois-ciccolini-suspendu-2-ans.html\">Cliquez ici pour lire l&rsquo;article depuis sa source.<\/a><\/p>\n","protected":false},"excerpt":{"rendered":"<p>Alg\u00e9rie La Ligue alg\u00e9rienne de football professionnel a suspendu pour deux ans Fran\u00e7ois Ciccolini, entra\u00eeneur corse de l\u2019USM Alger, une des \u00e9quipes les plus cap\u00e9es d\u2019Alg\u00e9rie, pour avoir refus\u00e9 de monter \u00e0 la tribune officielle lors d\u2019une remise de troph\u00e9e. \u00ab\u00a0L\u2019ex-entra\u00eeneur de l\u2019USM Alger Ciccolini Fran\u00e7ois a \u00e9t\u00e9 suspendu pour deux ans de toute fonction [&hellip;]<\/p>\n","protected":false},"author":1760,"featured_media":0,"comment_status":"closed","ping_status":"closed","sticky":false,"template":"","format":"standard","meta":{"fifu_image_url":"","fifu_image_alt":"","footnotes":""},"categories":[73,54],"tags":[],"class_list":["post-106761","post","type-post","status-publish","format-standard","hentry","category-actualite","category-maroc"],"_links":{"self":[{"href":"https:\/\/linitiative.ca\/International\/wp-json\/wp\/v2\/posts\/106761","targetHints":{"allow":["GET"]}}],"collection":[{"href":"https:\/\/linitiative.ca\/International\/wp-json\/wp\/v2\/posts"}],"about":[{"href":"https:\/\/linitiative.ca\/International\/wp-json\/wp\/v2\/types\/post"}],"author":[{"embeddable":true,"href":"https:\/\/linitiative.ca\/International\/wp-json\/wp\/v2\/users\/1760"}],"replies":[{"embeddable":true,"href":"https:\/\/linitiative.ca\/International\/wp-json\/wp\/v2\/comments?post=106761"}],"version-history":[{"count":0,"href":"https:\/\/linitiative.ca\/International\/wp-json\/wp\/v2\/posts\/106761\/revisions"}],"wp:attachment":[{"href":"https:\/\/linitiative.ca\/International\/wp-json\/wp\/v2\/media?parent=106761"}],"wp:term":[{"taxonomy":"category","embeddable":true,"href":"https:\/\/linitiative.ca\/International\/wp-json\/wp\/v2\/categories?post=106761"},{"taxonomy":"post_tag","embeddable":true,"href":"https:\/\/linitiative.ca\/International\/wp-json\/wp\/v2\/tags?post=106761"}],"curies":[{"name":"wp","href":"https:\/\/api.w.org\/{rel}","templated":true}]}}