{"id":106773,"date":"2020-12-08T16:32:41","date_gmt":"2020-12-08T21:32:41","guid":{"rendered":"https:\/\/linitiative.ca\/International\/les-monuments-historiques-de-safi-des-sites-a-valoriser-davantage\/"},"modified":"2020-12-08T16:32:41","modified_gmt":"2020-12-08T21:32:41","slug":"les-monuments-historiques-de-safi-des-sites-a-valoriser-davantage","status":"publish","type":"post","link":"https:\/\/linitiative.ca\/International\/les-monuments-historiques-de-safi-des-sites-a-valoriser-davantage\/","title":{"rendered":"Les monuments historiques de Safi, des sites \u00e0 valoriser davantage"},"content":{"rendered":"<div readability=\"35\">\n<p>Safi \u2013 La ville de Safi rec\u00e8le de nombreux monuments historiques t\u00e9moignant de la profondeur historique et culturelle de la cit\u00e9 de l\u2019Oc\u00e9an, mais qui sont actuellement menac\u00e9s de disparition en raison de plusieurs facteurs naturels et humains.<\/p>\n<\/div>\n<div readability=\"148\">\n<p>Ces monuments sont dans un \u00e9tat pr\u00e9occupant \u00e0 cause des effondrements r\u00e9currents et des diff\u00e9rents facteurs qui menacent leur existence physique, historique et culturelle, comme c\u2019est le cas pour l\u2019Eglise espagnole, dont une partie s\u2019est effondr\u00e9e, mardi dernier.<\/p>\n<p>Dans un appel lanc\u00e9, dans ce sens, l\u2019Association \u00ab\u00a0M\u00e9moire de Safi\u00a0\u00bb, partenaire essentiel dans la protection des monuments de la cit\u00e9 et la promotion de son statut culturel et historique, souligne que l\u2019\u00e9tat de ladite Eglise est similaire \u00e0 celui du monument portugais \u00ab\u00a0Ksar El Bhar\u00a0\u00bb et d\u2019autres sites qui sont dans un \u00e9tat d\u00e9plorable \u00e0 cause de la n\u00e9gligence et du manque d\u2019entretien ou de restauration.<\/p>\n<p>L\u2019association a, ainsi, attir\u00e9 l\u2019attention quant \u00e0 la situation tr\u00e8s inqui\u00e9tante de ces monuments qui, au fil des ann\u00e9es, ont enregistr\u00e9 des effondrements successifs, ce qui constitue une v\u00e9ritable menace \u00e9vidente \u00e0 leur existence et une perte inestimable pour la m\u00e9moire de la ville et le patrimoine culturel du Royaume.<\/p>\n<p>A cette occasion, le pr\u00e9sident de l\u2019association, Mohamed Mounis, a soulign\u00e9 que la pr\u00e9servation des monuments culturels \u00e0 Safi, qui sont d\u2019une grande port\u00e9e historique, spirituelle et civilisationnelle, constitue une source de richesse pour la m\u00e9moire locale et nationale, et un apport fondamental, en cas de leur restauration et exploitation optimale, \u00e0 l\u2019am\u00e9lioration de l\u2019attractivit\u00e9 de la Cit\u00e9 de l\u2019Oc\u00e9an, outre la contribution au d\u00e9veloppement \u00e9conomique, social et culturel de la ville.<\/p>\n<p>Dans une d\u00e9claration \u00e0 la MAP, il a indiqu\u00e9 que l\u2019association a veill\u00e9, depuis sa cr\u00e9ation, \u00e0 la valorisation des monuments historiques \u00e0 Safi, relevant qu\u2019elle a \u00e9galement mis en place une exposition itin\u00e9rante, en arabe et en fran\u00e7ais, pour faire la lumi\u00e8re sur les p\u00e9riodes historiques de la ville, allant du XI\u00e8 si\u00e8cle (\u00e8re des Almoravides) \u00e0 l\u2019actuelle glorieuse \u00e9poque de la dynastie Alaouite.<\/p>\n<p>Cette exposition pr\u00e9sente des donn\u00e9es historiques, des cartes, des documents rares, des photos et des anciennes pi\u00e8ces de monnaie, a-t-il dit.<\/p>\n<p>Compte tenu des graves r\u00e9percussions de l\u2019\u00e9rosion maritime devenue une r\u00e9elle menace pour \u00ab\u00a0Ksar El Bhar\u00a0\u00bb, l\u2019association a, en outre, organis\u00e9, en f\u00e9vrier 2018, en collaboration avec le Conseil de la r\u00e9gion Marrakech-Safi, le conseil communal et des experts de l\u2019Universit\u00e9 portugaise d\u2019Evora, des rencontres consacr\u00e9es \u00e0 l\u2019examen des possibles sc\u00e9narii pour la pr\u00e9servation de ce monument, qui fait partie du patrimoine national.<\/p>\n<p>Dans ce sillage, la Direction provinciale de la Culture \u0153uvre sans rel\u00e2che en vue de pr\u00e9server les monuments historiques class\u00e9s selon les moyens disponibles et les attributions qui lui sont d\u00e9volues, \u00e0 travers une s\u00e9rie d\u2019interventions pour la sauvegarde et la valorisation des sites historiques de la ville.<\/p>\n<p>La Direction veille aussi \u00e0 inscrire les b\u00e2timents en d\u00e9gradation, qui sont supervis\u00e9s par le d\u00e9partement de la Culture, au programme national annuel de restauration, \u00e9labor\u00e9 par la Direction du Patrimoine Culturel, et au programme d\u2019action de la Direction R\u00e9gionale de la Culture de Marrakech-Safi, tout en oeuvrant \u00e0 la protection des monuments, \u00e0 travers leur recensement et la r\u00e9alisation de dossiers d\u2019inscription et de classification.<\/p>\n<p>Dans ce contexte, la directrice provinciale de la Culture \u00e0 Safi et Youssoutia, Mme Btissam Ouriamchi, a affirm\u00e9 que l\u2019ancien tissu urbanistique de la Cit\u00e9 de l\u2019Oc\u00e9an comprend un nombre important de b\u00e2timents historiques, class\u00e9s et non class\u00e9s, sur la liste des monuments historiques nationaux, soulignant que ces sites constituent une composante fondamentale de l\u2019identit\u00e9 et du patrimoine du Royaume, ainsi que de la m\u00e9moire et de l\u2019histoire commune maroco-portugaise.<\/p>\n<p>Dans une d\u00e9claration similaire, Mme Ouriamchi a ajout\u00e9 que ces monuments historiques sont en d\u00e9gradation avanc\u00e9e, passant en revue les principaux facteurs humains et naturels \u00e0 l\u2019origine de cet \u00e9tat de d\u00e9labrement dans lequel se trouvent ces sites.<\/p>\n<p>Et la responsable de souligner en conclusion que les efforts d\u00e9ploy\u00e9s pour la pr\u00e9servation des monuments historiques de la ville, sont souvent confront\u00e9s au manque, voire \u00e0 l\u2019absence, des ressources financi\u00e8res allou\u00e9es au niveau central \u00e0 la restauration de ces sites.<\/p>\n<\/div>\n<p>Auteur: Meriem IGASS<br \/>\n<a href=\"http:\/\/www.mapmarrakech.ma\/fr\/les-monuments-historiques-de-safi-des-sites-a-valoriser-davantage\/\">Cliquez ici pour lire l&rsquo;article depuis sa source.<\/a><\/p>\n","protected":false},"excerpt":{"rendered":"<p>Safi \u2013 La ville de Safi rec\u00e8le de nombreux monuments historiques t\u00e9moignant de la profondeur historique et culturelle de la cit\u00e9 de l\u2019Oc\u00e9an, mais qui sont actuellement menac\u00e9s de disparition en raison de plusieurs facteurs naturels et humains. Ces monuments sont dans un \u00e9tat pr\u00e9occupant \u00e0 cause des effondrements r\u00e9currents et des diff\u00e9rents facteurs qui [&hellip;]<\/p>\n","protected":false},"author":1788,"featured_media":0,"comment_status":"closed","ping_status":"closed","sticky":false,"template":"","format":"standard","meta":{"fifu_image_url":"","fifu_image_alt":"","footnotes":""},"categories":[54,76],"tags":[],"class_list":["post-106773","post","type-post","status-publish","format-standard","hentry","category-maroc","category-regions"],"_links":{"self":[{"href":"https:\/\/linitiative.ca\/International\/wp-json\/wp\/v2\/posts\/106773","targetHints":{"allow":["GET"]}}],"collection":[{"href":"https:\/\/linitiative.ca\/International\/wp-json\/wp\/v2\/posts"}],"about":[{"href":"https:\/\/linitiative.ca\/International\/wp-json\/wp\/v2\/types\/post"}],"author":[{"embeddable":true,"href":"https:\/\/linitiative.ca\/International\/wp-json\/wp\/v2\/users\/1788"}],"replies":[{"embeddable":true,"href":"https:\/\/linitiative.ca\/International\/wp-json\/wp\/v2\/comments?post=106773"}],"version-history":[{"count":0,"href":"https:\/\/linitiative.ca\/International\/wp-json\/wp\/v2\/posts\/106773\/revisions"}],"wp:attachment":[{"href":"https:\/\/linitiative.ca\/International\/wp-json\/wp\/v2\/media?parent=106773"}],"wp:term":[{"taxonomy":"category","embeddable":true,"href":"https:\/\/linitiative.ca\/International\/wp-json\/wp\/v2\/categories?post=106773"},{"taxonomy":"post_tag","embeddable":true,"href":"https:\/\/linitiative.ca\/International\/wp-json\/wp\/v2\/tags?post=106773"}],"curies":[{"name":"wp","href":"https:\/\/api.w.org\/{rel}","templated":true}]}}