{"id":106789,"date":"2020-12-09T11:00:00","date_gmt":"2020-12-09T16:00:00","guid":{"rendered":"https:\/\/linitiative.ca\/International\/un-international-camerounais-pour-cloturer-le-mercato\/"},"modified":"2020-12-09T11:00:00","modified_gmt":"2020-12-09T16:00:00","slug":"un-international-camerounais-pour-cloturer-le-mercato","status":"publish","type":"post","link":"https:\/\/linitiative.ca\/International\/un-international-camerounais-pour-cloturer-le-mercato\/","title":{"rendered":"Un international camerounais pour cl\u00f4turer le mercato\u00a0!"},"content":{"rendered":"<p class=\"p1 c3\"><span class=\"c2\">L\u2019AS Soliman a frapp\u00e9 un grand coup avant la cl\u00f4ture du \u00ab\u00a0mercato\u00a0\u00bb. L\u2019international olympique camerounais, Mark O\u2019Ojng vient de signer un contrat de<span class=\"Apple-converted-space\">\u00a0<\/span> saisons. Il a \u00e9volu\u00e9 la saison \u00e9coul\u00e9e au sein de l\u2019\u00e9quipe de Amboutos qui a termin\u00e9 l\u2019exercice \u00e0 la troisi\u00e8me place.<span class=\"Apple-converted-space\">\u00a0<\/span><\/span><\/p>\n<p class=\"p1 c3\"><span class=\"c2\">Avec ce recrutement, l\u2019ASS a bien rempli son \u00ab\u00a0mercato\u00a0\u00bb enregistrant l\u2019arriv\u00e9e de pas moins de 8 joueurs dont trois \u00e9trangers qui seront d\u2019un grand secours pour cette jeune \u00e9quipe appel\u00e9e \u00e0 confirmer ses progr\u00e8s depuis son accession en Ligue 1.<span class=\"Apple-converted-space\">\u00a0<\/span><\/span><\/p>\n<p class=\"p2 c4\">\u00a0<\/p>\n<p class=\"p3 c5\"><span class=\"c2\"><strong>Pr\u00e9paration<span class=\"Apple-converted-space\">\u00a0<\/span><\/strong><\/span><\/p>\n<p class=\"p1 c3\"><span class=\"c2\">La rencontre face au champion sortant, l\u2019EST fait maintenant partie de l\u2019histoire. De retour aux entra\u00eenements, les joueurs se sont entra\u00een\u00e9s sur la pelouse du stade de Soliman pour pr\u00e9parer leur rencontre de dimanche \u00e0 Ben Guerdane.<span class=\"Apple-converted-space\">\u00a0<\/span><\/span><\/p>\n<p class=\"p1 c3\"><span class=\"c2\">Sami Gafsi a tenu \u00e0 rappeler aux joueurs qu\u2019ils doivent oublier le match de la journ\u00e9e inaugurale et se concentrer sur celui de dimanche face \u00e0 l\u2019USBG. Il leur a demand\u00e9 \u00e9galement de garder les pieds sur terre pour esp\u00e9rer faire autant sinon mieux lors de leur second d\u00e9placement cons\u00e9cutif en ce d\u00e9but de saison.<\/span><\/p>\n<p class=\"p2 c4\">\u00a0<\/p>\n<p class=\"p3 c5\"><span class=\"c2\"><strong>Moral au z\u00e9nith<\/strong><\/span><\/p>\n<p class=\"p1 c3\"><span class=\"c2\">Le r\u00e9sultat de parit\u00e9 ramen\u00e9 de son d\u00e9placement \u00e0 Rad\u00e9s et face au champion sortant, est venu confirmer les progr\u00e8s enregistr\u00e9s par l\u2019\u00e9quipe depuis son accession en Ligue 1 la saison \u00e9coul\u00e9e. Les<span class=\"Apple-converted-space\">\u00a0<\/span> Solimanais ont jou\u00e9 sans complexe face aux \u00ab\u00a0sang et or\u00a0\u00bb et ont \u00e9t\u00e9 m\u00eame tout proche de la victoire. Ce r\u00e9sultat va certainement constituer un stimulant pour les joueurs afin de continuer sur la m\u00eame lanc\u00e9e.<\/span><\/p>\n<p class=\"p2 c4\">\u00a0<\/p>\n<p class=\"p3 c5\"><span class=\"c2\"><strong>Bons d\u00e9buts<\/strong><\/span><\/p>\n<p class=\"p1 c3\"><span class=\"c2\">Le jeune gardien Achraf Abdelafou ancien soci\u00e9taire du CS Menzel Bouzelfa a r\u00e9ussi son bapt\u00eame de feu au sein de la formation de Soliman. Il a r\u00e9ussi \u00e0 repousser plus d\u2019une action dangereuse devant ses bois face aux \u00ab\u00a0sang et or\u00a0\u00bb. Une entr\u00e9e encourageante qui lui a valu les f\u00e9licitations de ses responsables.<\/span><\/p>\n<p class=\"p2 c4\">\u00a0<\/p>\n<p class=\"p3 c5\"><span class=\"c2\"><strong>D\u00e9part<span class=\"Apple-converted-space\">\u00a0<\/span><\/strong><\/span><\/p>\n<p class=\"p1 c3\"><span class=\"c2\">L\u2019\u00e9quipe de Soliman se rendra \u00e0 Ben Guerdane d\u00e8s vendredi en fin d\u2019apr\u00e8s-midi. Les joueurs auront droit \u00e0 une s\u00e9ance d\u2019entra\u00eenement le samedi matin. Le match contre l\u2019USBG est programm\u00e9 pour le dimanche.<\/span><\/p>\n<p class=\"p4 c6\"><span class=\"c2\"><strong>Hichem<\/strong><\/span><\/p>\n<p>Auteur: letemps1<br \/>\n<a href=\"http:\/\/www.letemps.com.tn\/article\/118411\/un-international-camerounais-pour-cl%C3%B4turer-le-mercato%C2%A0\">Cliquez ici pour lire l&rsquo;article depuis sa source.<\/a><\/p>\n","protected":false},"excerpt":{"rendered":"<p>L\u2019AS Soliman a frapp\u00e9 un grand coup avant la cl\u00f4ture du \u00ab\u00a0mercato\u00a0\u00bb. L\u2019international olympique camerounais, Mark O\u2019Ojng vient de signer un contrat de\u00a0 saisons. Il a \u00e9volu\u00e9 la saison \u00e9coul\u00e9e au sein de l\u2019\u00e9quipe de Amboutos qui a termin\u00e9 l\u2019exercice \u00e0 la troisi\u00e8me place.\u00a0 Avec ce recrutement, l\u2019ASS a bien rempli son \u00ab\u00a0mercato\u00a0\u00bb enregistrant l\u2019arriv\u00e9e [&hellip;]<\/p>\n","protected":false},"author":1773,"featured_media":0,"comment_status":"closed","ping_status":"closed","sticky":false,"template":"","format":"standard","meta":{"fifu_image_url":"","fifu_image_alt":"","footnotes":""},"categories":[73,55],"tags":[],"class_list":["post-106789","post","type-post","status-publish","format-standard","hentry","category-actualite","category-tunisie"],"_links":{"self":[{"href":"https:\/\/linitiative.ca\/International\/wp-json\/wp\/v2\/posts\/106789","targetHints":{"allow":["GET"]}}],"collection":[{"href":"https:\/\/linitiative.ca\/International\/wp-json\/wp\/v2\/posts"}],"about":[{"href":"https:\/\/linitiative.ca\/International\/wp-json\/wp\/v2\/types\/post"}],"author":[{"embeddable":true,"href":"https:\/\/linitiative.ca\/International\/wp-json\/wp\/v2\/users\/1773"}],"replies":[{"embeddable":true,"href":"https:\/\/linitiative.ca\/International\/wp-json\/wp\/v2\/comments?post=106789"}],"version-history":[{"count":0,"href":"https:\/\/linitiative.ca\/International\/wp-json\/wp\/v2\/posts\/106789\/revisions"}],"wp:attachment":[{"href":"https:\/\/linitiative.ca\/International\/wp-json\/wp\/v2\/media?parent=106789"}],"wp:term":[{"taxonomy":"category","embeddable":true,"href":"https:\/\/linitiative.ca\/International\/wp-json\/wp\/v2\/categories?post=106789"},{"taxonomy":"post_tag","embeddable":true,"href":"https:\/\/linitiative.ca\/International\/wp-json\/wp\/v2\/tags?post=106789"}],"curies":[{"name":"wp","href":"https:\/\/api.w.org\/{rel}","templated":true}]}}