{"id":106797,"date":"2020-12-09T10:17:00","date_gmt":"2020-12-09T15:17:00","guid":{"rendered":"https:\/\/linitiative.ca\/International\/cnr-de-mascara-des-mesures-apaisantes-pour-les-retraites\/"},"modified":"2020-12-09T10:17:00","modified_gmt":"2020-12-09T15:17:00","slug":"cnr-de-mascara-des-mesures-apaisantes-pour-les-retraites","status":"publish","type":"post","link":"https:\/\/linitiative.ca\/International\/cnr-de-mascara-des-mesures-apaisantes-pour-les-retraites\/","title":{"rendered":"CNR DE MASCARA : Des mesures apaisantes pour les retrait\u00e9s"},"content":{"rendered":"<p><br id=\"sep_para_1\" class=\"sep_para access\"\/><\/p>\n<div id=\"para_1\" class=\"para_39861318 resize\">\n<div class=\"texte access firstletter\">D\u00e9sormais, les retrait\u00e9s, ne recevront plus de convocations pour une demande d&rsquo;une quelconque pi\u00e8ce afin de r\u00e9gulariser leur situation administrative ou financi\u00e8re. Des proc\u00e9dures qui ont \u00e9t\u00e9 toujours jug\u00e9es bureaucratiques, et qui vont dispara\u00eetre au fil des jours, tant de nouvelles op\u00e9rations vont voir le jour. Ceci consistera en une messagerie \u00e9lectronique, un grand moyen de contact qualifi\u00e9 de plus fiable et aux avantages divers telle la rapidit\u00e9 dans le traitement des dossiers, ce qui all\u00e9gera \u00e0 coup s\u00fbr les guichets, surcharg\u00e9s par les citoyens. C&rsquo;est d&rsquo;ailleurs, un autre avantage qui rentre dans le cadre de la lutte contre la covid-19 et le respect\u00a0 des mesures pr\u00e9ventives dont la distanciation sociale. Parlant d&rsquo;innovation dans les relations avec les retrait\u00e9s, ces derniers seront exempt\u00e9s de pr\u00e9sentation des diff\u00e9rentes pi\u00e8ces d&rsquo;\u00e9tat civil. Le directeur de wilaya, monsieur Kaddour Cherif Mokhtar a fait savoir que ses services, disposent d&rsquo;un portail \u00e9lectronique qui leur permet \u00e0 partir d&rsquo;un fichier \u00e9tabli par le minist\u00e8re de l&rsquo;int\u00e9rieur, de se procurer des pi\u00e8ces comme les extraits de naissance ou de d\u00e9c\u00e8s des effectifs qu&rsquo;ils g\u00e8rent. Le projet \u00e9tant en phase finale, et pour \u00eatre joignables \u00e0 tout moment, les retrait\u00e9s ont \u00e9t\u00e9 convi\u00e9s \u00e0 communiquer leurs num\u00e9ros de t\u00e9l\u00e9phone aux services de la caisse nationale des retrait\u00e9s, qui a re\u00e7u la r\u00e9ponse \u00e0 l&rsquo;appel, de 35.000 retrait\u00e9s, soit pr\u00e8s de la moiti\u00e9 du total des retrait\u00e9s de la wilaya de Mascara. Le reste est attendu incessamment. Pour rappel, l&rsquo;on compte plusieurs antennes de la CNR, implant\u00e9es \u00e0\u00a0 Mascara, Tighennif, Mohammadia, Oued-El-Abtal, Zahana, Sig, Ain-Fekan, et Ghriss qui g\u00e8rent plus de 76.000 dossiers. Deux autres antennes, sont en projet, l&rsquo;une \u00e0 Oued-Taria et l&rsquo;autre \u00e0 Bouhanifia.<\/div>\n<\/div>\n<p>Auteur: Sahraoui Lahcene<br \/>\n<a href=\"https:\/\/www.reflexiondz.net\/CNR-DE-MASCARA-Des-mesures-apaisantes-pour-les-retraites_a66629.html\">Cliquez ici pour lire l&rsquo;article depuis sa source.<\/a><\/p>\n","protected":false},"excerpt":{"rendered":"<p>D\u00e9sormais, les retrait\u00e9s, ne recevront plus de convocations pour une demande d&rsquo;une quelconque pi\u00e8ce afin de r\u00e9gulariser leur situation administrative ou financi\u00e8re. Des proc\u00e9dures qui ont \u00e9t\u00e9 toujours jug\u00e9es bureaucratiques, et qui vont dispara\u00eetre au fil des jours, tant de nouvelles op\u00e9rations vont voir le jour. Ceci consistera en une messagerie \u00e9lectronique, un grand moyen [&hellip;]<\/p>\n","protected":false},"author":1740,"featured_media":0,"comment_status":"closed","ping_status":"closed","sticky":false,"template":"","format":"standard","meta":{"fifu_image_url":"","fifu_image_alt":"","footnotes":""},"categories":[53,76],"tags":[],"class_list":["post-106797","post","type-post","status-publish","format-standard","hentry","category-algerie","category-regions"],"_links":{"self":[{"href":"https:\/\/linitiative.ca\/International\/wp-json\/wp\/v2\/posts\/106797","targetHints":{"allow":["GET"]}}],"collection":[{"href":"https:\/\/linitiative.ca\/International\/wp-json\/wp\/v2\/posts"}],"about":[{"href":"https:\/\/linitiative.ca\/International\/wp-json\/wp\/v2\/types\/post"}],"author":[{"embeddable":true,"href":"https:\/\/linitiative.ca\/International\/wp-json\/wp\/v2\/users\/1740"}],"replies":[{"embeddable":true,"href":"https:\/\/linitiative.ca\/International\/wp-json\/wp\/v2\/comments?post=106797"}],"version-history":[{"count":0,"href":"https:\/\/linitiative.ca\/International\/wp-json\/wp\/v2\/posts\/106797\/revisions"}],"wp:attachment":[{"href":"https:\/\/linitiative.ca\/International\/wp-json\/wp\/v2\/media?parent=106797"}],"wp:term":[{"taxonomy":"category","embeddable":true,"href":"https:\/\/linitiative.ca\/International\/wp-json\/wp\/v2\/categories?post=106797"},{"taxonomy":"post_tag","embeddable":true,"href":"https:\/\/linitiative.ca\/International\/wp-json\/wp\/v2\/tags?post=106797"}],"curies":[{"name":"wp","href":"https:\/\/api.w.org\/{rel}","templated":true}]}}