{"id":106801,"date":"2020-12-09T10:17:00","date_gmt":"2020-12-09T15:17:00","guid":{"rendered":"https:\/\/linitiative.ca\/International\/soutien-a-lemploi-de-jeunes-lansej-change-de-denomination\/"},"modified":"2020-12-09T10:17:00","modified_gmt":"2020-12-09T15:17:00","slug":"soutien-a-lemploi-de-jeunes-lansej-change-de-denomination","status":"publish","type":"post","link":"https:\/\/linitiative.ca\/International\/soutien-a-lemploi-de-jeunes-lansej-change-de-denomination\/","title":{"rendered":"SOUTIEN A L\u2019EMPLOI  DE JEUNES : L\u2019ANSEJ change  de d\u00e9nomination"},"content":{"rendered":"<p><br id=\"sep_para_1\" class=\"sep_para access\"\/><\/p>\n<div id=\"para_1\" class=\"para_39861433 resize\">\n<div class=\"texte access firstletter\">C\u2019est d\u00e9sormais officiel, l\u2019Agence nationale de soutien \u00e0 l\u2019emploi des jeunes (ANSEJ) devient \u00abl\u2019agence nationale d\u2019appui et de d\u00e9veloppement de l\u2019entreprenariat\u00bb par abr\u00e9viation \u00ab ANADE \u00bb. le changement de d\u00e9nomination et les nouvelles missions de l\u2019agence sont fix\u00e9s dans le d\u00e9cret ex\u00e9cutif correspondant au 22 novembre 2020 modifiant et compl\u00e9tant le d\u00e9cret ex\u00e9cutif correspondant au 8 septembre 1996 portant cr\u00e9ation et fixant les statuts de l\u2019agence nationale de soutien \u00e0 l\u2019emploi des jeunes, et changeant sa d\u00e9nomination, qui vient de sortir dans le dernier num\u00e9ro du journal officiel. Selon le d\u00e9cret les nouvelles missions de l\u2019agence concernent : mettre en \u0153uvre toute mesure de nature \u00e0 permettre la mobilisation et l\u2019utilisation, dans les d\u00e9lais impartis, de ressources ext\u00e9rieures destin\u00e9es au financement de la cr\u00e9ation d\u2019activit\u00e9s en faveur des jeunes, conform\u00e9ment \u00e0 la l\u00e9gislation et \u00e0 la r\u00e9glementation en vigueur. Elaborer la cartographie nationale des activit\u00e9s pouvant \u00eatre cr\u00e9\u00e9es par les jeunes promoteurs et sa mise \u00e0 jour p\u00e9riodiquement, conjointement avec les secteurs concern\u00e9s. Encourager la mise en place et le d\u00e9veloppement des \u00e9cosyst\u00e8mes en fonction des opportunit\u00e9s d\u2019investissement offertes par les diff\u00e9rents secteurs et qui r\u00e9pondent aux besoins du march\u00e9 local et\/ou national et de veiller \u00e0 la modernisation et \u00e0 la normalisation du processus de cr\u00e9ation. Accompagnement et suivi des micro-entreprises.<\/div>\n<\/div>\n<p>Auteur: Ismain<br \/>\n<a href=\"https:\/\/www.reflexiondz.net\/SOUTIEN-A-L-EMPLOI-DE-JEUNES-L-ANSEJ-change-de-denomination_a66639.html\">Cliquez ici pour lire l&rsquo;article depuis sa source.<\/a><\/p>\n","protected":false},"excerpt":{"rendered":"<p>C\u2019est d\u00e9sormais officiel, l\u2019Agence nationale de soutien \u00e0 l\u2019emploi des jeunes (ANSEJ) devient \u00abl\u2019agence nationale d\u2019appui et de d\u00e9veloppement de l\u2019entreprenariat\u00bb par abr\u00e9viation \u00ab ANADE \u00bb. le changement de d\u00e9nomination et les nouvelles missions de l\u2019agence sont fix\u00e9s dans le d\u00e9cret ex\u00e9cutif correspondant au 22 novembre 2020 modifiant et compl\u00e9tant le d\u00e9cret ex\u00e9cutif correspondant au [&hellip;]<\/p>\n","protected":false},"author":1740,"featured_media":0,"comment_status":"closed","ping_status":"closed","sticky":false,"template":"","format":"standard","meta":{"fifu_image_url":"","fifu_image_alt":"","footnotes":""},"categories":[53,76],"tags":[],"class_list":["post-106801","post","type-post","status-publish","format-standard","hentry","category-algerie","category-regions"],"_links":{"self":[{"href":"https:\/\/linitiative.ca\/International\/wp-json\/wp\/v2\/posts\/106801","targetHints":{"allow":["GET"]}}],"collection":[{"href":"https:\/\/linitiative.ca\/International\/wp-json\/wp\/v2\/posts"}],"about":[{"href":"https:\/\/linitiative.ca\/International\/wp-json\/wp\/v2\/types\/post"}],"author":[{"embeddable":true,"href":"https:\/\/linitiative.ca\/International\/wp-json\/wp\/v2\/users\/1740"}],"replies":[{"embeddable":true,"href":"https:\/\/linitiative.ca\/International\/wp-json\/wp\/v2\/comments?post=106801"}],"version-history":[{"count":0,"href":"https:\/\/linitiative.ca\/International\/wp-json\/wp\/v2\/posts\/106801\/revisions"}],"wp:attachment":[{"href":"https:\/\/linitiative.ca\/International\/wp-json\/wp\/v2\/media?parent=106801"}],"wp:term":[{"taxonomy":"category","embeddable":true,"href":"https:\/\/linitiative.ca\/International\/wp-json\/wp\/v2\/categories?post=106801"},{"taxonomy":"post_tag","embeddable":true,"href":"https:\/\/linitiative.ca\/International\/wp-json\/wp\/v2\/tags?post=106801"}],"curies":[{"name":"wp","href":"https:\/\/api.w.org\/{rel}","templated":true}]}}