{"id":106806,"date":"2020-12-09T14:30:00","date_gmt":"2020-12-09T19:30:00","guid":{"rendered":"https:\/\/linitiative.ca\/International\/pr-hachemi-louzir-directeur-general-de-linstitut-pasteur-de-tunis-nous-sommes-en-contacts-etroits-avec-les-labos-et-le-covax\/"},"modified":"2020-12-09T14:30:00","modified_gmt":"2020-12-09T19:30:00","slug":"pr-hachemi-louzir-directeur-general-de-linstitut-pasteur-de-tunis-nous-sommes-en-contacts-etroits-avec-les-labos-et-le-covax","status":"publish","type":"post","link":"https:\/\/linitiative.ca\/International\/pr-hachemi-louzir-directeur-general-de-linstitut-pasteur-de-tunis-nous-sommes-en-contacts-etroits-avec-les-labos-et-le-covax\/","title":{"rendered":"Pr Hachemi Louzir, directeur g\u00e9n\u00e9ral de l\u2019Institut Pasteur de Tunis: Nous sommes en contacts \u00e9troits avec les labos et le Covax"},"content":{"rendered":"<p class=\"c2\"><strong>A la t\u00eate de l\u2019Institut Pasteur de Tunis qui compte plus de 700 personnes, entre chercheurs et techniciens permanents et 200 \u00e9tudiants, le Pr Hachemi Louzir, immunologue de renom, est en premi\u00e8re ligne. D\u00e8s le d\u00e9but, il avait anticip\u00e9 l\u2019ampleur de la pand\u00e9mie, proc\u00e9d\u00e9 aux acquisitions n\u00e9cessaires, lanc\u00e9 les \u00e9quipes de recherche, organis\u00e9 les d\u00e9pistages.<br \/><\/strong><\/p>\n<p class=\"c2\"><strong>La bonne chance aura voulu qu\u2019un don pr\u00e9cieux de l\u2019Institut M\u00e9rieux d\u2019une valeur de plus de 1,2 million d\u2019euros ait permis l\u2019implantation d\u2019un labo P3, ultraperformant, \u00e0 la faveur de la visite de son pr\u00e9sident, en 2017, et de son audience avec le Pr\u00e9sident Ca\u00efd Essebsi. Tout \u00e9tait pr\u00eat pour le faire d\u00e9marrer et le Pr Louzir ainsi charg\u00e9 le Pr Henda Triki, m\u00e9decin, professeur en microbiologie, chef de laboratoire de virologie clinique, de pr\u00e9sider \u00e0 ses destin\u00e9es. L\u2019ensemble des unit\u00e9s de Pasteur Tunis a \u00e9t\u00e9 mis en alerte maximale et \u00e0 contribution.<br \/><\/strong><\/p>\n<p class=\"c2\"><strong>Au premier \u00e9tage de la b\u00e2tisse centrale, les lumi\u00e8res sont encore allum\u00e9es, tard dans la soir\u00e9e, durant le weekend. Le bureau du Pr Louzir est encombr\u00e9 de dossiers, partout, sur sa table de travail, au salon et ailleurs. Et pourtant, il s\u2019y retrouve facilement.<br \/><\/strong><\/p>\n<p class=\"c2\"><strong>Pr\u00e9sident par ailleurs de la commission technique de vaccination, il se d\u00e9ploie tous azimuts.<br \/><\/strong><\/p>\n<p class=\"c2\"><strong>Interview.<\/strong><\/p>\n<p><span class=\"c4\"><span class=\"c3\"><strong>Comment s\u2019articulent les pr\u00e9paratifs pour l\u2019acquisition des vaccins?<\/strong><\/span><\/span><\/p>\n<p>D\u2019embl\u00e9e, elle a \u00e9t\u00e9 double. D\u2019une part, il fallait se positionner par rapport aux laboratoires producteurs du monde. Trois parmi les premiers parvenus \u00e0 la phase 3 des essais avaient pris l\u2019initiative de nous contacter d\u00e8s fin septembre dernier. Nous avons engag\u00e9 avec eux des \u00e9changes sur les aspects scientifique et technique, les effets secondaires et autres. D\u00e9cision a \u00e9t\u00e9 prise par le gouvernement d\u2019\u00e9largir ces contacts au reste des firmes parvenues au m\u00eame stade, soit au total 12 \u00e0 pr\u00e9sent. Les discussions men\u00e9es ont \u00e9galement port\u00e9 sur les prix, les conditions financi\u00e8res, le sch\u00e9ma de d\u00e9ploiement et autres aspects logistiques. Une attention particuli\u00e8re a \u00e9t\u00e9 port\u00e9e \u00e0 la dissection des publications et recherches paracliniques et, d\u2019une mani\u00e8re plus g\u00e9n\u00e9rale, toutes les avanc\u00e9es signal\u00e9es.<\/p>\n<p><span class=\"c4\"><span class=\"c3\"><strong>Et d\u2019autre part?<\/strong><\/span><\/span><\/p>\n<p>On se devait de nous inscrire dans l\u2019initiative Covax. Trois des labos pionniers y adh\u00e8rent. Ce m\u00e9canisme, combin\u00e9 avec la Banque mondiale, d\u2019autres organisations et des pays m\u00e9c\u00e8nes, centralise une d\u00e9marche commune quant \u00e0 la s\u00e9lection des vaccins et leur acquisition, et apporte un financement de 15 \u00e0 20% du prix r\u00e9el des vaccins \u00e0 raison de 20% de la population. Soit une contribution entre 1,3 \u00e0 3 $ l\u2019unit\u00e9. Ce taux pourrait s\u2019\u00e9lever, voire atteindre une perspective de gratuit\u00e9 en cas de collecte suffisante des dons.<\/p>\n<p>Pour cela, il faudrait pr\u00e9parer un dossier exposant la capacit\u00e9 de la Tunisie et son exp\u00e9rience en mati\u00e8re de vaccination. Il s\u2019agit de d\u00e9montrer que nous sommes non seulement pr\u00eats \u00e0 d\u00e9marrer la r\u00e9alisation du programme, mais aussi que nous en avons les ressources humaines, la cha\u00eene logistique et les moyens et \u00e9quipements appropri\u00e9s pour y aboutir avec succ\u00e8s.<\/p>\n<p class=\"c5\"><img decoding=\"async\" src=\"\/uploads\/FCK_files\/Hechmi-Louzir-moy.jpg\" alt=\"\" width=\"100%\" vspace=\"5\" hspace=\"5\" align=\"middle\"\/><\/p>\n<p><span class=\"c4\"><span class=\"c3\"><strong>Il en va de m\u00eame pour la Banque mondiale?<\/strong><\/span><\/span><\/p>\n<p>Absolument ! Ce m\u00eame dossier, adoss\u00e9 \u00e0 une strat\u00e9gie op\u00e9rationnelle de vaccination et un chiffrage financier aussi d\u00e9taill\u00e9 que pr\u00e9cis, sera \u00e9galement soumis en copie similaire \u00e0 la Banque mondiale. Ces deux copies sont pr\u00eates.<\/p>\n<p><span class=\"c4\"><span class=\"c3\"><strong>Quelles sont les relations entretenues avec le Covax?<\/strong><\/span><\/span><\/p>\n<p>Elles sont tr\u00e8s bonnes. La Tunisie est visible sous ce radar mondial et entretient des relations suivies avec les vis-\u00e0-vis d\u00e9sign\u00e9s. Souvent, nous sommes cit\u00e9s en r\u00e9f\u00e9rence dans notre cat\u00e9gorie de pays, gr\u00e2ce \u00e0 nos exp\u00e9riences probantes et \u00e0 la performance de notre dispositif actuel.<\/p>\n<p>Ce qui est bien, c\u2019est qu\u2019ils nous \u00e9coutent.<\/p>\n<p><span class=\"c4\"><span class=\"c3\"><strong>Un taux de vaccination de 20% de la population est-il suffisant?<\/strong><\/span><\/span><\/p>\n<p>Certainement jamais assez pour une large couverture, mais significatif pour une premi\u00e8re phase. Ne l\u2019oublions pas, l\u2019essentiel est de r\u00e9duire la mortalit\u00e9 et la comorbidit\u00e9 pour permettre aux services essentiels de continuer \u00e0 fonctionner. Sinon, tout s\u2019arr\u00eatera et le capital humain d\u00e9plor\u00e9 ne sera pas facile \u00e0 r\u00e9g\u00e9n\u00e9rer.<\/p>\n<p>C\u2019est vrai, si on veut arr\u00eater la circulation du virus, nous devons monter \u00e0 50-60% de couverture vaccinale. Mais, soyons r\u00e9alistes, ce n\u2019est pas possible pour le moment.<\/p>\n<p>Il faut dire que nous n\u2019agissons pas seuls en mati\u00e8re de vaccination. La plupart des autres pays s\u2019y adonnent intensivement. Cet effort collectif, g\u00e9n\u00e9ralis\u00e9, sera utile pour ralentir la circulation rapide du Covid-19.<\/p>\n<p><span class=\"c4\"><span class=\"c3\"><strong>Vous \u00eates optimiste?<\/strong><\/span><\/span><\/p>\n<p>Absolument ! J\u2019y vois une bonne issue pour terrasser cette pand\u00e9mie. C\u2019est un tr\u00e8s grand moment dans l\u2019histoire de la m\u00e9decine. La d\u00e9couverte de ces vaccins ouvre un large boulevard, je dirai une grande autoroute, devant la recherche scientifique et m\u00e9dicale. De nouveaux vaccins et de nouveaux traitements seront d\u00e9couverts pour d\u2019autres maladies. L\u2019humanit\u00e9 enti\u00e8re en b\u00e9n\u00e9ficiera.<\/p>\n<p>D\u2019ores et d\u00e9j\u00e0, des changements profonds commencent \u00e0 s\u2019op\u00e9rer. Nous nous acheminons vers une One Health, c\u2019est-\u00e0-dire une sant\u00e9 humaine et animale combin\u00e9e. Toutes les pand\u00e9mies sont issues, \u00e0 l\u2019origine, de la promiscuit\u00e9 entre l\u2019homme et l\u2019animal, favorisant l\u2019\u00e9mergence de virus animaux. La recombinaison en biotope des virus devient dangereuse.<\/p>\n<p><span class=\"c3\"><span class=\"c4\"><strong>En quoi consiste cette nouvelle approche?<\/strong><\/span><\/span><\/p>\n<p>Engager une vision globale sur l\u2019ensemble de la plan\u00e8te: la d\u00e9forestation, le r\u00e9chauffement climatique, les OGM, la nutrition, l\u2019hygi\u00e8ne de vie, la relation au travail, les facteurs de risques, la r\u00e9ponse immunitaire\u2026C\u2019est un tout. Un tout qui s\u2019imbrique et interagit. C\u2019est l\u00e0 une grande le\u00e7on \u00e0 tirer du Covid-19?<\/p>\n<p><span class=\"c4\"><span class=\"c3\"><strong>Et d\u2019autres le\u00e7ons?<\/strong><\/span><\/span><\/p>\n<p>Sans doute. Ce qui a \u00e9t\u00e9 remarquable en Tunisie, c\u2019est que les scientifiques ont \u00e9t\u00e9 impliqu\u00e9s d\u00e8s le d\u00e9but, \u00e9cout\u00e9s, souvent suivis. Les associer \u00e0 la prise de grandes d\u00e9cisions, leur faire confiance et les encourager \u00e0 aller de l\u2019avant permet de gagner beaucoup de temps, d\u2019\u00e9viter de fausses pistes et, d\u2019une mani\u00e8re plus large, promouvoir la recherche scientifique. Voil\u00e0 un domaine o\u00f9 la Tunisie dispose de r\u00e9elles potentialit\u00e9s et peut accomplir de grandes avanc\u00e9es.<\/p>\n<p><strong>Lire aussi<\/strong><\/p>\n<p><a href=\"https:\/\/www.leaders.com.tn\/article\/31046-les-revelations-du-dr-faouzi-mehdi-ministre-de-la-sante-nous-sommes-fin-prets-pour-engager-la-vaccination\" target=\"_blank\" rel=\"noopener noreferrer\">Les r\u00e9v\u00e9lations du Dr Faouzi Mehdi, ministre de la Sant\u00e9: Nous sommes fin pr\u00eats pour engager la vaccination<\/a><\/p>\n<p><a href=\"https:\/\/www.leaders.com.tn\/article\/31029-sante-la-course-au-vaccin-la-tunisie-est-elle-prete\" target=\"_blank\" rel=\"noopener noreferrer\">Sant\u00e9 &#8211; La course au vaccin: La Tunisie est-elle pr\u00eate ?<\/a><\/p>\n<p>\u00a0<\/p>\n<p>Auteur:<br \/>\n<a href=\"https:\/\/www.leaders.com.tn\/article\/31064-pr-hachemi-louzir-directeur-general-de-l-institut-pasteur-de-tunis-nous-sommes-en-contacts-etroits-avec-les-labos-et-le-covax\">Cliquez ici pour lire l&rsquo;article depuis sa source.<\/a><\/p>\n","protected":false},"excerpt":{"rendered":"<p>A la t\u00eate de l\u2019Institut Pasteur de Tunis qui compte plus de 700 personnes, entre chercheurs et techniciens permanents et 200 \u00e9tudiants, le Pr Hachemi Louzir, immunologue de renom, est en premi\u00e8re ligne. D\u00e8s le d\u00e9but, il avait anticip\u00e9 l\u2019ampleur de la pand\u00e9mie, proc\u00e9d\u00e9 aux acquisitions n\u00e9cessaires, lanc\u00e9 les \u00e9quipes de recherche, organis\u00e9 les d\u00e9pistages. [&hellip;]<\/p>\n","protected":false},"author":1772,"featured_media":0,"comment_status":"closed","ping_status":"closed","sticky":false,"template":"","format":"standard","meta":{"fifu_image_url":"\/uploads\/FCK_files\/Hechmi-Louzir-moy.jpg","fifu_image_alt":"Pr Hachemi Louzir, directeur g\u00e9n\u00e9ral de l\u2019Institut Pasteur de Tunis: Nous sommes en contacts \u00e9troits avec les labos et le Covax","footnotes":""},"categories":[73,55],"tags":[],"class_list":["post-106806","post","type-post","status-publish","format-standard","hentry","category-actualite","category-tunisie"],"_links":{"self":[{"href":"https:\/\/linitiative.ca\/International\/wp-json\/wp\/v2\/posts\/106806","targetHints":{"allow":["GET"]}}],"collection":[{"href":"https:\/\/linitiative.ca\/International\/wp-json\/wp\/v2\/posts"}],"about":[{"href":"https:\/\/linitiative.ca\/International\/wp-json\/wp\/v2\/types\/post"}],"author":[{"embeddable":true,"href":"https:\/\/linitiative.ca\/International\/wp-json\/wp\/v2\/users\/1772"}],"replies":[{"embeddable":true,"href":"https:\/\/linitiative.ca\/International\/wp-json\/wp\/v2\/comments?post=106806"}],"version-history":[{"count":0,"href":"https:\/\/linitiative.ca\/International\/wp-json\/wp\/v2\/posts\/106806\/revisions"}],"wp:attachment":[{"href":"https:\/\/linitiative.ca\/International\/wp-json\/wp\/v2\/media?parent=106806"}],"wp:term":[{"taxonomy":"category","embeddable":true,"href":"https:\/\/linitiative.ca\/International\/wp-json\/wp\/v2\/categories?post=106806"},{"taxonomy":"post_tag","embeddable":true,"href":"https:\/\/linitiative.ca\/International\/wp-json\/wp\/v2\/tags?post=106806"}],"curies":[{"name":"wp","href":"https:\/\/api.w.org\/{rel}","templated":true}]}}