{"id":106808,"date":"2020-12-09T05:00:00","date_gmt":"2020-12-09T10:00:00","guid":{"rendered":"https:\/\/linitiative.ca\/International\/la-fiche-technique-devoilee\/"},"modified":"2020-12-09T05:00:00","modified_gmt":"2020-12-09T10:00:00","slug":"la-fiche-technique-devoilee","status":"publish","type":"post","link":"https:\/\/linitiative.ca\/International\/la-fiche-technique-devoilee\/","title":{"rendered":"La fiche technique d\u00e9voil\u00e9e"},"content":{"rendered":"<div class=\"picture\"><img class=\"lazy\" data-original=\"\/data\/images\/article\/thumbs\/d-la-fiche-technique-devoilee-e5b9c.jpg\"\/>\n<\/div>\n<p>L\u2019id\u00e9e de relancer l\u2019activit\u00e9 sportivit\u00e9 en milieu scolaire et universitaire a \u00abrepris vie\u00bb en mai dernier quand les ministres de tutelles, MJS (Jeunesse et Sport), MEN (Education nationale) et MESRS (Enseignement sup\u00e9rieur et Recherche scientifique) se sont r\u00e9unis pour mettre en place une commission intersectorielle charg\u00e9e de r\u00e9fl\u00e9chir sur le meilleur moyen et les modalit\u00e9s de redonner un sens \u00e0 un mod\u00e8le de pratique bannie depuis au moins trois d\u00e9cennies par la gr\u00e2ce des illumin\u00e9s et des vautours de tout bord.<br \/>Six mois apr\u00e8s son installation, cette cellule qui devait remettre ses premi\u00e8res conclusions au plus tard fin juin, pr\u00e9sente une copie sous forme de fiche technique dans laquelle elle explicite les mesures urgentes \u00e0 adopter et les perspectives \u00e0 court et moyen terme de cette relance tant attendue. Un plan de sauvetage, en somme, qui verra les trois minist\u00e8res opter pour un premier p\u00f4le. En fait, comme annonc\u00e9 par notre journal dans une de ses \u00e9ditions du mois de juillet, il sera question d\u2019une op\u00e9ration qui concernera 500 \u00e9coles \u00e0 travers les 48 wilayas du pays. Soit une moyenne de dix \u00e9coles primaires par wilaya l\u00e0 o\u00f9 aussi bien les installations que les moyens humains (techniciens qualifi\u00e9s) sont r\u00e9unis. \u00abCette op\u00e9ration qui comprend l\u2019\u00e9quipement de ces 500 \u00e9coles de kits p\u00e9dagogiques permettra de mettre \u00e0 profit les quelque 6 000 installations sportives de proximit\u00e9 ainsi que l\u2019expertise des techniciens du minist\u00e8re de la Jeunesse et des Sports charg\u00e9s en parall\u00e8le de former leurs bin\u00f4mes enseignants de l\u2019\u00e9ducation nationale\u00bb, note la fiche technique dont le Soir d\u2019Alg\u00e9rie d\u00e9tient une copie. Comme on le constate, le volet sport universitaire n\u2019est pas au menu de cette fiche. Juste des \u00e9coliers du primaire et du secondaire. Les 3 000 \u00e9l\u00e8ves du primaire se retrouveront \u00e0 l\u2019occasion de deux festivals que compte organiser le MJS en collaboration avec le minist\u00e8re de l\u2019Education nationale ainsi que la f\u00e9d\u00e9ration sp\u00e9cialis\u00e9e festival national des \u00e9coles en sports collectifs (filles et gar\u00e7ons) (mini-foot, mini-basket, mini-volley et mini-handball), et le festival pour le sport individuel (athl\u00e9tisme, jeux d\u2019\u00e9checs, tennis de table, judo et natation). Un premier rendez-vous d\u00e9di\u00e9 aux sports collectifs \u00abfilles et gar\u00e7ons\u00bb (mini-foot, mini-basket, mini-volley et mini-handball), puis le festival pour le sport individuel (athl\u00e9tisme, jeux d\u2019\u00e9checs, tennis de table, judo et natation). Pour les \u00e9l\u00e8ves du cycle moyen, les lyc\u00e9ens et les universitaires, rendez-vous est donn\u00e9 lors des jeux sportifs scolaires et universitaires qui impliqueront, outre les 7 000 sportifs du moyen, secondaire et universitaire, les 3 000 \u00e9l\u00e8ves du primaire. Ces joutes devront avoir lieu \u00e0 l\u2019occasion de la F\u00eate de la jeunesse et de l\u2019ind\u00e9pendance, en juillet 2021 donc. Pour la pratique du sport \u00e0 l\u2019universit\u00e9, la fiche technique \u00e9voque \u00abl\u2019introduction du sport dans les campus universitaires au moyen d\u2019un programme d\u2019animation sportive comprenant des tournois et des festivals sportifs intra et inter-campus toutes disciplines confondues\u00bb. Aucun chiffre de salles r\u00e9quisitionn\u00e9es ni d\u2019universitaires concern\u00e9s par cette pratique n\u2019est mentionn\u00e9 dans ce plan national qui semble plut\u00f4t faire la part belle aux \u00e9coliers. Ces derniers devront, en effet, b\u00e9n\u00e9ficier d\u2019un programme \u00e0 court et moyen terme consistant notamment \u00e0 augmenter le volume horaire des s\u00e9ances d\u00e9di\u00e9es au sport \u00e0 l\u2019\u00e9cole. Aussi, il est pr\u00e9vu deux s\u00e9ances d\u20191h30 dans le secondaire et le moyen au lieu d\u2019une s\u00e9ance de 2h hebdomadaire, et 2 s\u00e9ances d\u20191h30 par semaine au lieu d\u2019une s\u00e9ance hebdomadaire de 45 minutes. Deux autres volets sont \u00e9galement inscrits dans ce plan, \u00e0 savoir la relance des classes sport-\u00e9tudes et le renforcement et la g\u00e9n\u00e9ralisation de l\u2019exp\u00e9rience des lyc\u00e9es sportifs connect\u00e9s au lyc\u00e9e national de Draria (wilaya d\u2019Alger) et ses annexes. La commission intersectorielle comptera sur les comp\u00e9tences \u00e0 entretenir des EPS (enseignants p\u00e9dagogique et sportif) \u00e0 qui il faut un renfort qualitatif de quelque 45 000 techniciens form\u00e9s aux STAPS (Sciences et technologies des activit\u00e9s physiques et sportives). Selon les r\u00e9solutions \u00e9nonc\u00e9es par le groupe de travail \u00able financement de la relance du sport scolaire et universitaire sera soutenu par l\u2019augmentation du pr\u00e9l\u00e8vement sur les frais de scolarit\u00e9 et l\u2019accroissement des budgets publics destin\u00e9s aux sports scolaires et universitaires\u00bb. Ainsi r\u00e9fl\u00e9chi, r\u00e9ussir la pratique du sport en milieu scolaire et universitaire, g\u00e9n\u00e9rateur de talents non-structur\u00e9s, peut constituer un pari dont les cons\u00e9quences s\u2019annoncent \u00abtonifiantes\u00bb pour un sport d\u2019\u00e9lite qui perd de sa vitalit\u00e9.<br \/>M. B.<\/p>\n<p>Auteur:<br \/>\n<a href=\"https:\/\/www.lesoirdalgerie.com\/sports\/la-fiche-technique-devoilee-52739\">Cliquez ici pour lire l&rsquo;article depuis sa source.<\/a><\/p>\n","protected":false},"excerpt":{"rendered":"<p>L\u2019id\u00e9e de relancer l\u2019activit\u00e9 sportivit\u00e9 en milieu scolaire et universitaire a \u00abrepris vie\u00bb en mai dernier quand les ministres de tutelles, MJS (Jeunesse et Sport), MEN (Education nationale) et MESRS (Enseignement sup\u00e9rieur et Recherche scientifique) se sont r\u00e9unis pour mettre en place une commission intersectorielle charg\u00e9e de r\u00e9fl\u00e9chir sur le meilleur moyen et les modalit\u00e9s [&hellip;]<\/p>\n","protected":false},"author":1741,"featured_media":0,"comment_status":"closed","ping_status":"closed","sticky":false,"template":"","format":"standard","meta":{"fifu_image_url":"","fifu_image_alt":"","footnotes":""},"categories":[73,53],"tags":[],"class_list":["post-106808","post","type-post","status-publish","format-standard","hentry","category-actualite","category-algerie"],"_links":{"self":[{"href":"https:\/\/linitiative.ca\/International\/wp-json\/wp\/v2\/posts\/106808","targetHints":{"allow":["GET"]}}],"collection":[{"href":"https:\/\/linitiative.ca\/International\/wp-json\/wp\/v2\/posts"}],"about":[{"href":"https:\/\/linitiative.ca\/International\/wp-json\/wp\/v2\/types\/post"}],"author":[{"embeddable":true,"href":"https:\/\/linitiative.ca\/International\/wp-json\/wp\/v2\/users\/1741"}],"replies":[{"embeddable":true,"href":"https:\/\/linitiative.ca\/International\/wp-json\/wp\/v2\/comments?post=106808"}],"version-history":[{"count":0,"href":"https:\/\/linitiative.ca\/International\/wp-json\/wp\/v2\/posts\/106808\/revisions"}],"wp:attachment":[{"href":"https:\/\/linitiative.ca\/International\/wp-json\/wp\/v2\/media?parent=106808"}],"wp:term":[{"taxonomy":"category","embeddable":true,"href":"https:\/\/linitiative.ca\/International\/wp-json\/wp\/v2\/categories?post=106808"},{"taxonomy":"post_tag","embeddable":true,"href":"https:\/\/linitiative.ca\/International\/wp-json\/wp\/v2\/tags?post=106808"}],"curies":[{"name":"wp","href":"https:\/\/api.w.org\/{rel}","templated":true}]}}