{"id":106809,"date":"2020-12-09T05:00:00","date_gmt":"2020-12-09T10:00:00","guid":{"rendered":"https:\/\/linitiative.ca\/International\/schalke-pardonne-a-harit-pas-a-bentaleb\/"},"modified":"2020-12-09T05:00:00","modified_gmt":"2020-12-09T10:00:00","slug":"schalke-pardonne-a-harit-pas-a-bentaleb","status":"publish","type":"post","link":"https:\/\/linitiative.ca\/International\/schalke-pardonne-a-harit-pas-a-bentaleb\/","title":{"rendered":"Schalke pardonne \u00e0 Harit, pas \u00e0 Bentaleb"},"content":{"rendered":"<p>l Deux semaines apr\u00e8s sa suspension par le club, en m\u00eame temps que Nabil Bentaleb, l\u2019international marocain Amine Harit r\u00e9int\u00e8gre les rangs de Schalke 04. L\u2019ancien joueur du FC Nantes doit reprendre l\u2019entra\u00eenement avec l\u2019\u00e9quipe de Manuel Baum aujourd\u2019hui, la direction des Royal Blues lui a pardonn\u00e9 son \u00e9cart disciplinaire \u00e0 la fin du match contre Wolfsburg. Le directeur sportif de l\u2019\u00e9quipe de Gelsenkirchen, Jochen Schneider, estimera que le joueur marocain a compris. \u00abNous avons dit d&#8217;embl\u00e9e que le temps de r\u00e9flexion d&rsquo;Amine est termin\u00e9 et qu\u2019il a tir\u00e9 les bonnes conclusions de son comportement\u00bb, dira-t-il sur le site du club, hier. Pour Nabil Bentaleb, Schalke n\u2019a aucune intention d\u2019abdiquer. L\u2019Alg\u00e9rien doit quitter le club, les ponts \u00e9tant coup\u00e9s et \u00abson cas pas discutable\u00bb. Selon les m\u00e9dias allemands qui l\u2019annoncent de retour en Angleterre, Bentaleb partira en janvier prochain. Il devrait toucher 2,5 millions d\u2019euros qui lui restent comme indemnit\u00e9s avant la fin de son contrat pr\u00e9vu en juin 2021. Pour les excuses des propos \u00abpur racisme\u00bb de Freund, Schalke ne semble se soucier. De quoi intriguer ceux qui doutaient que le \u00abcoup\u00bb de l\u2019ancien milieu de terrain allemand \u00e9tait programm\u00e9.<br \/>M. B.<\/p>\n<p>Auteur:<br \/>\n<a href=\"https:\/\/www.lesoirdalgerie.com\/sports\/schalke-pardonne-a-harit-pas-a-bentaleb-52738\">Cliquez ici pour lire l&rsquo;article depuis sa source.<\/a><\/p>\n","protected":false},"excerpt":{"rendered":"<p>l Deux semaines apr\u00e8s sa suspension par le club, en m\u00eame temps que Nabil Bentaleb, l\u2019international marocain Amine Harit r\u00e9int\u00e8gre les rangs de Schalke 04. L\u2019ancien joueur du FC Nantes doit reprendre l\u2019entra\u00eenement avec l\u2019\u00e9quipe de Manuel Baum aujourd\u2019hui, la direction des Royal Blues lui a pardonn\u00e9 son \u00e9cart disciplinaire \u00e0 la fin du match [&hellip;]<\/p>\n","protected":false},"author":1741,"featured_media":0,"comment_status":"closed","ping_status":"closed","sticky":false,"template":"","format":"standard","meta":{"fifu_image_url":"","fifu_image_alt":"","footnotes":""},"categories":[73,53],"tags":[],"class_list":["post-106809","post","type-post","status-publish","format-standard","hentry","category-actualite","category-algerie"],"_links":{"self":[{"href":"https:\/\/linitiative.ca\/International\/wp-json\/wp\/v2\/posts\/106809","targetHints":{"allow":["GET"]}}],"collection":[{"href":"https:\/\/linitiative.ca\/International\/wp-json\/wp\/v2\/posts"}],"about":[{"href":"https:\/\/linitiative.ca\/International\/wp-json\/wp\/v2\/types\/post"}],"author":[{"embeddable":true,"href":"https:\/\/linitiative.ca\/International\/wp-json\/wp\/v2\/users\/1741"}],"replies":[{"embeddable":true,"href":"https:\/\/linitiative.ca\/International\/wp-json\/wp\/v2\/comments?post=106809"}],"version-history":[{"count":0,"href":"https:\/\/linitiative.ca\/International\/wp-json\/wp\/v2\/posts\/106809\/revisions"}],"wp:attachment":[{"href":"https:\/\/linitiative.ca\/International\/wp-json\/wp\/v2\/media?parent=106809"}],"wp:term":[{"taxonomy":"category","embeddable":true,"href":"https:\/\/linitiative.ca\/International\/wp-json\/wp\/v2\/categories?post=106809"},{"taxonomy":"post_tag","embeddable":true,"href":"https:\/\/linitiative.ca\/International\/wp-json\/wp\/v2\/tags?post=106809"}],"curies":[{"name":"wp","href":"https:\/\/api.w.org\/{rel}","templated":true}]}}