{"id":106825,"date":"2020-12-09T14:18:34","date_gmt":"2020-12-09T19:18:34","guid":{"rendered":"https:\/\/linitiative.ca\/International\/celebration-du-11-decembre\/"},"modified":"2020-12-09T14:18:34","modified_gmt":"2020-12-09T19:18:34","slug":"celebration-du-11-decembre","status":"publish","type":"post","link":"https:\/\/linitiative.ca\/International\/celebration-du-11-decembre\/","title":{"rendered":"CELEBRATION DU 11-DECEMBRE  \u00a0"},"content":{"rendered":"<div class=\"stream-item stream-item-above-post-content\">\n<p><noscript><\/p>\n<p><a href=\"\/\/www3.smartadserver.com\/ac?jump=1&amp;nwid=2136&amp;siteid=240610&amp;pgname=rg&amp;fmtid=49046&amp;visit=m&amp;tmstp=[timestamp]&amp;out=nonrich\" target=\"_blank\" rel=\"noopener noreferrer\"><img decoding=\"async\" src=\"http:\/\/www3.smartadserver.com\/ac?out=nonrich&amp;nwid=2136&amp;siteid=240610&amp;pgname=rg&amp;fmtid=49046&amp;visit=m&amp;tmstp=[timestamp]\" border=\"0\" alt=\"\"\/><\/a><\/p>\n<p><\/noscript><\/div>\n<p class=\"c3\"><em>\u00ab\u00a0Coh\u00e9sion nationale et engagement patriotique pour un d\u00e9veloppement durable du Burkina Faso dans un contexte d\u2019ins\u00e9curit\u00e9 et de Covid-19\u00a0\u00bb. C\u2019est le th\u00e8me retenu, cette ann\u00e9e, pour la comm\u00e9moration du 60<sup>e<\/sup> anniversaire de l\u2019accession de notre pays \u00e0 la souverainet\u00e9 nationale et internationale.\u00a0 Apr\u00e8s que l\u2019Etat a pris la d\u00e9cision, en 2007, d\u2019organiser, de fa\u00e7on tournante, la f\u00eate nationale du 11-D\u00e9cembre, c\u2019est \u00e0 Banfora, chef-lieu de la R\u00e9gion des Cascades, que revient, cette ann\u00e9e, l\u2019honneur et le privil\u00e8ge d\u2019organiser les festivit\u00e9s de l\u2019ind\u00e9pendance. Comme \u00e0 son jour de noces, la demoiselle Banfora s\u2019est par\u00e9e de ses plus beaux atours. L\u2019enjeu est de taille : celui de r\u00e9server un accueil digne de ses h\u00f4tes de marque, au premier rang desquels le Pr\u00e9sident du Faso, Roch March Christian Kabor\u00e9, fra\u00eechement r\u00e9\u00e9lu au sommet de l\u2019Etat.\u00a0\u00a0<\/em> <em>La f\u00eate est bel et bien l\u00e0\u00a0! Peut-on s\u2019exclamer.\u00a0 Car, le doute \u00e9tait permis quant \u00e0 la tenue effective de l\u2019\u00e9v\u00e9nement, apr\u00e8s l\u2019appel \u00e0 son report par des dignes filles et fils de la r\u00e9gion. Ces derniers avaient m\u00eame adress\u00e9 une p\u00e9tition au Pr\u00e9sident du Faso, au Premier ministre et au gouvernement pour le report des festivit\u00e9s. Le m\u00eame appel avait \u00e9t\u00e9 lanc\u00e9 aux ressortissants ou non des Cascades, et un comit\u00e9 de p\u00e9tition avait \u00e9t\u00e9, \u00e0 cet effet, mis en place pour amener ceux qui le souhaitaient, \u00e0 venir signer. Que d\u00e9non\u00e7aient les initiateurs de la p\u00e9tition\u00a0?\u00a0 Un grand retard dans l\u2019ex\u00e9cution des chantiers du 11-D\u00e9cembre, qui pourrait faire, selon eux, le lit de travaux b\u00e2cl\u00e9s. Le contexte s\u00e9curitaire national en g\u00e9n\u00e9ral et celui r\u00e9gional en particulier (attaques \u00e0 Yend\u00e9r\u00e9, Dangbandougou, Ouangolo-Burkina, Sid\u00e9radougou, Ti\u00e9fora) et la crise sanitaire nationale li\u00e9e \u00e0 la Covid-19, avaient \u00e9galement \u00e9t\u00e9 brandis comme arguments pour justifier leur d\u00e9marche.<\/em><\/p>\n<p class=\"c3\"><em>\u00a0<\/em><\/p>\n<p class=\"c4\"><strong><em>Les d\u00e9fis s\u00e9curitaires et sanitaires actuels, cachent mal bien d\u2019autres challenges<\/em><\/strong><\/p>\n<p class=\"c3\"><em>\u00a0<\/em><\/p>\n<p class=\"c3\"><em>Que la f\u00eate soit belle, et le succ\u00e8s au rendez\u00a0!\u00a0 C\u2019est le mal que l\u2019on puisse souhaiter \u00e0 la pr\u00e9sente comm\u00e9moration, \u00e0 pr\u00e9sent que l\u2019on y est enfin\u00a0! Et en termes de succ\u00e8s, celui-ci devrait se manifester au triple plan organisationnel, s\u00e9curitaire et sanitaire.\u00a0 Au plan organisationnel, on peut, d\u2019ores et d\u00e9j\u00e0, se f\u00e9liciter que l\u2019Etat ait tenu le pari de l\u2019effectivit\u00e9 de l\u2019\u00e9dition. En agissant \u00e0 la h\u00e2te pour tenir les d\u00e9lais, sans doute le gouvernement a-t-il pris en consid\u00e9ration les critiques formul\u00e9es par les ressortissants de la Cit\u00e9 du paysan noir, qui n\u2019\u00e9taient certainement pas sans fondements. Mais l\u2019essentiel n\u2019est pas d\u2019y \u00eatre all\u00e9 fissa pour rattraper le temps perdu. \u00a0Quid de la qualit\u00e9 des ouvrages livr\u00e9s ?\u00a0\u00a0 Gageons, en tout cas, que les le\u00e7ons ont \u00e9t\u00e9 tir\u00e9es des erreurs des \u00e9ditions pr\u00e9c\u00e9dentes.\u00a0 Mais si tel n\u2019\u00e9tait pas le cas, cela donnerait, h\u00e9las, raison \u00e0 ceux qui se sont insurg\u00e9s contre la tenue, \u00e0 bonne date, de la pr\u00e9sente \u00e9dition, et offrirait le malheureux sentiment que l\u2019on fait du sur-place.\u00a0\u00a0 C\u2019est dire si l\u2019Etat burkinab\u00e8 devrait mettre un point d\u2019honneur \u00e0 assurer le suivi des r\u00e9alisations.\u00a0<\/em> <em>Aussi, on dira de ces festivit\u00e9s qu\u2019elles ont \u00e9t\u00e9 un succ\u00e8s si le d\u00e9fi s\u00e9curitaire est \u00e9galement relev\u00e9. On croise les doigts pour que tout se passe sans encombre et que la f\u00eate se termine en beaut\u00e9.\u00a0 Au plan sanitaire enfin, le d\u00e9fi de taille \u00e0 relever est de mettre tout en \u0153uvre pour que le lieu des festivit\u00e9s ne soit pas un foyer de propagation de la Covid-19.\u00a0 Vigilance ! D\u2019autant que les chiffres en rapport avec les nouvelles contaminations, sont en nette hausse. Apr\u00e8s ces festivit\u00e9s, le Burkina ne doit pas se retrouver \u00e0 g\u00e9rer une plus grande expansion de la maladie qui annihilerait les efforts consentis jusque-l\u00e0.\u00a0<\/em> <em>Pour le reste, ce 60<sup>e<\/sup> anniversaire donne une fois de plus, l\u2019occasion d\u2019une v\u00e9ritable introspection.\u00a0 Qu\u2019a fait le Burkina Faso, ancienne Haute-Volta, de ses six d\u00e9cennies d\u2019accession \u00e0 la souverainet\u00e9 nationale et internationale ? Force est, en tout cas, de constater que les d\u00e9fis s\u00e9curitaires et sanitaires actuels, cachent mal bien d\u2019autres challenges qui sont loin d\u2019avoir \u00e9t\u00e9 relev\u00e9s, comme ceux du d\u00e9veloppement et de la bonne gouvernance.<\/em><\/p>\n<p class=\"c3\"><em>\u00a0<\/em><\/p>\n<p class=\"c4\"><strong><em>CBS<\/em><\/strong><\/p>\n<p>Auteur: Le Pays<br \/>\n<a href=\"https:\/\/lepays.bf\/celebration-du-11-decembre\/\">Cliquez ici pour lire l&rsquo;article depuis sa source.<\/a><\/p>\n","protected":false},"excerpt":{"rendered":"<p>\u00ab\u00a0Coh\u00e9sion nationale et engagement patriotique pour un d\u00e9veloppement durable du Burkina Faso dans un contexte d\u2019ins\u00e9curit\u00e9 et de Covid-19\u00a0\u00bb. C\u2019est le th\u00e8me retenu, cette ann\u00e9e, pour la comm\u00e9moration du 60e anniversaire de l\u2019accession de notre pays \u00e0 la souverainet\u00e9 nationale et internationale.\u00a0 Apr\u00e8s que l\u2019Etat a pris la d\u00e9cision, en 2007, d\u2019organiser, de fa\u00e7on tournante, [&hellip;]<\/p>\n","protected":false},"author":1813,"featured_media":0,"comment_status":"closed","ping_status":"closed","sticky":false,"template":"","format":"standard","meta":{"fifu_image_url":"http:\/\/www3.smartadserver.com\/ac?out=nonrich&nwid=2136&siteid=240610&pgname=rg&fmtid=49046&visit=m&tmstp=[timestamp]","fifu_image_alt":"CELEBRATION DU 11-DECEMBRE  \u00a0","footnotes":""},"categories":[73,81],"tags":[],"class_list":["post-106825","post","type-post","status-publish","format-standard","hentry","category-actualite","category-burkina-faso"],"_links":{"self":[{"href":"https:\/\/linitiative.ca\/International\/wp-json\/wp\/v2\/posts\/106825","targetHints":{"allow":["GET"]}}],"collection":[{"href":"https:\/\/linitiative.ca\/International\/wp-json\/wp\/v2\/posts"}],"about":[{"href":"https:\/\/linitiative.ca\/International\/wp-json\/wp\/v2\/types\/post"}],"author":[{"embeddable":true,"href":"https:\/\/linitiative.ca\/International\/wp-json\/wp\/v2\/users\/1813"}],"replies":[{"embeddable":true,"href":"https:\/\/linitiative.ca\/International\/wp-json\/wp\/v2\/comments?post=106825"}],"version-history":[{"count":0,"href":"https:\/\/linitiative.ca\/International\/wp-json\/wp\/v2\/posts\/106825\/revisions"}],"wp:attachment":[{"href":"https:\/\/linitiative.ca\/International\/wp-json\/wp\/v2\/media?parent=106825"}],"wp:term":[{"taxonomy":"category","embeddable":true,"href":"https:\/\/linitiative.ca\/International\/wp-json\/wp\/v2\/categories?post=106825"},{"taxonomy":"post_tag","embeddable":true,"href":"https:\/\/linitiative.ca\/International\/wp-json\/wp\/v2\/tags?post=106825"}],"curies":[{"name":"wp","href":"https:\/\/api.w.org\/{rel}","templated":true}]}}