{"id":106826,"date":"2020-12-09T16:35:54","date_gmt":"2020-12-09T21:35:54","guid":{"rendered":"https:\/\/linitiative.ca\/International\/fete-nationale-contre-vents-et-marees\/"},"modified":"2020-12-09T16:35:54","modified_gmt":"2020-12-09T21:35:54","slug":"fete-nationale-contre-vents-et-marees","status":"publish","type":"post","link":"https:\/\/linitiative.ca\/International\/fete-nationale-contre-vents-et-marees\/","title":{"rendered":"F\u00eate nationale, contre vents et mar\u00e9es"},"content":{"rendered":"<div class=\"td-post-featured-image\"><a href=\"https:\/\/www.sidwaya.info\/wp-content\/uploads\/2020\/12\/regard10.jpg\" data-caption=\"\"><img loading=\"lazy\" decoding=\"async\" width=\"401\" height=\"191\" class=\"entry-thumb td-modal-image\" src=\"https:\/\/www.sidwaya.info\/wp-content\/uploads\/2020\/12\/regard10.jpg\" srcset=\"https:\/\/www.sidwaya.info\/wp-content\/uploads\/2020\/12\/regard10.jpg 401w, https:\/\/www.sidwaya.info\/wp-content\/uploads\/2020\/12\/regard10-300x143.jpg 300w, https:\/\/www.sidwaya.info\/wp-content\/uploads\/2020\/12\/regard10-150x71.jpg 150w\" sizes=\"auto, (max-width: 401px) 100vw, 401px\" alt=\"\" title=\"regard10\"\/><\/a><\/div>\n<p>Demain 11-D\u00e9cembre, les Burkinab\u00e8 de tous les horizons et m\u00eame des citoyens fr\u00e8res d\u2019autres pays et des partenaires au d\u00e9veloppement du pays des Hommes int\u00e8gres se retrouveront \u00e0 Banfora dans la cit\u00e9 du Paysan noir, pour c\u00e9l\u00e9brer le 60e anniversaire de notre ind\u00e9pendance. Moment d\u2019introspection et de r\u00e9flexion pour trouver les voies et moyens du d\u00e9veloppement harmonieux, cette c\u00e9l\u00e9bration devait \u00eatre report\u00e9e \u00e0 l\u2019ann\u00e9e prochaine, selon une certaine opinion qui estimait que la r\u00e9gion n\u2019\u00e9tait pas \u00ab pr\u00eate \u00bb pour accueillir les festivit\u00e9s. \u00ab \u2026 rien n\u2019est pr\u00eat \u00e0 Banfora : pour la manifestation, pas un kilom\u00e8tre de nouveau goudron, ni \u00e0 Banfora, ni \u00e0 Sindou, ni \u00e0 Niangoloko \u00bb, pouvait-on lire dans un appel \u00e0 une p\u00e9tition pour ce report.<br \/>Au d\u00e9compte final, les initiateurs de cette p\u00e9tition sont oblig\u00e9s de se d\u00e9dire puisque sur le terrain, Banfora et les Cascades sont pr\u00eats pour accueillir les festivaliers. De la salle polyvalente \u00e0 la place de la Nation en passant par l\u2019axe du d\u00e9fil\u00e9, les logements, le stade r\u00e9gional et plusieurs kilom\u00e8tres de voies bitum\u00e9es, les conditions sont r\u00e9unies pour que la f\u00eate soit belle. On est donc tent\u00e9 de s\u2019interroger sur les motivations r\u00e9elles de ces \u00ab fils et filles \u00bb de la r\u00e9gion, auteurs de l\u2019appel. En effet, si l\u2019on sait que c\u2019est en pleine campagne \u00e9lectorale que le comit\u00e9 de p\u00e9tition compos\u00e9 notamment de M\u00e9l\u00e9gu\u00e9 Maurice Traor\u00e9, Lona Charles Ouattara, Alain Edouard Traor\u00e9, Tol\u00e9 Sagnon et Abdoulaye Soma ont mis en branle leur initiative et \u00e0 seulement 45 jours de la f\u00eate de l\u2019ind\u00e9pendance, leurs raisons sont ailleurs que dans l\u2019organisation r\u00e9ussie des activit\u00e9s entrant dans ce cadre. Leur position aurait \u00e9t\u00e9 mieux comprise si aux temps de la pand\u00e9mie de coronavirus, ils \u00e9taient mont\u00e9s au cr\u00e9neau pour se faire entendre et surtout, comprendre.<br \/>Le gouvernement l\u2019a dit et r\u00e9p\u00e9t\u00e9, le 11-D\u00e9cembre \u00e0 Banfora ne sera pas une f\u00eate \u00e0 minima. Les acteurs des secteurs publics et priv\u00e9s, les entreprises en charge des travaux ont donc mis les bouch\u00e9es doubles et les r\u00e9sultats sont l\u00e0, contre vents et mar\u00e9es. A leurs c\u00f4t\u00e9s, la SONAPOST, la SONABEL, l\u2019ONEA, la LONAB, la CNSS et l\u2019ONATEL, entre autres, ont mis chacun du sien pour achever de part et d\u2019autre, la caserne des sapeurs-pompiers, des \u00e9coles primaires, des centres de sant\u00e9, les cl\u00f4tures de b\u00e2timents administrations, l\u2019\u00e9lectrification des infrastructures, l\u2019\u00e9clairage public et la desserte en eau potable \u2026<br \/>Le hic c\u2019est que les initiateurs de la p\u00e9tition ont contribu\u00e9 \u00e0 d\u00e9mobiliser les forces vives de la r\u00e9gion qui ont abandonn\u00e9 en grande partie, les chantiers de leurs villas, ce qui donne \u00e0 ce pan des activit\u00e9s, un go\u00fbt d\u2019inachev\u00e9 au sens propre comme au configur\u00e9 du terme. C\u2019est dire qu\u2019au lieu de contribuer \u00e0 la r\u00e9ussite des festivit\u00e9s du 11-D\u00e9cembre dans leur r\u00e9gion, ces \u00ab fils et filles \u00bb des Cascades auront eu le m\u00e9rite d\u2019avoir ram\u00e9 \u00e0 contre-courant de la mobilisation collective, surtout dans le volet h\u00e9bergement des festivaliers.<br \/>Il revient aux leaders de la r\u00e9gion du Plateau central de tirer toutes les le\u00e7ons de cette situation, afin de r\u00e9server \u00e0 leurs h\u00f4tes en 2021, \u00ab du jamais vu \u00bb \u00e0 Ziniar\u00e9 comme promis.<\/p>\n<p>Jean-Marie TOE<\/p>\n<div class=\"td-a-rec td-a-rec-id-content_bottom tdi_32_15a td_block_template_1\"><img loading=\"lazy\" decoding=\"async\" class=\"aligncenter size-full wp-image-27454\" src=\"https:\/\/www.sidwaya.info\/wp-content\/uploads\/2020\/10\/PUB-Bandeau-paiement-mobile-siteweb.jpg\" alt=\"\" width=\"728\" height=\"90\"\/><\/div>\n<p>Auteur: BM. Sidwaya<br \/>\n<a href=\"https:\/\/www.sidwaya.info\/blog\/2020\/12\/09\/fete-nationale-contre-vents-et-marees\/\">Cliquez ici pour lire l&rsquo;article depuis sa source.<\/a><\/p>\n","protected":false},"excerpt":{"rendered":"<p>Demain 11-D\u00e9cembre, les Burkinab\u00e8 de tous les horizons et m\u00eame des citoyens fr\u00e8res d\u2019autres pays et des partenaires au d\u00e9veloppement du pays des Hommes int\u00e8gres se retrouveront \u00e0 Banfora dans la cit\u00e9 du Paysan noir, pour c\u00e9l\u00e9brer le 60e anniversaire de notre ind\u00e9pendance. Moment d\u2019introspection et de r\u00e9flexion pour trouver les voies et moyens du [&hellip;]<\/p>\n","protected":false},"author":1816,"featured_media":0,"comment_status":"closed","ping_status":"closed","sticky":false,"template":"","format":"standard","meta":{"fifu_image_url":"https:\/\/www.sidwaya.info\/wp-content\/uploads\/2020\/12\/regard10.jpg","fifu_image_alt":"F\u00eate nationale, contre vents et mar\u00e9es","footnotes":""},"categories":[73,81],"tags":[],"class_list":["post-106826","post","type-post","status-publish","format-standard","hentry","category-actualite","category-burkina-faso"],"_links":{"self":[{"href":"https:\/\/linitiative.ca\/International\/wp-json\/wp\/v2\/posts\/106826","targetHints":{"allow":["GET"]}}],"collection":[{"href":"https:\/\/linitiative.ca\/International\/wp-json\/wp\/v2\/posts"}],"about":[{"href":"https:\/\/linitiative.ca\/International\/wp-json\/wp\/v2\/types\/post"}],"author":[{"embeddable":true,"href":"https:\/\/linitiative.ca\/International\/wp-json\/wp\/v2\/users\/1816"}],"replies":[{"embeddable":true,"href":"https:\/\/linitiative.ca\/International\/wp-json\/wp\/v2\/comments?post=106826"}],"version-history":[{"count":0,"href":"https:\/\/linitiative.ca\/International\/wp-json\/wp\/v2\/posts\/106826\/revisions"}],"wp:attachment":[{"href":"https:\/\/linitiative.ca\/International\/wp-json\/wp\/v2\/media?parent=106826"}],"wp:term":[{"taxonomy":"category","embeddable":true,"href":"https:\/\/linitiative.ca\/International\/wp-json\/wp\/v2\/categories?post=106826"},{"taxonomy":"post_tag","embeddable":true,"href":"https:\/\/linitiative.ca\/International\/wp-json\/wp\/v2\/tags?post=106826"}],"curies":[{"name":"wp","href":"https:\/\/api.w.org\/{rel}","templated":true}]}}