{"id":106827,"date":"2020-12-09T16:46:30","date_gmt":"2020-12-09T21:46:30","guid":{"rendered":"https:\/\/linitiative.ca\/International\/le-president-du-faso-accueilli-avec-les-honneurs-a-banfora\/"},"modified":"2020-12-09T16:46:30","modified_gmt":"2020-12-09T21:46:30","slug":"le-president-du-faso-accueilli-avec-les-honneurs-a-banfora","status":"publish","type":"post","link":"https:\/\/linitiative.ca\/International\/le-president-du-faso-accueilli-avec-les-honneurs-a-banfora\/","title":{"rendered":"Le pr\u00e9sident du Faso accueilli  avec les honneurs \u00e0 Banfora"},"content":{"rendered":"<div class=\"td-post-featured-image\"><a href=\"https:\/\/www.sidwaya.info\/wp-content\/uploads\/2020\/12\/presidentbfr.jpg\" data-caption=\"\"><img loading=\"lazy\" decoding=\"async\" width=\"696\" height=\"464\" class=\"entry-thumb td-modal-image\" src=\"https:\/\/www.sidwaya.info\/wp-content\/uploads\/2020\/12\/presidentbfr-696x464.jpg\" srcset=\"https:\/\/www.sidwaya.info\/wp-content\/uploads\/2020\/12\/presidentbfr-696x464.jpg 696w, https:\/\/www.sidwaya.info\/wp-content\/uploads\/2020\/12\/presidentbfr-300x200.jpg 300w, https:\/\/www.sidwaya.info\/wp-content\/uploads\/2020\/12\/presidentbfr-768x512.jpg 768w, https:\/\/www.sidwaya.info\/wp-content\/uploads\/2020\/12\/presidentbfr-150x100.jpg 150w, https:\/\/www.sidwaya.info\/wp-content\/uploads\/2020\/12\/presidentbfr-630x420.jpg 630w, https:\/\/www.sidwaya.info\/wp-content\/uploads\/2020\/12\/presidentbfr.jpg 787w\" sizes=\"auto, (max-width: 696px) 100vw, 696px\" alt=\"\" title=\"presidentbfr\"\/><\/a><\/div>\n<p><strong>Le pr\u00e9sident du Faso, Roch Marc Christian Kabor\u00e9, est arriv\u00e9, le mercredi 9 d\u00e9cembre 2020 \u00e0 Banfora, dans le cadre de la c\u00e9l\u00e9bration du 60e anniversaire de l\u2019ind\u00e9pendance du Burkina Faso, dans la r\u00e9gion des Cascades. Il a \u00e9t\u00e9 accueilli par une forte d\u00e9l\u00e9gation, conduite par le gouverneur de la r\u00e9gion, Jos\u00e9phine Apiou Kouara.<\/strong><\/p>\n<p>La c\u00e9l\u00e9bration du 60e anniversaire de l\u2019ind\u00e9pendance du Burkina dans la r\u00e9gion des Cascades, demain 11 d\u00e9cembre 2020, se d\u00e9roulera en pr\u00e9sence du pr\u00e9sident du Faso, Roch Marc Christian Kabor\u00e9. Celui-ci et son \u00e9pouse, Sika Kabor\u00e9, sont arriv\u00e9s, hier mercredi 9 d\u00e9cembre 2020 \u00e0 Banfora, aux environs de 13 heures 40 minutes. A l\u2019occasion, une d\u00e9l\u00e9gation conduite par le gouverneur de la r\u00e9gion, Jos\u00e9phine Apiou Kouara, a r\u00e9serv\u00e9 au couple pr\u00e9sidentiel un accueil digne de son rang. En effet, c\u2019est au secteur n\u00b09 de la cit\u00e9 du Paysan noir, au quartier Bounouna, sur l\u2019axe Banfora-Bobo-Dioulasso que le dispositif d\u2019accueil a \u00e9t\u00e9 mis en place au moins une heure avant l\u2019arriv\u00e9e du chef de l\u2019Etat. Ce dispositif est compos\u00e9, entre autres, des membres du gouvernement, des autorit\u00e9s administratives, religieuses et coutumi\u00e8res. Les populations riveraines, des Dozos, des femmes de l\u2019Association de la bonne gouvernance de Banfora et les danseuses de la troupe \u00ab Sineara club \u00bb, mobilis\u00e9s pour la circonstance, ont aussi donn\u00e9 un cachet particulier \u00e0 l\u2019\u00e9v\u00e8nement. Une mobilisation qui n\u2019a pas laiss\u00e9 indiff\u00e9rent le chef de l\u2019Etat. Apr\u00e8s un bain de foule, Roch Marc Christian Kabor\u00e9 a pris cong\u00e9 de ses h\u00f4tes sous leurs ovations. Le cort\u00e8ge pr\u00e9sidentiel, qui a quitt\u00e9 la ville de Sya, a poursuivi son parcours en direction de son pied-\u00e0-terre \u00e0 Banfora. Les 72 heures de s\u00e9jour du pr\u00e9sident du Faso dans les Cascades seront meubl\u00e9es par un agenda fourni en activit\u00e9s. Le Chef de l\u2019Etat adressera, dans la soir\u00e9e du jeudi 10 d\u00e9cembre, un message \u00e0 la Nation avant de pr\u00e9sider le d\u00e9fil\u00e9 civil et militaire demain vendredi 11 d\u00e9cembre.<\/p>\n<p>Abdoulaye BALBONE<\/p>\n<div class=\"td-a-rec td-a-rec-id-content_bottom tdi_32_aa5 td_block_template_1\"><img loading=\"lazy\" decoding=\"async\" class=\"aligncenter size-full wp-image-27454\" src=\"https:\/\/www.sidwaya.info\/wp-content\/uploads\/2020\/10\/PUB-Bandeau-paiement-mobile-siteweb.jpg\" alt=\"\" width=\"728\" height=\"90\"\/><\/div>\n<p>Auteur: BM. Sidwaya<br \/>\n<a href=\"https:\/\/www.sidwaya.info\/blog\/2020\/12\/09\/le-president-du-faso-accueilli-avec-les-honneurs-a-banfora\/\">Cliquez ici pour lire l&rsquo;article depuis sa source.<\/a><\/p>\n","protected":false},"excerpt":{"rendered":"<p>Le pr\u00e9sident du Faso, Roch Marc Christian Kabor\u00e9, est arriv\u00e9, le mercredi 9 d\u00e9cembre 2020 \u00e0 Banfora, dans le cadre de la c\u00e9l\u00e9bration du 60e anniversaire de l\u2019ind\u00e9pendance du Burkina Faso, dans la r\u00e9gion des Cascades. Il a \u00e9t\u00e9 accueilli par une forte d\u00e9l\u00e9gation, conduite par le gouverneur de la r\u00e9gion, Jos\u00e9phine Apiou Kouara. La [&hellip;]<\/p>\n","protected":false},"author":1816,"featured_media":0,"comment_status":"closed","ping_status":"closed","sticky":false,"template":"","format":"standard","meta":{"fifu_image_url":"https:\/\/www.sidwaya.info\/wp-content\/uploads\/2020\/12\/presidentbfr-696x464.jpg","fifu_image_alt":"Le pr\u00e9sident du Faso accueilli  avec les honneurs \u00e0 Banfora","footnotes":""},"categories":[73,81],"tags":[],"class_list":["post-106827","post","type-post","status-publish","format-standard","hentry","category-actualite","category-burkina-faso"],"_links":{"self":[{"href":"https:\/\/linitiative.ca\/International\/wp-json\/wp\/v2\/posts\/106827","targetHints":{"allow":["GET"]}}],"collection":[{"href":"https:\/\/linitiative.ca\/International\/wp-json\/wp\/v2\/posts"}],"about":[{"href":"https:\/\/linitiative.ca\/International\/wp-json\/wp\/v2\/types\/post"}],"author":[{"embeddable":true,"href":"https:\/\/linitiative.ca\/International\/wp-json\/wp\/v2\/users\/1816"}],"replies":[{"embeddable":true,"href":"https:\/\/linitiative.ca\/International\/wp-json\/wp\/v2\/comments?post=106827"}],"version-history":[{"count":0,"href":"https:\/\/linitiative.ca\/International\/wp-json\/wp\/v2\/posts\/106827\/revisions"}],"wp:attachment":[{"href":"https:\/\/linitiative.ca\/International\/wp-json\/wp\/v2\/media?parent=106827"}],"wp:term":[{"taxonomy":"category","embeddable":true,"href":"https:\/\/linitiative.ca\/International\/wp-json\/wp\/v2\/categories?post=106827"},{"taxonomy":"post_tag","embeddable":true,"href":"https:\/\/linitiative.ca\/International\/wp-json\/wp\/v2\/tags?post=106827"}],"curies":[{"name":"wp","href":"https:\/\/api.w.org\/{rel}","templated":true}]}}