{"id":106828,"date":"2020-12-09T16:48:42","date_gmt":"2020-12-09T21:48:42","guid":{"rendered":"https:\/\/linitiative.ca\/International\/declaration-dindependance-de-la-haute-volta-burkina-faso\/"},"modified":"2020-12-09T16:48:42","modified_gmt":"2020-12-09T21:48:42","slug":"declaration-dindependance-de-la-haute-volta-burkina-faso","status":"publish","type":"post","link":"https:\/\/linitiative.ca\/International\/declaration-dindependance-de-la-haute-volta-burkina-faso\/","title":{"rendered":"D\u00e9claration d\u2019ind\u00e9pendance de la Haute-Volta (Burkina Faso)"},"content":{"rendered":"<div class=\"td-post-sharing-top td-post-sharing td-ps-bg td-ps-padding td-ps-bar td-post-sharing-style6\">\n<div class=\"td-post-sharing-visible\"><a class=\"td-social-sharing-button td-social-sharing-button-js td-social-network td-social-facebook\" href=\"https:\/\/www.facebook.com\/sharer.php?u=https%3A%2F%2Fwww.sidwaya.info%2Fblog%2F2020%2F12%2F09%2Fdeclaration-dindependance-de-la-haute-volta-burkina-faso%2F\"\/><\/p>\n<p>Facebook<\/p>\n<p><a class=\"td-social-sharing-button td-social-sharing-button-js td-social-network td-social-twitter\" href=\"https:\/\/twitter.com\/intent\/tweet?text=D%C3%A9claration+d%E2%80%99ind%C3%A9pendance+de+la+Haute-Volta+%28Burkina+Faso%29&amp;url=https%3A%2F%2Fwww.sidwaya.info%2Fblog%2F2020%2F12%2F09%2Fdeclaration-dindependance-de-la-haute-volta-burkina-faso%2F&amp;via=Quotidien+Sidwaya\"\/><\/p>\n<p>Twitter<\/p>\n<p><a class=\"td-social-sharing-button td-social-sharing-button-js td-social-network td-social-pinterest\" href=\"https:\/\/pinterest.com\/pin\/create\/button\/?url=https:\/\/www.sidwaya.info\/blog\/2020\/12\/09\/declaration-dindependance-de-la-haute-volta-burkina-faso\/&amp;media=https:\/\/www.sidwaya.info\/wp-content\/uploads\/2020\/12\/prdmaurice.jpg&amp;description=D%C3%A9claration+d%E2%80%99ind%C3%A9pendance+de+la+Haute-Volta+%28Burkina+Faso%29\"\/><\/p>\n<p>Pinterest<\/p>\n<p><a class=\"td-social-sharing-button td-social-sharing-button-js td-social-network td-social-whatsapp\" href=\"whatsapp:\/\/send?text=D%C3%A9claration+d%E2%80%99ind%C3%A9pendance+de+la+Haute-Volta+%28Burkina+Faso%29%20%0A%0A%20https:\/\/www.sidwaya.info\/blog\/2020\/12\/09\/declaration-dindependance-de-la-haute-volta-burkina-faso\/\"\/><\/p>\n<p>WhatsApp<\/p>\n<p><a class=\"td-social-sharing-button td-social-sharing-button-js td-social-network td-social-linkedin\" href=\"https:\/\/www.linkedin.com\/shareArticle?mini=true&amp;url=https:\/\/www.sidwaya.info\/blog\/2020\/12\/09\/declaration-dindependance-de-la-haute-volta-burkina-faso\/&amp;title=D%C3%A9claration+d%E2%80%99ind%C3%A9pendance+de+la+Haute-Volta+%28Burkina+Faso%29\"\/><\/p>\n<p>Linkedin<\/p>\n<p><a class=\"td-social-sharing-button td-social-sharing-button-js td-social-network td-social-mail\" href=\"mailto:?subject=D%C3%A9claration%20d%E2%80%99ind%C3%A9pendance%20de%20la%20Haute-Volta%20(Burkina%20Faso)&amp;body=https:\/\/www.sidwaya.info\/blog\/2020\/12\/09\/declaration-dindependance-de-la-haute-volta-burkina-faso\/\"\/><\/p>\n<p>Email<\/p>\n<p><a class=\"td-social-sharing-button td-social-sharing-button-js td-social-network td-social-print\" href=\"#\"\/><\/p>\n<p>Print<\/p>\n<p><a class=\"td-social-sharing-button td-social-sharing-button-js td-social-network td-social-tumblr\" href=\"https:\/\/www.tumblr.com\/share\/link?url=https:\/\/www.sidwaya.info\/blog\/2020\/12\/09\/declaration-dindependance-de-la-haute-volta-burkina-faso\/&amp;name=D%C3%A9claration%20d%E2%80%99ind%C3%A9pendance%20de%20la%20Haute-Volta%20(Burkina%20Faso)\"\/><\/p>\n<p>Tumblr<\/p>\n<p><a class=\"td-social-sharing-button td-social-sharing-button-js td-social-network td-social-telegram\" href=\"https:\/\/telegram.me\/share\/url?url=https:\/\/www.sidwaya.info\/blog\/2020\/12\/09\/declaration-dindependance-de-la-haute-volta-burkina-faso\/&amp;text=D%C3%A9claration+d%E2%80%99ind%C3%A9pendance+de+la+Haute-Volta+%28Burkina+Faso%29\"\/><\/p>\n<p>Telegram<\/p>\n<p><a class=\"td-social-sharing-button td-social-sharing-button-js td-social-network td-social-viber\" href=\"viber:\/\/forward?text=D%C3%A9claration+d%E2%80%99ind%C3%A9pendance+de+la+Haute-Volta+%28Burkina+Faso%29%20https:\/\/www.sidwaya.info\/blog\/2020\/12\/09\/declaration-dindependance-de-la-haute-volta-burkina-faso\/\"\/><\/p>\n<p>Viber<\/p>\n<p><a class=\"td-social-sharing-button td-social-sharing-button-js td-social-network td-social-naver\" href=\"https:\/\/share.naver.com\/web\/shareView.nhn?url=https:\/\/www.sidwaya.info\/blog\/2020\/12\/09\/declaration-dindependance-de-la-haute-volta-burkina-faso\/&amp;title=D%C3%A9claration+d%E2%80%99ind%C3%A9pendance+de+la+Haute-Volta+%28Burkina+Faso%29\"\/><\/p>\n<p>Naver<\/p>\n<\/div>\n<\/div>\n<div class=\"td-post-content tagdiv-type\" readability=\"42\">\n<div class=\"td-post-featured-image\"><a href=\"https:\/\/www.sidwaya.info\/wp-content\/uploads\/2020\/12\/prdmaurice.jpg\" data-caption=\"\"><img loading=\"lazy\" decoding=\"async\" width=\"664\" height=\"787\" class=\"entry-thumb td-modal-image\" src=\"https:\/\/www.sidwaya.info\/wp-content\/uploads\/2020\/12\/prdmaurice.jpg\" srcset=\"https:\/\/www.sidwaya.info\/wp-content\/uploads\/2020\/12\/prdmaurice.jpg 664w, https:\/\/www.sidwaya.info\/wp-content\/uploads\/2020\/12\/prdmaurice-253x300.jpg 253w, https:\/\/www.sidwaya.info\/wp-content\/uploads\/2020\/12\/prdmaurice-150x178.jpg 150w, https:\/\/www.sidwaya.info\/wp-content\/uploads\/2020\/12\/prdmaurice-300x356.jpg 300w, https:\/\/www.sidwaya.info\/wp-content\/uploads\/2020\/12\/prdmaurice-354x420.jpg 354w\" sizes=\"auto, (max-width: 664px) 100vw, 664px\" alt=\"\" title=\"prdmaurice\"\/><\/a><\/div>\n<p>\u00ab\u00a0Aujourd\u2019hui, 5 ao\u00fbt 1960, \u00e0 z\u00e9ro heure, au nom du droit naturel de l\u2019homme \u00e0 la libert\u00e9, \u00e0 l\u2019\u00e9galit\u00e9, \u00e0 la fraternit\u00e9, je proclame solennellement l\u2019ind\u00e9pendance de la R\u00e9publique de Haute-Volta. Neuf si\u00e8cles d\u2019histoire ont r\u00e9v\u00e9l\u00e9 au monde la valeur morale de l\u2019homme volta\u00efque. Au nom de cette morale \u00e0 partir de laquelle nous voulons b\u00e2tir notre nation, j\u2019exprime ma profonde reconnaissance \u00e0 tous les artisans de notre ind\u00e9pendance nationale\u00a0\u00bb<\/p>\n<div class=\"td-a-rec td-a-rec-id-content_bottom tdi_32_df1 td_block_template_1\"><img loading=\"lazy\" decoding=\"async\" class=\"aligncenter size-full wp-image-27454\" src=\"https:\/\/www.sidwaya.info\/wp-content\/uploads\/2020\/10\/PUB-Bandeau-paiement-mobile-siteweb.jpg\" alt=\"\" width=\"728\" height=\"90\"\/><\/div>\n<\/div>\n<footer>\n<div class=\"td-post-sharing-bottom\">\n<p><iframe frameborder=\"0\" src=\"https:\/\/www.facebook.com\/plugins\/like.php?href=https:\/\/www.sidwaya.info\/blog\/2020\/12\/09\/declaration-dindependance-de-la-haute-volta-burkina-faso\/&amp;layout=button_count&amp;show_faces=false&amp;width=105&amp;action=like&amp;colorscheme=light&amp;height=21\" class=\"c1\">[embedded content]<\/iframe><\/p>\n<div id=\"td_social_sharing_article_bottom\" class=\"td-post-sharing td-ps-bg td-ps-padding td-post-sharing-style7\">\n<div class=\"td-post-sharing-visible\"><a class=\"td-social-sharing-button td-social-sharing-button-js td-social-network td-social-facebook\" href=\"https:\/\/www.facebook.com\/sharer.php?u=https%3A%2F%2Fwww.sidwaya.info%2Fblog%2F2020%2F12%2F09%2Fdeclaration-dindependance-de-la-haute-volta-burkina-faso%2F\"\/><\/p>\n<p>Facebook<\/p>\n<p><a class=\"td-social-sharing-button td-social-sharing-button-js td-social-network td-social-twitter\" href=\"https:\/\/twitter.com\/intent\/tweet?text=D%C3%A9claration+d%E2%80%99ind%C3%A9pendance+de+la+Haute-Volta+%28Burkina+Faso%29&amp;url=https%3A%2F%2Fwww.sidwaya.info%2Fblog%2F2020%2F12%2F09%2Fdeclaration-dindependance-de-la-haute-volta-burkina-faso%2F&amp;via=Quotidien+Sidwaya\"\/><\/p>\n<p>Twitter<\/p>\n<p><a class=\"td-social-sharing-button td-social-sharing-button-js td-social-network td-social-pinterest\" href=\"https:\/\/pinterest.com\/pin\/create\/button\/?url=https:\/\/www.sidwaya.info\/blog\/2020\/12\/09\/declaration-dindependance-de-la-haute-volta-burkina-faso\/&amp;media=https:\/\/www.sidwaya.info\/wp-content\/uploads\/2020\/12\/prdmaurice.jpg&amp;description=D%C3%A9claration+d%E2%80%99ind%C3%A9pendance+de+la+Haute-Volta+%28Burkina+Faso%29\"\/><\/p>\n<p>Pinterest<\/p>\n<p><a class=\"td-social-sharing-button td-social-sharing-button-js td-social-network td-social-whatsapp\" href=\"whatsapp:\/\/send?text=D%C3%A9claration+d%E2%80%99ind%C3%A9pendance+de+la+Haute-Volta+%28Burkina+Faso%29%20%0A%0A%20https:\/\/www.sidwaya.info\/blog\/2020\/12\/09\/declaration-dindependance-de-la-haute-volta-burkina-faso\/\"\/><\/p>\n<p>WhatsApp<\/p>\n<p><a class=\"td-social-sharing-button td-social-sharing-button-js td-social-network td-social-linkedin\" href=\"https:\/\/www.linkedin.com\/shareArticle?mini=true&amp;url=https:\/\/www.sidwaya.info\/blog\/2020\/12\/09\/declaration-dindependance-de-la-haute-volta-burkina-faso\/&amp;title=D%C3%A9claration+d%E2%80%99ind%C3%A9pendance+de+la+Haute-Volta+%28Burkina+Faso%29\"\/><\/p>\n<p>Linkedin<\/p>\n<p><a class=\"td-social-sharing-button td-social-sharing-button-js td-social-network td-social-mail\" href=\"mailto:?subject=D%C3%A9claration%20d%E2%80%99ind%C3%A9pendance%20de%20la%20Haute-Volta%20(Burkina%20Faso)&amp;body=https:\/\/www.sidwaya.info\/blog\/2020\/12\/09\/declaration-dindependance-de-la-haute-volta-burkina-faso\/\"\/><\/p>\n<p>Email<\/p>\n<p><a class=\"td-social-sharing-button td-social-sharing-button-js td-social-network td-social-print\" href=\"#\"\/><\/p>\n<p>Print<\/p>\n<p><a class=\"td-social-sharing-button td-social-sharing-button-js td-social-network td-social-tumblr\" href=\"https:\/\/www.tumblr.com\/share\/link?url=https:\/\/www.sidwaya.info\/blog\/2020\/12\/09\/declaration-dindependance-de-la-haute-volta-burkina-faso\/&amp;name=D%C3%A9claration%20d%E2%80%99ind%C3%A9pendance%20de%20la%20Haute-Volta%20(Burkina%20Faso)\"\/><\/p>\n<p>Tumblr<\/p>\n<p><a class=\"td-social-sharing-button td-social-sharing-button-js td-social-network td-social-telegram\" href=\"https:\/\/telegram.me\/share\/url?url=https:\/\/www.sidwaya.info\/blog\/2020\/12\/09\/declaration-dindependance-de-la-haute-volta-burkina-faso\/&amp;text=D%C3%A9claration+d%E2%80%99ind%C3%A9pendance+de+la+Haute-Volta+%28Burkina+Faso%29\"\/><\/p>\n<p>Telegram<\/p>\n<p><a class=\"td-social-sharing-button td-social-sharing-button-js td-social-network td-social-viber\" href=\"viber:\/\/forward?text=D%C3%A9claration+d%E2%80%99ind%C3%A9pendance+de+la+Haute-Volta+%28Burkina+Faso%29%20https:\/\/www.sidwaya.info\/blog\/2020\/12\/09\/declaration-dindependance-de-la-haute-volta-burkina-faso\/\"\/><\/p>\n<p>Viber<\/p>\n<p><a class=\"td-social-sharing-button td-social-sharing-button-js td-social-network td-social-naver\" href=\"https:\/\/share.naver.com\/web\/shareView.nhn?url=https:\/\/www.sidwaya.info\/blog\/2020\/12\/09\/declaration-dindependance-de-la-haute-volta-burkina-faso\/&amp;title=D%C3%A9claration+d%E2%80%99ind%C3%A9pendance+de+la+Haute-Volta+%28Burkina+Faso%29\"\/><\/p>\n<p>Naver<\/p>\n<\/div>\n<\/div>\n<\/div>\n<div class=\"td-block-row td-post-next-prev\">\n<div class=\"td-block-span6 td-post-prev-post td-post-next-prev-content\"><span>Article pr\u00e9c\u00e9dent<\/span><a href=\"https:\/\/www.sidwaya.info\/blog\/2020\/12\/09\/le-president-du-faso-accueilli-avec-les-honneurs-a-banfora\/\">Le pr\u00e9sident du Faso accueilli avec les honneurs \u00e0 Banfora<\/a><\/div>\n<div class=\"td-block-span6 td-post-next-post td-post-next-prev-content\"><span>Article suivant<\/span><a href=\"https:\/\/www.sidwaya.info\/blog\/2020\/12\/09\/une-sidwaya-du-10-12-2020\/\">Une sidwaya du 10 12 2020<\/a><\/div>\n<\/div>\n<\/footer>\n<p>Auteur: BM. Sidwaya<br \/>\n<a href=\"https:\/\/www.sidwaya.info\/blog\/2020\/12\/09\/declaration-dindependance-de-la-haute-volta-burkina-faso\/\">Cliquez ici pour lire l&rsquo;article depuis sa source.<\/a><\/p>\n","protected":false},"excerpt":{"rendered":"<p>Facebook Twitter Pinterest WhatsApp Linkedin Email Print Tumblr Telegram Viber Naver \u00ab\u00a0Aujourd\u2019hui, 5 ao\u00fbt 1960, \u00e0 z\u00e9ro heure, au nom du droit naturel de l\u2019homme \u00e0 la libert\u00e9, \u00e0 l\u2019\u00e9galit\u00e9, \u00e0 la fraternit\u00e9, je proclame solennellement l\u2019ind\u00e9pendance de la R\u00e9publique de Haute-Volta. Neuf si\u00e8cles d\u2019histoire ont r\u00e9v\u00e9l\u00e9 au monde la valeur morale de l\u2019homme volta\u00efque. [&hellip;]<\/p>\n","protected":false},"author":1816,"featured_media":0,"comment_status":"closed","ping_status":"closed","sticky":false,"template":"","format":"standard","meta":{"fifu_image_url":"https:\/\/www.sidwaya.info\/wp-content\/uploads\/2020\/12\/prdmaurice.jpg","fifu_image_alt":"D\u00e9claration d\u2019ind\u00e9pendance de la Haute-Volta (Burkina Faso)","footnotes":""},"categories":[73,81],"tags":[],"class_list":["post-106828","post","type-post","status-publish","format-standard","hentry","category-actualite","category-burkina-faso"],"_links":{"self":[{"href":"https:\/\/linitiative.ca\/International\/wp-json\/wp\/v2\/posts\/106828","targetHints":{"allow":["GET"]}}],"collection":[{"href":"https:\/\/linitiative.ca\/International\/wp-json\/wp\/v2\/posts"}],"about":[{"href":"https:\/\/linitiative.ca\/International\/wp-json\/wp\/v2\/types\/post"}],"author":[{"embeddable":true,"href":"https:\/\/linitiative.ca\/International\/wp-json\/wp\/v2\/users\/1816"}],"replies":[{"embeddable":true,"href":"https:\/\/linitiative.ca\/International\/wp-json\/wp\/v2\/comments?post=106828"}],"version-history":[{"count":0,"href":"https:\/\/linitiative.ca\/International\/wp-json\/wp\/v2\/posts\/106828\/revisions"}],"wp:attachment":[{"href":"https:\/\/linitiative.ca\/International\/wp-json\/wp\/v2\/media?parent=106828"}],"wp:term":[{"taxonomy":"category","embeddable":true,"href":"https:\/\/linitiative.ca\/International\/wp-json\/wp\/v2\/categories?post=106828"},{"taxonomy":"post_tag","embeddable":true,"href":"https:\/\/linitiative.ca\/International\/wp-json\/wp\/v2\/tags?post=106828"}],"curies":[{"name":"wp","href":"https:\/\/api.w.org\/{rel}","templated":true}]}}