{"id":106834,"date":"2020-12-09T15:18:02","date_gmt":"2020-12-09T20:18:02","guid":{"rendered":"https:\/\/linitiative.ca\/International\/creation-de-linstitut-de-medecine-nucleaire-dabidjan-dun-cout-de-12-milliard-fcfa\/"},"modified":"2020-12-09T15:18:02","modified_gmt":"2020-12-09T20:18:02","slug":"creation-de-linstitut-de-medecine-nucleaire-dabidjan-dun-cout-de-12-milliard-fcfa","status":"publish","type":"post","link":"https:\/\/linitiative.ca\/International\/creation-de-linstitut-de-medecine-nucleaire-dabidjan-dun-cout-de-12-milliard-fcfa\/","title":{"rendered":"Cr\u00e9ation de l\u2019institut de m\u00e9decine nucl\u00e9aire d\u2019Abidjan d\u2019un co\u00fbt de 1,2 milliard FCFA"},"content":{"rendered":"<div readability=\"32\">\n<p>Publi\u00e9 le 09.12.2020 \u00e0 21h18 par APA News<\/p>\n<\/div>\n<div readability=\"67\">\n<p>Le gouvernement ivoirien a annonc\u00e9 mercredi \u00e0 Abidjan, la cr\u00e9ation de l\u2019institut de m\u00e9decine nucl\u00e9aire d\u2019Abidjan (IMENA), le premier \u00e9tablissement hospitalier national d\u00e9di\u00e9 \u00e0 la m\u00e9decine nucl\u00e9aire d\u2019un co\u00fbt de 1,2 milliard FCFA.L\u2019information a \u00e9t\u00e9 donn\u00e9e par Sidi Ti\u00e9moko Tour\u00e9, le porte-parole du gouvernement ivoirien, par ailleurs, ministre de la Communication et des m\u00e9dias, \u00e0 l\u2019issue d\u2019un Conseil des ministres pr\u00e9sid\u00e9 par le pr\u00e9sident ivoirien Alassane Ouattara. \u00a0<\/p>\n<p>\u00abL\u2019IMENA \u00a0permettra le diagnostic et le traitement de diverses affections telles que le cancer de la thyro\u00efde, le cancer du squelette \u00a0ainsi que le diagnostic de la crise cardiaque et de l\u2019embolie pulmonaire. Il est charg\u00e9 en outre d\u2019assurer l\u2019enseignement universitaire, post universitaire et la formation en m\u00e9decine nucl\u00e9aire et en radio protection \u00bb, a expliqu\u00e9 M. Tour\u00e9 dans une conf\u00e9rence de presse sanctionnant cette r\u00e9union hebdomadaire de l\u2019ex\u00e9cutif ivoirien.\u00a0<\/p>\n<p>Poursuivant, il a indiqu\u00e9 que cet institut a \u00e9galement pour mission de participer \u00e0 la recherche scientifique en collaboration avec des institutions \u00a0nationales et internationales poursuivant des objectifs similaires.\u00a0<\/p>\n<p>Par ailleurs, le porte-voix du gouvernement ivoirien a pr\u00e9cis\u00e9 que des m\u00e9decins, du personnel param\u00e9dical et des bio-techniciens ont \u00e9t\u00e9 form\u00e9s en m\u00e9decine nucl\u00e9aire par l\u2019agence internationale de l\u2019\u00e9nergie atomique et sont pr\u00eats \u00e0 assurer la prise en charge des malades.\u00a0<\/p>\n<p>\u00abLa construction du b\u00e2timent et des annexes de l\u2019IMENA ainsi que l\u2019\u00e9quipement de ses locaux d\u2019un co\u00fbt global de 1,2 milliards FCFA sont quasiment achev\u00e9s gr\u00e2ce au projet de financement bipartite C\u00f4te d\u2019Ivoire-Agence internationale de l\u2019\u00e9nergie atomique\u00bb, a conclu M.Tour\u00e9.\u00a0<\/p>\n<\/div>\n<p>Auteur: APA News<br \/>\n<a href=\"https:\/\/www.journalducameroun.com\/creation-de-linstitut-de-medecine-nucleaire-dabidjan-dun-cout-de-12-milliard-fcfa\/\">Cliquez ici pour lire l&rsquo;article depuis sa source.<\/a><\/p>\n","protected":false},"excerpt":{"rendered":"<p>Publi\u00e9 le 09.12.2020 \u00e0 21h18 par APA News Le gouvernement ivoirien a annonc\u00e9 mercredi \u00e0 Abidjan, la cr\u00e9ation de l\u2019institut de m\u00e9decine nucl\u00e9aire d\u2019Abidjan (IMENA), le premier \u00e9tablissement hospitalier national d\u00e9di\u00e9 \u00e0 la m\u00e9decine nucl\u00e9aire d\u2019un co\u00fbt de 1,2 milliard FCFA.L\u2019information a \u00e9t\u00e9 donn\u00e9e par Sidi Ti\u00e9moko Tour\u00e9, le porte-parole du gouvernement ivoirien, par ailleurs, [&hellip;]<\/p>\n","protected":false},"author":1965,"featured_media":0,"comment_status":"closed","ping_status":"closed","sticky":false,"template":"","format":"standard","meta":{"fifu_image_url":"","fifu_image_alt":"","footnotes":""},"categories":[73,82],"tags":[],"class_list":["post-106834","post","type-post","status-publish","format-standard","hentry","category-actualite","category-cameroun"],"_links":{"self":[{"href":"https:\/\/linitiative.ca\/International\/wp-json\/wp\/v2\/posts\/106834","targetHints":{"allow":["GET"]}}],"collection":[{"href":"https:\/\/linitiative.ca\/International\/wp-json\/wp\/v2\/posts"}],"about":[{"href":"https:\/\/linitiative.ca\/International\/wp-json\/wp\/v2\/types\/post"}],"author":[{"embeddable":true,"href":"https:\/\/linitiative.ca\/International\/wp-json\/wp\/v2\/users\/1965"}],"replies":[{"embeddable":true,"href":"https:\/\/linitiative.ca\/International\/wp-json\/wp\/v2\/comments?post=106834"}],"version-history":[{"count":0,"href":"https:\/\/linitiative.ca\/International\/wp-json\/wp\/v2\/posts\/106834\/revisions"}],"wp:attachment":[{"href":"https:\/\/linitiative.ca\/International\/wp-json\/wp\/v2\/media?parent=106834"}],"wp:term":[{"taxonomy":"category","embeddable":true,"href":"https:\/\/linitiative.ca\/International\/wp-json\/wp\/v2\/categories?post=106834"},{"taxonomy":"post_tag","embeddable":true,"href":"https:\/\/linitiative.ca\/International\/wp-json\/wp\/v2\/tags?post=106834"}],"curies":[{"name":"wp","href":"https:\/\/api.w.org\/{rel}","templated":true}]}}