{"id":106835,"date":"2020-12-09T15:18:03","date_gmt":"2020-12-09T20:18:03","guid":{"rendered":"https:\/\/linitiative.ca\/International\/lopposition-parlementaire-ivoirienne-sindigne-du-soutien-de-macron-a-la-reelection-de-ouattara\/"},"modified":"2020-12-09T15:18:03","modified_gmt":"2020-12-09T20:18:03","slug":"lopposition-parlementaire-ivoirienne-sindigne-du-soutien-de-macron-a-la-reelection-de-ouattara","status":"publish","type":"post","link":"https:\/\/linitiative.ca\/International\/lopposition-parlementaire-ivoirienne-sindigne-du-soutien-de-macron-a-la-reelection-de-ouattara\/","title":{"rendered":"L\u2019opposition parlementaire ivoirienne s\u2019indigne du soutien de Macron \u00e0 la r\u00e9\u00e9lection de Ouattara"},"content":{"rendered":"<div readability=\"32\">\n<p>Publi\u00e9 le 09.12.2020 \u00e0 21h18 par APA News<\/p>\n<\/div>\n<div readability=\"84\">\n<p>Les groupes parlementaires de l\u2019opposition ivoirienne s\u2019indignent de l\u2019acte d\u2019Emmanuel Macron de \u00ab\u00a0soutenir le viol de la Constitution\u00a0\u00bb en saluant la r\u00e9\u00e9lection du pr\u00e9sident Alassane Ouattara, a dit mercredi leur porte-parole, Magloire Kouassi Koffi, face \u00e0 la presse.\u00a0\u00bbLe soutien apport\u00e9 au r\u00e9gime de M. Alassane Ouattara fait donc du pr\u00e9sident de la R\u00e9publique fran\u00e7aise le complice du viol de notre loi fondamentale\u00a0\u00bb, a d\u00e9clar\u00e9 M. Magloire Koffi, au si\u00e8ge du Parti d\u00e9mocratique de C\u00f4te d\u2019Ivoire (Pdci) \u00e0 Cocody, dans l\u2019Est d\u2019Abidjan.\u00a0<\/p>\n<p>Cette d\u00e9claration a \u00e9t\u00e9 faite face \u00e0 la presse apr\u00e8s que les groupes parlementaires de l\u2019opposition ont d\u00e9pos\u00e9 le contenu de leur d\u00e9claration, via un courrier, aupr\u00e8s de l\u2019ambassade de France en C\u00f4te d\u2019Ivoire.\u00a0<\/p>\n<p>\u00ab\u00a0Les groupes parlementaires de l\u2019opposition s\u2019indigent de la d\u00e9cision de Macron de soutenir le viol de la Constitution en C\u00f4te d\u2019Ivoire\u00a0\u00bb qui a eu des cons\u00e9quences d\u00e9sastreuses en termes de pertes en vies humaines et des destructions de biens mat\u00e9riels, \u00a0a-t-il lanc\u00e9. \u00a0<\/p>\n<p>Le d\u00e9put\u00e9 Magloire Koffi a indiqu\u00e9 que les s\u00e9nateurs et les d\u00e9put\u00e9s de l\u2019opposition sont \u00ab\u00a0outr\u00e9s\u00a0\u00bb de constater que par de tels propos, M. Macron se permet d\u2019introduire dans la Constitution ivoirienne une disposition qu\u2019 elle ne contient pas.\u00a0<\/p>\n<p>Cette r\u00e9action de l\u2019opposition parlementaire a lieu apr\u00e8s un entretien de M. Macron au magazine panafricain Jeune Afrique, o\u00f9 le pr\u00e9sident fran\u00e7ais a affirm\u00e9 qu\u2019 il pense que M. Ouattara \u00ab\u00a0s\u2019est pr\u00e9sent\u00e9 par devoir\u00a0\u00bb et que dans l\u2019absolu, il aurait pr\u00e9f\u00e9r\u00e9 un autre, mais il n\u2019y en avait pas.\u00a0<\/p>\n<p>Les s\u00e9nateurs et les d\u00e9put\u00e9s de l\u2019opposition estiment que M. Macron \u00ab\u00a0tente ainsi maladroitement de justifier le coup d\u2019Etat constitutionnel de M. Alassane Ouattara\u00a0\u00bb, a-t-il laiss\u00e9 entendre, martelant qu\u2019il n\u2019existe pas dans la Constitution ivoirienne une \u00ab\u00a0candidature par devoir\u00a0\u00bb.<\/p>\n<p>\u00ab\u00a0Ce parti pris du pr\u00e9sident de la R\u00e9publique fran\u00e7aise sur le cas de la C\u00f4te d\u2019Ivoire est en contradiction avec la position de la France exprim\u00e9e en faveur de la promotion de la d\u00e9mocratie dans le monde\u00a0\u00bb, a-t-il poursuivi.<\/p>\n<p>Les groupes parlementaires de l\u2019opposition, regroupant le Pdci, Vox Populi et Rassemblement, ont appel\u00e9 la France et la communaut\u00e9 internationale \u00e0 \u00ab\u00a0la recherche d\u2019une solution urgente\u00a0\u00bb en vue de la paix en C\u00f4te d\u2019Ivoire.\u00a0<\/p>\n<\/div>\n<p>Auteur: APA News<br \/>\n<a href=\"https:\/\/www.journalducameroun.com\/lopposition-parlementaire-ivoirienne-sindigne-du-soutien-de-macron-a-la-reelection-de-ouattara\/\">Cliquez ici pour lire l&rsquo;article depuis sa source.<\/a><\/p>\n","protected":false},"excerpt":{"rendered":"<p>Publi\u00e9 le 09.12.2020 \u00e0 21h18 par APA News Les groupes parlementaires de l\u2019opposition ivoirienne s\u2019indignent de l\u2019acte d\u2019Emmanuel Macron de \u00ab\u00a0soutenir le viol de la Constitution\u00a0\u00bb en saluant la r\u00e9\u00e9lection du pr\u00e9sident Alassane Ouattara, a dit mercredi leur porte-parole, Magloire Kouassi Koffi, face \u00e0 la presse.\u00a0\u00bbLe soutien apport\u00e9 au r\u00e9gime de M. Alassane Ouattara fait [&hellip;]<\/p>\n","protected":false},"author":1965,"featured_media":0,"comment_status":"closed","ping_status":"closed","sticky":false,"template":"","format":"standard","meta":{"fifu_image_url":"","fifu_image_alt":"","footnotes":""},"categories":[73,82],"tags":[],"class_list":["post-106835","post","type-post","status-publish","format-standard","hentry","category-actualite","category-cameroun"],"_links":{"self":[{"href":"https:\/\/linitiative.ca\/International\/wp-json\/wp\/v2\/posts\/106835","targetHints":{"allow":["GET"]}}],"collection":[{"href":"https:\/\/linitiative.ca\/International\/wp-json\/wp\/v2\/posts"}],"about":[{"href":"https:\/\/linitiative.ca\/International\/wp-json\/wp\/v2\/types\/post"}],"author":[{"embeddable":true,"href":"https:\/\/linitiative.ca\/International\/wp-json\/wp\/v2\/users\/1965"}],"replies":[{"embeddable":true,"href":"https:\/\/linitiative.ca\/International\/wp-json\/wp\/v2\/comments?post=106835"}],"version-history":[{"count":0,"href":"https:\/\/linitiative.ca\/International\/wp-json\/wp\/v2\/posts\/106835\/revisions"}],"wp:attachment":[{"href":"https:\/\/linitiative.ca\/International\/wp-json\/wp\/v2\/media?parent=106835"}],"wp:term":[{"taxonomy":"category","embeddable":true,"href":"https:\/\/linitiative.ca\/International\/wp-json\/wp\/v2\/categories?post=106835"},{"taxonomy":"post_tag","embeddable":true,"href":"https:\/\/linitiative.ca\/International\/wp-json\/wp\/v2\/tags?post=106835"}],"curies":[{"name":"wp","href":"https:\/\/api.w.org\/{rel}","templated":true}]}}