{"id":106841,"date":"2020-12-10T07:22:20","date_gmt":"2020-12-10T12:22:20","guid":{"rendered":"https:\/\/linitiative.ca\/International\/activites-culturelles-la-reprise-est-tributaire-de-la-levee-de-letat-durgence\/"},"modified":"2020-12-10T07:22:20","modified_gmt":"2020-12-10T12:22:20","slug":"activites-culturelles-la-reprise-est-tributaire-de-la-levee-de-letat-durgence","status":"publish","type":"post","link":"https:\/\/linitiative.ca\/International\/activites-culturelles-la-reprise-est-tributaire-de-la-levee-de-letat-durgence\/","title":{"rendered":"Activit\u00e9s culturelles : La reprise est tributaire  de la lev\u00e9e de l\u2019\u00e9tat d\u2019urgence"},"content":{"rendered":"<header readability=\"1.275\">\n<div class=\"entry-post-meta\" readability=\"5.5064935064935\">\n<p>Date\u00a0:<time content=\"2020-12-10T13:22:20+01:00\" class=\"entry-date updated\" datetime=\"2020-12-10T13:22:20+01:00\">d\u00e9cembre 10, 2020<\/time><\/p>\n<div class=\"entry-cat\">dans:<a href=\"https:\/\/aujourdhui.ma\/category\/culture\" rel=\"category tag\">Culture<\/a>, <a href=\"https:\/\/aujourdhui.ma\/category\/une\" rel=\"category tag\">Une<\/a><\/div>\n<p>55Vues<\/p>\n<\/div>\n<\/header>\n<div class=\"entry-content clearfix\" readability=\"65\"><img decoding=\"async\" class=\"post_layout_5_img\" src=\"http:\/\/aujourdhui.ma\/wp-content\/uploads\/2020\/06\/Othman-El-Ferdaous.jpg\" alt=\"Activit&#xE9;s culturelles : La reprise est tributaire de la lev&#xE9;e de l&#x2019;&#xE9;tat d&#x2019;urgence\"\/><\/p>\n<p><span class=\"c5\"><strong>Othman El Ferdaous ne se berce pas d\u2019illusions : la reprise est intimement li\u00e9e \u00e0 la situation \u00e9pid\u00e9miologique au Royaume.<\/strong><\/span><span id=\"more-362609\"\/><\/p>\n<p>En r\u00e9ponse \u00e0 une question orale sur \u00abla reprise des activit\u00e9s culturelles au Maroc\u00bb, pr\u00e9sent\u00e9e par le groupe de la CGEM \u00e0 la Chambre des conseillers, le ministre de la culture, de la jeunesse et des sports souligne \u00e0 ce sujet que \u00able red\u00e9marrage des activit\u00e9s est concern\u00e9 par le plan gouvernemental et la lev\u00e9e progressive de l\u2019\u00e9tat d\u2019urgence. En effet, le ministre a fait savoir que \u00ables r\u00e9percussions de la crise sanitaire dues au coronavirus sur le secteur du tourisme ont impact\u00e9 le domaine culturel\u00bb. Dans le m\u00eame registre, M. Ferdaous n\u2019a pas manqu\u00e9 de souligner que \u00able minist\u00e8re a organis\u00e9 une s\u00e9rie de programmes culturels \u00e0 distance \u00e0 l\u2019\u00e9chelle centrale et r\u00e9gionale, dont les efforts consentis par les Maisons des jeunes et de la culture au niveau territorial\u00bb. R\u00e9pondant \u00e0 une autre question sur \u00able sort des plans sectoriels pour l\u2019officialisation de l\u2019amazigh\u00bb, le responsable a par ailleurs affirm\u00e9 l\u2019importance de la mise en \u0153uvre du caract\u00e8re officiel de l\u2019amazigh.<\/p>\n<p>Selon lui, il est consid\u00e9r\u00e9 comme \u00abun chantier inscrit dans la dur\u00e9e, faisant r\u00e9f\u00e9rence aux diff\u00e9rentes politiques sectorielles adopt\u00e9es par le d\u00e9partement de la culture dans ce sens\u00bb. \u00abCes mesures concernent l\u2019adoption de l\u2019amazigh comme langue d\u2019enseignement \u00e0 l\u2019Institut sup\u00e9rieur de l\u2019information et de la communication et l\u2019enseignement du cin\u00e9ma amazigh \u00e0 l\u2019Institut sup\u00e9rieur des m\u00e9tiers de l\u2019audiovisuel et du cin\u00e9ma, ainsi que les efforts d\u00e9ploy\u00e9s par le p\u00f4le des m\u00e9dias publics inclus dans le cahier des charges\u00bb, dit-il. Dans le m\u00eame contexte, M. Ferdaous a \u00e9voqu\u00e9 le lancement du portail \u00e9lectronique en langue amazighe \u00abMAP Amazigh\u00bb, en partenariat et en coordination avec l\u2019Institut royal de la culture amazighe, ainsi que la modification et l\u2019ach\u00e8vement du d\u00e9cret relatif \u00e0 la cr\u00e9ation du Grand prix national de la presse.<\/p>\n<p>Ceci \u00e0 travers la cr\u00e9ation de nouvelles cat\u00e9gories de prix incluant le prix de la production hassanie et de celle amazighe. Le ministre a rappel\u00e9 en outre que deux nouveaux prix ont \u00e9t\u00e9 cr\u00e9\u00e9s dans le cadre du Prix du Maroc du livre. Il s\u2019agit, selon lui, du prix d\u2019encouragement d\u00e9di\u00e9 \u00e0 la litt\u00e9rature amazighe et du prix d\u2019encouragement en mati\u00e8re d\u2019\u00e9tude de la culture amazighe, sans oublier l\u2019octroi de subventions annuelles pour l\u2019\u00e9dition en langue amazighe et l\u2019appui fourni aux projets artistiques des associations actives dans ce domaine.<\/p>\n<\/div>\n<p>Auteur: Siham Jadraoui<br \/>\n<a href=\"https:\/\/aujourdhui.ma\/culture\/activites-culturelles-la-reprise-est-tributaire-de-la-levee-de-letat-durgence\">Cliquez ici pour lire l&rsquo;article depuis sa source.<\/a><\/p>\n","protected":false},"excerpt":{"rendered":"<p>Date\u00a0:d\u00e9cembre 10, 2020 dans:Culture, Une 55Vues Othman El Ferdaous ne se berce pas d\u2019illusions : la reprise est intimement li\u00e9e \u00e0 la situation \u00e9pid\u00e9miologique au Royaume. En r\u00e9ponse \u00e0 une question orale sur \u00abla reprise des activit\u00e9s culturelles au Maroc\u00bb, pr\u00e9sent\u00e9e par le groupe de la CGEM \u00e0 la Chambre des conseillers, le ministre de [&hellip;]<\/p>\n","protected":false},"author":1759,"featured_media":0,"comment_status":"closed","ping_status":"closed","sticky":false,"template":"","format":"standard","meta":{"fifu_image_url":"http:\/\/aujourdhui.ma\/wp-content\/uploads\/2020\/06\/Othman-El-Ferdaous.jpg","fifu_image_alt":"Activit\u00e9s culturelles : La reprise est tributaire  de la lev\u00e9e de l\u2019\u00e9tat d\u2019urgence","footnotes":""},"categories":[73,54],"tags":[],"class_list":["post-106841","post","type-post","status-publish","format-standard","hentry","category-actualite","category-maroc"],"_links":{"self":[{"href":"https:\/\/linitiative.ca\/International\/wp-json\/wp\/v2\/posts\/106841","targetHints":{"allow":["GET"]}}],"collection":[{"href":"https:\/\/linitiative.ca\/International\/wp-json\/wp\/v2\/posts"}],"about":[{"href":"https:\/\/linitiative.ca\/International\/wp-json\/wp\/v2\/types\/post"}],"author":[{"embeddable":true,"href":"https:\/\/linitiative.ca\/International\/wp-json\/wp\/v2\/users\/1759"}],"replies":[{"embeddable":true,"href":"https:\/\/linitiative.ca\/International\/wp-json\/wp\/v2\/comments?post=106841"}],"version-history":[{"count":0,"href":"https:\/\/linitiative.ca\/International\/wp-json\/wp\/v2\/posts\/106841\/revisions"}],"wp:attachment":[{"href":"https:\/\/linitiative.ca\/International\/wp-json\/wp\/v2\/media?parent=106841"}],"wp:term":[{"taxonomy":"category","embeddable":true,"href":"https:\/\/linitiative.ca\/International\/wp-json\/wp\/v2\/categories?post=106841"},{"taxonomy":"post_tag","embeddable":true,"href":"https:\/\/linitiative.ca\/International\/wp-json\/wp\/v2\/tags?post=106841"}],"curies":[{"name":"wp","href":"https:\/\/api.w.org\/{rel}","templated":true}]}}