{"id":106842,"date":"2020-12-10T08:00:05","date_gmt":"2020-12-10T13:00:05","guid":{"rendered":"https:\/\/linitiative.ca\/International\/violences-faites-aux-femmes-la-societe-civile-se-mobilise-pour-la-campagne-des-16-jours-dactivisme\/"},"modified":"2020-12-10T08:00:05","modified_gmt":"2020-12-10T13:00:05","slug":"violences-faites-aux-femmes-la-societe-civile-se-mobilise-pour-la-campagne-des-16-jours-dactivisme","status":"publish","type":"post","link":"https:\/\/linitiative.ca\/International\/violences-faites-aux-femmes-la-societe-civile-se-mobilise-pour-la-campagne-des-16-jours-dactivisme\/","title":{"rendered":"Violences faites aux femmes  : La soci\u00e9t\u00e9 civile se mobilise pour la campagne des 16 jours d\u2019activisme"},"content":{"rendered":"<p><img decoding=\"async\" class=\"post_layout_5_img\" src=\"http:\/\/aujourdhui.ma\/wp-content\/uploads\/2020\/11\/Violences-faites-aux-femmes.jpg\" alt=\"Violences faites aux femmes : La soci&#xE9;t&#xE9; civile se mobilise pour la campagne des 16 jours d&#x2019;activisme\"\/><\/p>\n<p><span class=\"c5\"><strong>Les violences faites aux femmes ont pris une dimension dangereuse avec la crise actuelle.<\/strong><\/span><span id=\"more-362596\"\/><\/p>\n<p>Exacerb\u00e9s par l\u2019impact de la Covid-19, ces actes sont souvent motiv\u00e9s par l\u2019ins\u00e9curit\u00e9 \u00e9conomique et la pression de l\u2019isolement social. Avec ce contexte de la pand\u00e9mie, les femmes et les filles sont victimes d\u2019abus qui s\u2019exercent aussi dans le milieu familial. C\u2019est dans ce sens que Policy center for the New South a organis\u00e9 le 8 d\u00e9cembre 2020 une rencontre \u00e0 distance r\u00e9unissant experts et acteurs de la soci\u00e9t\u00e9 civile en parall\u00e8le avec la campagne internationale des seize jours d\u2019activisme contre la violence bas\u00e9e sur le genre (qui se d\u00e9roule du 25 novembre au 10 d\u00e9cembre).<\/p>\n<p><span class=\"c6\"><strong>Sensibiliser les plus concern\u00e9s et renforcer le dispositif de protection<\/strong><\/span><\/p>\n<p>\u00abBeaucoup de femmes et de filles ne sont pas conscientes des violences faites \u00e0 leur encontre. Et donc dans le cadre de Global Shapers, on les met dans des situations de jeu de r\u00f4le pour les sensibiliser \u00e0 ces questions\u00bb, rel\u00e8ve Amina Achour, membre de Global Shapers, mettant l\u2019accent sur les diff\u00e9rents aspects de ces abus qui se manifestent sur les plans psychologique, \u00e9conomique et social. Intervenant lors de ce webinaire, Abdelatif Mounir, directeur ex\u00e9cutif au sein du Conseil national des droits de l\u2019Homme, a rappel\u00e9 que les comportements violents subis par les femmes sont des violations des droits de l\u2019Homme citant les diff\u00e9rents trait\u00e9s internationaux d\u00e9finissant ce fl\u00e9au qu\u2019il qualifie de \u00abstructurel\u00bb.<br \/>Partant de l\u00e0, la lutte contre les violences faites aux femmes doit \u00eatre renforc\u00e9e sur le plan l\u00e9gislatif et au niveau national, beaucoup d\u2019efforts ont \u00e9t\u00e9 faits \u00e0 ce niveau, notamment sur les plans juridique et institutionnel. L\u2019expert \u00e9voque entre autres les structures cr\u00e9\u00e9es en faveur des droits des femmes et les dispositions de la Constitution qui consacrent cette question.<\/p>\n<p><strong><span class=\"c6\">Une priorit\u00e9 politique<\/span><\/strong><\/p>\n<p>De son c\u00f4t\u00e9, Nezha Chekrouni, ex-ministre d\u00e9l\u00e9gu\u00e9e aupr\u00e8s du ministre de l\u2019emploi, de la formation professionnelle, du d\u00e9veloppement social et de la solidarit\u00e9, charg\u00e9e de la condition f\u00e9minine, de la protection de la famille et de l\u2019enfance, a soulign\u00e9 le fait que l\u2019approche genre prend tout son sens dans ce contexte particulier de la Covid-19. Elle a expliqu\u00e9 que la confrontation homme-femme prend ses racines dans une construction sociale et culturelle qui nourrit l\u2019in\u00e9galit\u00e9 entre les hommes et les femmes dans la soci\u00e9t\u00e9 marocaine. A cela s\u2019ajoutent de nouveaux aspects des violences faites aux femmes qui sont apparus avec les r\u00e9seaux sociaux et le d\u00e9veloppement d\u2019Internet. Par cons\u00e9quent, la cyberviolence contre les femmes est de plus en plus r\u00e9pandue. \u00abLes plateformes num\u00e9riques sont devenues un espace qui contient des violences d\u2019un autre type et il est important d\u2019en comprendre les diff\u00e9rentes facettes\u00bb. Par ailleurs, elle a indiqu\u00e9 que globalement les violences contre les femmes sont un v\u00e9ritable obstacle contre le d\u00e9veloppement durable et la paix au sein d\u2019une soci\u00e9t\u00e9 expliquant qu\u2019il est temps d\u2019int\u00e9grer cette question centrale au c\u0153ur de l\u2019agenda politique et lui accorder la priorit\u00e9 qu\u2019elle m\u00e9rite.<\/p>\n<p>Pour Nezha Chekrouni, toute la soci\u00e9t\u00e9 doit \u00eatre mobilis\u00e9e pour contrer ce fl\u00e9au parce que les r\u00e9percussions de ces abus touchent la soci\u00e9t\u00e9 dans son ensemble, nuisent au projet de soci\u00e9t\u00e9 que nous voulons et entravent la r\u00e9alisation des objectifs de d\u00e9veloppement durable (ODD). \u00abLa pand\u00e9mie de Covid-19 a fait r\u00e9aliser au monde entier que la soci\u00e9t\u00e9 de demain ne va pas ressembler \u00e0 la soci\u00e9t\u00e9 d\u2019avant et donc nous sommes devant une opportunit\u00e9 unique \u00e0 saisir pour avancer\u00bb, rel\u00e8ve l\u2019ex-ministre. Pour rappel, bien avant que le monde ne soit frapp\u00e9 par cette pand\u00e9mie, la violence contre les femmes et les filles avait atteint des niveaux \u00e9lev\u00e9s.<\/p>\n<p>Dans le monde, 243 millions de femmes et de filles ont \u00e9t\u00e9 maltrait\u00e9es par leur partenaire au cours de l\u2019ann\u00e9e \u00e9coul\u00e9e. Moins de 40% des femmes victimes de violence le signalent ou demandent de l\u2019aide. Alors que les pays mettent en \u0153uvre des mesures pour freiner la propagation du coronavirus, la violence \u00e0 l\u2019\u00e9gard des femmes, en particulier la violence domestique, s\u2019est intensifi\u00e9e \u2013 dans certains pays, les appels aux lignes d\u2019assistance ont \u00e9t\u00e9 multipli\u00e9s par cinq. Dans certaines situations, les survivants ont du mal \u00e0 demander de l\u2019aide et \u00e0 obtenir un soutien.<\/p>\n<div class=\"base-box mom_box_sc_custom mom_box_sc clear c7\" readability=\"24\">\n<p><span class=\"c6\"><strong>8 personnalit\u00e9s racontent en vid\u00e9os des histoires de violences poignantes<\/strong><\/span><\/p>\n<p><a href=\"https:http:\/\/aujourdhui.ma\/wp-content\/uploads\/2020\/12\/8-personnalites-racontent-en-videos-des-histoires-de-violences-poignantes.jpg\"><img decoding=\"async\" loading=\"lazy\" class=\"alignnone size-full wp-image-362597\" src=\"http:\/\/aujourdhui.ma\/wp-content\/uploads\/2020\/12\/8-personnalites-racontent-en-videos-des-histoires-de-violences-poignantes.jpg\" alt=\"\" width=\"746\" height=\"380\" srcset=\"http:\/\/aujourdhui.ma\/wp-content\/uploads\/2020\/12\/8-personnalites-racontent-en-videos-des-histoires-de-violences-poignantes.jpg 746w, \/\/aujourdhui.ma\/wp-content\/uploads\/2020\/12\/8-personnalites-racontent-en-videos-des-histoires-de-violences-poignantes-300x153.jpg 300w, \/\/aujourdhui.ma\/wp-content\/uploads\/2020\/12\/8-personnalites-racontent-en-videos-des-histoires-de-violences-poignantes-274x140.jpg 274w, \/\/aujourdhui.ma\/wp-content\/uploads\/2020\/12\/8-personnalites-racontent-en-videos-des-histoires-de-violences-poignantes-165x84.jpg 165w, \/\/aujourdhui.ma\/wp-content\/uploads\/2020\/12\/8-personnalites-racontent-en-videos-des-histoires-de-violences-poignantes-702x358.jpg 702w\" sizes=\"auto, (max-width: 746px) 100vw, 746px\"\/><\/a><\/p>\n<p>Huit personnalit\u00e9s marocaines du cin\u00e9ma, de la t\u00e9l\u00e9vision, de la radio et du Web participent \u00e0 la campagne mondiale de lutte contre la violence faite aux filles et aux femmes qui court jusqu\u2019au 10 d\u00e9cembre corrobor\u00e9e par une s\u00e9rie de vid\u00e9os de sensibilisation. Des histoires poignantes racont\u00e9es dans ces vid\u00e9os sur les violences physiques, psychiques, sexuelles et \u00e9conomiques de plusieurs r\u00e9gions du Maroc, Fatima Tihihit a tenu \u00e0 raconter son histoire personnelle. Ces vid\u00e9os diffus\u00e9es sur les r\u00e9seaux sociaux sont le r\u00e9sultat de la collaboration entre l\u2019Union europ\u00e9enne au Maroc, ONU Femmes et le Comit\u00e9 diversit\u00e9 et parit\u00e9 de 2M en partenariat avec les ambassades de l\u2019UE au Maroc et Hit Radio. \u00abL\u2019UE et le Maroc sont engag\u00e9s ensemble dans la lutte contre la violence faite aux femmes \u00e0 travers de nombreux appuis en cours avec le programme Moussawat mais aussi dans les appuis \u00e0 l\u2019\u00e9ducation, \u00e0 la sant\u00e9, \u00e0 la protection sociale, \u00e0 la justice et \u00e0 la soci\u00e9t\u00e9 civile\u00bb, expliquent les initiateurs de ce projet. Notons que la derni\u00e8re enqu\u00eate de pr\u00e9valence de la violence \u00e0 l\u2019encontre des filles et des femmes men\u00e9e au Maroc en 2019 (Haut-Commissariat au Plan) fait savoir que 57% de femmes \u00e2g\u00e9es de 15 \u00e0 74 ans ont subi au moins un acte de violence, dont 46,1% dans le contexte conjugal. Moins de 10% ont port\u00e9 plainte et plus de 58% des femmes et 57% des hommes affirment ne pas \u00eatre au courant de l\u2019existence de la loi contre les violences faites aux femmes (loi 103-13 adopt\u00e9e en 2018).<\/p>\n<\/div>\n<p>Auteur: Ouchagour Leila<br \/>\n<a href=\"https:\/\/aujourdhui.ma\/societe\/violences-faites-aux-femmes-la-societe-civile-se-mobilise-pour-la-campagne-des-16-jours-dactivisme\">Cliquez ici pour lire l&rsquo;article depuis sa source.<\/a><\/p>\n","protected":false},"excerpt":{"rendered":"<p>Les violences faites aux femmes ont pris une dimension dangereuse avec la crise actuelle. Exacerb\u00e9s par l\u2019impact de la Covid-19, ces actes sont souvent motiv\u00e9s par l\u2019ins\u00e9curit\u00e9 \u00e9conomique et la pression de l\u2019isolement social. Avec ce contexte de la pand\u00e9mie, les femmes et les filles sont victimes d\u2019abus qui s\u2019exercent aussi dans le milieu familial. [&hellip;]<\/p>\n","protected":false},"author":1759,"featured_media":0,"comment_status":"closed","ping_status":"closed","sticky":false,"template":"","format":"standard","meta":{"fifu_image_url":"http:\/\/aujourdhui.ma\/wp-content\/uploads\/2020\/11\/Violences-faites-aux-femmes.jpg","fifu_image_alt":"Violences faites aux femmes  : La soci\u00e9t\u00e9 civile se mobilise pour la campagne des 16 jours d\u2019activisme","footnotes":""},"categories":[73,54],"tags":[],"class_list":["post-106842","post","type-post","status-publish","format-standard","hentry","category-actualite","category-maroc"],"_links":{"self":[{"href":"https:\/\/linitiative.ca\/International\/wp-json\/wp\/v2\/posts\/106842","targetHints":{"allow":["GET"]}}],"collection":[{"href":"https:\/\/linitiative.ca\/International\/wp-json\/wp\/v2\/posts"}],"about":[{"href":"https:\/\/linitiative.ca\/International\/wp-json\/wp\/v2\/types\/post"}],"author":[{"embeddable":true,"href":"https:\/\/linitiative.ca\/International\/wp-json\/wp\/v2\/users\/1759"}],"replies":[{"embeddable":true,"href":"https:\/\/linitiative.ca\/International\/wp-json\/wp\/v2\/comments?post=106842"}],"version-history":[{"count":0,"href":"https:\/\/linitiative.ca\/International\/wp-json\/wp\/v2\/posts\/106842\/revisions"}],"wp:attachment":[{"href":"https:\/\/linitiative.ca\/International\/wp-json\/wp\/v2\/media?parent=106842"}],"wp:term":[{"taxonomy":"category","embeddable":true,"href":"https:\/\/linitiative.ca\/International\/wp-json\/wp\/v2\/categories?post=106842"},{"taxonomy":"post_tag","embeddable":true,"href":"https:\/\/linitiative.ca\/International\/wp-json\/wp\/v2\/tags?post=106842"}],"curies":[{"name":"wp","href":"https:\/\/api.w.org\/{rel}","templated":true}]}}