{"id":106843,"date":"2020-12-10T09:07:07","date_gmt":"2020-12-10T14:07:07","guid":{"rendered":"https:\/\/linitiative.ca\/International\/elle-accueillera-960-stagiaires-cest-parti-pour-la-cite-des-metiers-et-des-competences-de-dakhla\/"},"modified":"2020-12-10T09:07:07","modified_gmt":"2020-12-10T14:07:07","slug":"elle-accueillera-960-stagiaires-cest-parti-pour-la-cite-des-metiers-et-des-competences-de-dakhla","status":"publish","type":"post","link":"https:\/\/linitiative.ca\/International\/elle-accueillera-960-stagiaires-cest-parti-pour-la-cite-des-metiers-et-des-competences-de-dakhla\/","title":{"rendered":"Elle accueillera 960 stagiaires : C\u2019est parti pour la Cit\u00e9 des m\u00e9tiers  et des comp\u00e9tences de Dakhla"},"content":{"rendered":"<p><img decoding=\"async\" class=\"post_layout_5_img\" src=\"http:\/\/aujourdhui.ma\/wp-content\/uploads\/2020\/08\/OFPPT-formation-professionnelle.jpg\" alt=\"Elle accueillera 960 stagiaires : C&#x2019;est parti pour la Cit&#xE9; des m&#xE9;tiers et des comp&#xE9;tences de Dakhla\"\/><\/p>\n<p><span class=\"c5\"><strong>L\u2019Office de la formation professionnelle et de la promotion du travail (OFPPT) lance le projet de construction de la Cit\u00e9 des m\u00e9tiers et des comp\u00e9tences (CMC) de la r\u00e9gion de Dakhla-Oued Eddahab pour un budget total de 65 millions DH.<\/strong><\/span><\/p>\n<p><span id=\"more-362600\"\/><br \/>La Cit\u00e9 sera \u00e9difi\u00e9e sur un terrain d\u2019une superficie de 7,4 hectares environ, et elle est le neuvi\u00e8me projet qui sera r\u00e9alis\u00e9 dans le cadre de la mise en oeuvre de la nouvelle feuille de route pour le d\u00e9veloppement du secteur de la formation professionnelle et qui pr\u00e9voit la r\u00e9alisation d\u2019un programme de 12 CMC \u00e0 travers le Royaume.<br \/>Cette derni\u00e8re vise l\u2019inauguration d\u2019une nouvelle g\u00e9n\u00e9ration d\u2019\u00e9tablissements pens\u00e9e comme des plateformes de formation multisectorielles, r\u00e9unissant l\u2019ensemble des conditions n\u00e9cessaires \u00e0 une formation professionnelle de qualit\u00e9 capable de r\u00e9pondre efficacement aux besoins sp\u00e9cifiques en comp\u00e9tences n\u00e9cessaires \u00e0 l\u2019accompagnement des ambitions de d\u00e9veloppement des cha\u00eenes de valeur et des \u00e9cosyst\u00e8mes \u00e9conomiques r\u00e9gionaux tout en respectant les sp\u00e9cificit\u00e9s et en valorisant le potentiel de chaque r\u00e9gion.<\/p>\n<p>Ainsi l\u2019offre de formation de la CMC de Dakhla a \u00e9t\u00e9 d\u00e9finie autour de plusieurs secteurs prioritaires pour la r\u00e9gion, \u00e0 savoir le digital, l\u2019agriculture et agro-industrie, la gestion et commerce, et la p\u00eache. Celle-ci accueillera 960 stagiaires et administrera la formation \u00e0 travers des groupes de 20 personnes. En effet, la nouvelle offre de formation qui sera dispens\u00e9e \u00e0 travers la CMC de Dakhla vise le renforcement des comp\u00e9tences m\u00e9tiers, linguistiques, et soft skills des apprenants.<\/p>\n<p>Pour ce faire, les infrastructures de la Cit\u00e9 seront con\u00e7ues de mani\u00e8re \u00e0 favoriser la convergence de ces objectifs en permettant d\u2019allier l\u2019apprentissage du m\u00e9tier au d\u00e9veloppement du savoir \u00eatre et soft skills des stagiaires, et sera constitu\u00e9e d\u2019espaces communs et de p\u00f4les sectoriels sp\u00e9cifiques aux m\u00e9tiers vis\u00e9s. Dans ce sens, la CMC de Dakhla abritera des structures communes offrant une diversit\u00e9 de prestations transverses au service de la formation, trois p\u00f4les sectoriels, et un espace de vie compos\u00e9 entre autres de la Maison des stagiaires et des espaces sportifs.<\/p>\n<p>La future CMC s\u2019inscrira dans un esprit \u00abnouvelle g\u00e9n\u00e9ration\u00bb et sera une vitrine du nouveau standard des \u00e9tablissements de formation professionnelle \u00e0 travers une identit\u00e9 visuelle remarquable, une conception rapprochant les espaces de formation de la r\u00e9alit\u00e9 de l\u2019entreprise, des infrastructures catalysant l\u2019acte d\u2019apprentissage et stimulant un cadre de vie favorisant la cr\u00e9ativit\u00e9, l\u2019ouverture et la lib\u00e9ration des \u00e9nergies des utilisateurs, des espaces \u00e9volutifs autant que possible capables de s\u2019adapter \u00e0 l\u2019\u00e9volution des besoins en formation, ainsi que des b\u00e2timents con\u00e7us en symbiose avec leur environnement avec des objectifs d\u2019efficacit\u00e9 \u00e9nerg\u00e9tique, de gestion des d\u00e9chets et eaux us\u00e9es.<\/p>\n<p>Auteur: Mohamed Laabid<br \/>\n<a href=\"https:\/\/aujourdhui.ma\/societe\/elle-accueillera-960-stagiaires-cest-parti-pour-la-cite-des-metiers-et-des-competences-de-dakhla\">Cliquez ici pour lire l&rsquo;article depuis sa source.<\/a><\/p>\n","protected":false},"excerpt":{"rendered":"<p>L\u2019Office de la formation professionnelle et de la promotion du travail (OFPPT) lance le projet de construction de la Cit\u00e9 des m\u00e9tiers et des comp\u00e9tences (CMC) de la r\u00e9gion de Dakhla-Oued Eddahab pour un budget total de 65 millions DH. La Cit\u00e9 sera \u00e9difi\u00e9e sur un terrain d\u2019une superficie de 7,4 hectares environ, et elle [&hellip;]<\/p>\n","protected":false},"author":1759,"featured_media":0,"comment_status":"closed","ping_status":"closed","sticky":false,"template":"","format":"standard","meta":{"fifu_image_url":"http:\/\/aujourdhui.ma\/wp-content\/uploads\/2020\/08\/OFPPT-formation-professionnelle.jpg","fifu_image_alt":"Elle accueillera 960 stagiaires : C\u2019est parti pour la Cit\u00e9 des m\u00e9tiers  et des comp\u00e9tences de Dakhla","footnotes":""},"categories":[73,54],"tags":[],"class_list":["post-106843","post","type-post","status-publish","format-standard","hentry","category-actualite","category-maroc"],"_links":{"self":[{"href":"https:\/\/linitiative.ca\/International\/wp-json\/wp\/v2\/posts\/106843","targetHints":{"allow":["GET"]}}],"collection":[{"href":"https:\/\/linitiative.ca\/International\/wp-json\/wp\/v2\/posts"}],"about":[{"href":"https:\/\/linitiative.ca\/International\/wp-json\/wp\/v2\/types\/post"}],"author":[{"embeddable":true,"href":"https:\/\/linitiative.ca\/International\/wp-json\/wp\/v2\/users\/1759"}],"replies":[{"embeddable":true,"href":"https:\/\/linitiative.ca\/International\/wp-json\/wp\/v2\/comments?post=106843"}],"version-history":[{"count":0,"href":"https:\/\/linitiative.ca\/International\/wp-json\/wp\/v2\/posts\/106843\/revisions"}],"wp:attachment":[{"href":"https:\/\/linitiative.ca\/International\/wp-json\/wp\/v2\/media?parent=106843"}],"wp:term":[{"taxonomy":"category","embeddable":true,"href":"https:\/\/linitiative.ca\/International\/wp-json\/wp\/v2\/categories?post=106843"},{"taxonomy":"post_tag","embeddable":true,"href":"https:\/\/linitiative.ca\/International\/wp-json\/wp\/v2\/tags?post=106843"}],"curies":[{"name":"wp","href":"https:\/\/api.w.org\/{rel}","templated":true}]}}